{"id":1142,"date":"2026-02-03T12:19:37","date_gmt":"2026-02-03T12:19:37","guid":{"rendered":"https:\/\/omnitrust.lu\/reforme-des-sarl-au-luxembourg-le-capital-social-pourra-etre-libere-apres-la-creation\/"},"modified":"2026-03-18T15:39:15","modified_gmt":"2026-03-18T15:39:15","slug":"sarl-reform-luxembourg-share-capital","status":"publish","type":"post","link":"https:\/\/www.omnitrust.lu\/en\/blog\/reforme-des-sarl-au-luxembourg-le-capital-social-pourra-etre-libere-apres-la-creation\/","title":{"rendered":"R\u00e9forme des SARL au Luxembourg : le capital social pourra \u00eatre lib\u00e9r\u00e9 apr\u00e8s la cr\u00e9ation."},"content":{"rendered":"<p><span style=\"font-size:11pt\"><span style=\"font-family:Spectral,serif\"><span style=\"color:#000000\"><strong>Vous envisagez de cr\u00e9er une SARL au Luxembourg ?<\/strong><\/span><\/span><\/span><span style=\"font-size:11pt\"><span style=\"font-family:Spectral,serif\"><span style=\"color:#000000\"> Une r\u00e9forme majeure du droit des soci\u00e9t\u00e9s va bient\u00f4t simplifier consid\u00e9rablement votre parcours entrepreneurial. \u00c0 partir de 2026, le capital social minimum de 12.000 euros ne devra plus \u00eatre int\u00e9gralement vers\u00e9 avant la constitution de votre soci\u00e9t\u00e9. Cette \u00e9volution l\u00e9gislative r\u00e9pond \u00e0 une demande de longue date des entrepreneurs et aligne le Luxembourg sur les meilleures pratiques europ\u00e9ennes.<\/span><\/span><\/span><\/p>\n<p><span style=\"font-size:11pt\"><span style=\"font-family:Spectral,serif\"><span style=\"color:#000000\"><strong>Chez Omnitrust, sp\u00e9cialiste de la cr\u00e9ation et de la gestion d&rsquo;entreprises au Luxembourg<\/strong><\/span><\/span><\/span><span style=\"font-size:11pt\"><span style=\"font-family:Spectral,serif\"><span style=\"color:#000000\">, nous accompagnons quotidiennement des PME, start-ups et entrepreneurs internationaux dans leurs d\u00e9marches de constitution de soci\u00e9t\u00e9s. Cette r\u00e9forme repr\u00e9sente une opportunit\u00e9 majeure pour acc\u00e9l\u00e9rer votre projet entrepreneurial tout en optimisant votre tr\u00e9sorerie initiale. D\u00e9cryptage complet.<\/span><\/span><\/span><\/p>\n<h2><span style=\"font-size:17pt\"><span style=\"font-family:Spectral,serif\"><span style=\"color:#000000\"><strong>Une r\u00e9forme destin\u00e9e \u00e0 faciliter la cr\u00e9ation de SARL<\/strong><\/span><\/span><\/span><\/h2>\n<p><span style=\"font-size:11pt\"><span style=\"font-family:Spectral,serif\"><span style=\"color:#000000\">Le projet de loi vise \u00e0 r\u00e9pondre \u00e0 ces contraintes sans remettre en cause les principes fondamentaux du droit des soci\u00e9t\u00e9s. Le capital social devra toujours \u00eatre int\u00e9gralement souscrit d\u00e8s la constitution de la soci\u00e9t\u00e9, mais son paiement effectif pourra \u00eatre diff\u00e9r\u00e9. Les fondateurs disposeront ainsi d\u2019un d\u00e9lai pouvant aller jusqu\u2019\u00e0 douze mois apr\u00e8s la cr\u00e9ation pour lib\u00e9rer tout ou partie du capital, lorsque les apports sont effectu\u00e9s en num\u00e9raire.<\/span><\/span><\/span><\/p>\n<p><span style=\"font-size:11pt\"><span style=\"font-family:Spectral,serif\"><span style=\"color:#000000\">Cette \u00e9volution permet de dissocier la cr\u00e9ation juridique de la soci\u00e9t\u00e9 de ses besoins r\u00e9els de tr\u00e9sorerie. Elle est particuli\u00e8rement adapt\u00e9e aux jeunes entreprises, aux start-up et aux structures d\u2019investissement, qui doivent souvent constituer rapidement une SARL sans mobiliser imm\u00e9diatement des fonds importants.<\/span><\/span><\/span><\/p>\n<h2><span style=\"font-size:17pt\"><span style=\"font-family:Spectral,serif\"><span style=\"color:#000000\"><strong>Le Luxembourg s\u2019aligne sur les pratiques europ\u00e9ennes<\/strong><\/span><\/span><\/span><\/h2>\n<p><span style=\"font-size:11pt\"><span style=\"font-family:Spectral,serif\"><span style=\"color:#000000\">Avec cette r\u00e9forme, le Luxembourg s\u2019inscrit dans une dynamique d\u00e9j\u00e0 observ\u00e9e dans plusieurs pays europ\u00e9ens. Dans des \u00c9tats voisins comme la France, la Belgique ou l\u2019Allemagne, la lib\u00e9ration int\u00e9grale du capital d\u00e8s la cr\u00e9ation d\u2019une soci\u00e9t\u00e9 comparable \u00e0 la SARL n\u2019est plus exig\u00e9e depuis de nombreuses ann\u00e9es. Le projet luxembourgeois s\u2019inscrit \u00e9galement dans le cadre de la directive europ\u00e9enne 2017\/1132, qui laisse une large marge de man\u0153uvre aux \u00c9tats membres en mati\u00e8re de capital social pour ce type de soci\u00e9t\u00e9s.<\/span><\/span><\/span><\/p>\n<p><span style=\"font-size:11pt\"><span style=\"font-family:Spectral,serif\"><span style=\"color:#000000\">L\u2019objectif affich\u00e9 est de renforcer l\u2019attractivit\u00e9 du cadre juridique luxembourgeois et d\u2019\u00e9viter que des porteurs de projets ne se tournent vers d\u2019autres juridictions jug\u00e9es plus souples et plus rapides.<\/span><\/span><\/span><\/p>\n<h2><span style=\"font-size:17pt\"><span style=\"font-family:Spectral,serif\"><span style=\"color:#000000\"><strong>Un assouplissement encadr\u00e9 pour pr\u00e9server la s\u00e9curit\u00e9 juridique<\/strong><\/span><\/span><\/span><\/h2>\n<p><span style=\"font-size:11pt\"><span style=\"font-family:Spectral,serif\"><span style=\"color:#000000\">La r\u00e9forme ne supprime ni le principe du capital social minimum ni les m\u00e9canismes de protection des tiers. La lib\u00e9ration diff\u00e9r\u00e9e ne sera possible que pour les apports en num\u00e9raire. Les apports en nature devront continuer \u00e0 \u00eatre int\u00e9gralement lib\u00e9r\u00e9s d\u00e8s la constitution, tout comme les augmentations de capital r\u00e9alis\u00e9es apr\u00e8s la cr\u00e9ation de la soci\u00e9t\u00e9.<\/span><\/span><\/span><\/p>\n<p><span style=\"font-size:11pt\"><span style=\"font-family:Spectral,serif\"><span style=\"color:#000000\">Le texte pr\u00e9voit \u00e9galement des garanties importantes. Les fondateurs resteront responsables du capital non lib\u00e9r\u00e9 et les associ\u00e9s qui ne r\u00e9pondraient pas \u00e0 un appel de fonds valable pourront voir leur droit de vote suspendu. Par ailleurs, les informations relatives aux parts sociales non enti\u00e8rement lib\u00e9r\u00e9es devront \u00eatre rendues publiques, afin d\u2019assurer une transparence suffisante vis-\u00e0-vis des cr\u00e9anciers et des partenaires commerciaux.<\/span><\/span><\/span><\/p>\n<p><span style=\"font-size:11pt\"><span style=\"font-family:Spectral,serif\"><span style=\"color:#000000\">Les obligations existantes en mati\u00e8re de lutte contre le blanchiment de capitaux et le financement du terrorisme demeurent inchang\u00e9es et continueront \u00e0 s\u2019appliquer lors de la constitution des soci\u00e9t\u00e9s.<\/span><\/span><\/span><\/p>\n<h2><span style=\"font-size:17pt\"><span style=\"font-family:Spectral,serif\"><span style=\"color:#000000\"><strong>Une entr\u00e9e en vigueur attendue en 2026<\/strong><\/span><\/span><\/span><\/h2>\n<p><span style=\"font-size:11pt\"><span style=\"font-family:Spectral,serif\"><span style=\"color:#000000\">Le projet de loi est actuellement en cours d\u2019examen parlementaire. Il a \u00e9t\u00e9 officiellement d\u00e9pos\u00e9 \u00e0 la Chambre des d\u00e9put\u00e9s le 16 d\u00e9cembre 2025 et pr\u00e9sent\u00e9 en commission d\u00e9but janvier 2026. Il doit encore suivre l\u2019ensemble de la proc\u00e9dure l\u00e9gislative avant son adoption d\u00e9finitive.<\/span><\/span><\/span><\/p>\n<p><span style=\"font-size:11pt\"><span style=\"font-family:Spectral,serif\"><span style=\"color:#000000\">Le texte pr\u00e9voit de modifier la loi du 10 ao\u00fbt 1915 concernant les soci\u00e9t\u00e9s commerciales afin d\u2019introduire la possibilit\u00e9 de diff\u00e9rer la lib\u00e9ration du capital social minimum des SARL, dans un d\u00e9lai maximal de douze mois apr\u00e8s la constitution. Le <\/span><\/span><\/span><span style=\"font-size:11pt\"><span style=\"font-family:Spectral,serif\"><span style=\"color:#000000\"><strong>texte officiel du projet de loi<\/strong><\/span><\/span><\/span><span style=\"font-size:11pt\"><span style=\"font-family:Spectral,serif\"><span style=\"color:#000000\"> peut \u00eatre consult\u00e9 directement sur le site de la Chambre des d\u00e9put\u00e9s \u00e0 l\u2019adresse suivante :<\/span><\/span><\/span><br \/>\n<a href=\"https:\/\/wdocs-pub.chd.lu\/docs\/Dossiers_parlementaires\/8669\/20251216_Depot.pdf?utm_source=chatgpt.com\" style=\"text-decoration:none\" target=\"_blank\" rel=\"noopener\"><span style=\"font-size:11pt\"><span style=\"font-family:Spectral,serif\"><span style=\"color:#1155cc\"><u>https:\/\/wdocs-pub.chd.lu\/docs\/Dossiers_parlementaires\/8669\/20251216_Depot.pdf<\/u><\/span><\/span><\/span><\/a><\/br><\/p>\n<p><span style=\"font-size:11pt\"><span style=\"font-family:Spectral,serif\"><span style=\"color:#000000\">Une fois la loi entr\u00e9e en vigueur, les nouvelles r\u00e8gles s\u2019appliqueront aux SARL constitu\u00e9es apr\u00e8s cette date. Si elle est adopt\u00e9e en l\u2019\u00e9tat, cette r\u00e9forme marquera une \u00e9tape importante dans la modernisation du droit des soci\u00e9t\u00e9s luxembourgeois, en offrant davantage de souplesse aux cr\u00e9ateurs d\u2019entreprise tout en maintenant un haut niveau de s\u00e9curit\u00e9 juridique.<\/span><\/span><\/span><\/p>","protected":false},"excerpt":{"rendered":"<p>Vous envisagez de cr\u00e9er une SARL au Luxembourg ? Une r\u00e9forme majeure du droit des soci\u00e9t\u00e9s va bient\u00f4t simplifier consid\u00e9rablement votre parcours entrepreneurial. \u00c0 partir de 2026, le capital social minimum de 12.000 euros ne devra plus \u00eatre int\u00e9gralement vers\u00e9 avant la constitution de votre soci\u00e9t\u00e9. Cette \u00e9volution l\u00e9gislative r\u00e9pond \u00e0 une demande de longue [&hellip;]<\/p>\n","protected":false},"author":3,"featured_media":1416,"comment_status":"open","ping_status":"closed","sticky":false,"template":"","format":"standard","meta":{"_acf_changed":false,"footnotes":""},"categories":[1],"tags":[],"service_lie":[26],"type_contenu":[21],"class_list":["post-1142","post","type-post","status-publish","format-standard","has-post-thumbnail","hentry","category-uncategorized","service_lie-creation-entreprise","type_contenu-actualites"],"acf":[],"_links":{"self":[{"href":"https:\/\/www.omnitrust.lu\/en\/wp-json\/wp\/v2\/posts\/1142","targetHints":{"allow":["GET"]}}],"collection":[{"href":"https:\/\/www.omnitrust.lu\/en\/wp-json\/wp\/v2\/posts"}],"about":[{"href":"https:\/\/www.omnitrust.lu\/en\/wp-json\/wp\/v2\/types\/post"}],"author":[{"embeddable":true,"href":"https:\/\/www.omnitrust.lu\/en\/wp-json\/wp\/v2\/users\/3"}],"replies":[{"embeddable":true,"href":"https:\/\/www.omnitrust.lu\/en\/wp-json\/wp\/v2\/comments?post=1142"}],"version-history":[{"count":1,"href":"https:\/\/www.omnitrust.lu\/en\/wp-json\/wp\/v2\/posts\/1142\/revisions"}],"predecessor-version":[{"id":1417,"href":"https:\/\/www.omnitrust.lu\/en\/wp-json\/wp\/v2\/posts\/1142\/revisions\/1417"}],"wp:featuredmedia":[{"embeddable":true,"href":"https:\/\/www.omnitrust.lu\/en\/wp-json\/wp\/v2\/media\/1416"}],"wp:attachment":[{"href":"https:\/\/www.omnitrust.lu\/en\/wp-json\/wp\/v2\/media?parent=1142"}],"wp:term":[{"taxonomy":"category","embeddable":true,"href":"https:\/\/www.omnitrust.lu\/en\/wp-json\/wp\/v2\/categories?post=1142"},{"taxonomy":"post_tag","embeddable":true,"href":"https:\/\/www.omnitrust.lu\/en\/wp-json\/wp\/v2\/tags?post=1142"},{"taxonomy":"service_lie","embeddable":true,"href":"https:\/\/www.omnitrust.lu\/en\/wp-json\/wp\/v2\/service_lie?post=1142"},{"taxonomy":"type_contenu","embeddable":true,"href":"https:\/\/www.omnitrust.lu\/en\/wp-json\/wp\/v2\/type_contenu?post=1142"}],"curies":[{"name":"wp","href":"https:\/\/api.w.org\/{rel}","templated":true}]}}