{"id":1143,"date":"2026-01-21T12:19:37","date_gmt":"2026-01-21T12:19:37","guid":{"rendered":"https:\/\/omnitrust.lu\/deux-reformes-fiscales-cles-pour-les-sarl-adoptees-au-luxembourg-fin-2025\/"},"modified":"2026-03-18T15:38:18","modified_gmt":"2026-03-18T15:38:18","slug":"tax-reforms-sarl-luxembourg-2025","status":"publish","type":"post","link":"https:\/\/www.omnitrust.lu\/en\/blog\/deux-reformes-fiscales-cles-pour-les-sarl-adoptees-au-luxembourg-fin-2025\/","title":{"rendered":"Deux r\u00e9formes fiscales cl\u00e9s pour les SARL, adopt\u00e9es au Luxembourg fin 2025"},"content":{"rendered":"<p><span style=\"font-size:11pt\"><span style=\"font-family:Arial,sans-serif\"><span style=\"color:#000000\">En d\u00e9cembre 2025, le Luxembourg a adopt\u00e9 deux mesures fiscales importantes qui, bien que distinctes dans leur objet, s\u2019inscrivent dans une m\u00eame dynamique. Elles traduisent la volont\u00e9 du pays de rester \u00e0 la fois pleinement align\u00e9 avec les standards fiscaux internationaux et attractif pour l\u2019\u00e9conomie innovante et entrepreneuriale.<\/span><\/span><\/span><\/p>\n<p><span style=\"font-size:11pt\"><span style=\"font-family:Arial,sans-serif\"><span style=\"color:#000000\">Ces r\u00e9formes concernent, d\u2019une part, la fiscalit\u00e9 des groupes internationaux soumis au cadre du Pilier 2 et, d\u2019autre part, le soutien \u00e0 l\u2019investissement priv\u00e9 dans les start-ups innovantes.<\/span><\/span><\/span><\/p>\n<h2><span style=\"font-size:17pt\"><span style=\"font-family:Arial,sans-serif\"><span style=\"color:#000000\"><strong>Un renforcement du cadre fiscal international et de la transparence<\/strong><\/span><\/span><\/span><\/h2>\n<p><span style=\"font-size:11pt\"><span style=\"font-family:Arial,sans-serif\"><span style=\"color:#000000\">La premi\u00e8re loi vot\u00e9e met en \u0153uvre la directive europ\u00e9enne dite \u00ab DAC 9 \u00bb, qui organise l\u2019\u00e9change automatique d\u2019informations fiscales li\u00e9es au dispositif GloBE, pilier central du projet international d\u2019imposition minimale des grandes entreprises. Ce cadre impose aux groupes multinationaux concern\u00e9s de transmettre une d\u00e9claration standardis\u00e9e permettant aux administrations fiscales d\u2019\u00e9valuer leur taux effectif d\u2019imposition et, le cas \u00e9ch\u00e9ant, de percevoir un imp\u00f4t compl\u00e9mentaire.<\/span><\/span><\/span><\/p>\n<p><span style=\"font-size:11pt\"><span style=\"font-family:Arial,sans-serif\"><span style=\"color:#000000\">Avec cette r\u00e9forme, le Luxembourg \u00e9tablit une base juridique claire pour ces \u00e9changes d\u2019informations entre \u00c9tats et adapte sa l\u00e9gislation nationale aux derni\u00e8res orientations europ\u00e9ennes et internationales. L\u2019objectif est double : garantir une transparence accrue tout en offrant un cadre stable et pr\u00e9visible aux entreprises op\u00e9rant au Luxembourg.<\/span><\/span><\/span><\/p>\n<p><span style=\"font-size:11pt\"><span style=\"font-family:Arial,sans-serif\"><span style=\"color:#000000\">La loi apporte \u00e9galement des ajustements techniques destin\u00e9s \u00e0 faciliter la mise en \u0153uvre pratique de ces obligations et \u00e0 limiter les formalit\u00e9s redondantes. Elle s\u2019inscrit ainsi dans une logique de conformit\u00e9, mais aussi de pragmatisme administratif.<\/span><\/span><\/span><\/p>\n<h2><span style=\"font-size:17pt\"><span style=\"font-family:Arial,sans-serif\"><span style=\"color:#000000\"><strong>Un nouvel outil fiscal pour soutenir les start-ups innovantes<\/strong><\/span><\/span><\/span><\/h2>\n<p><span style=\"font-size:11pt\"><span style=\"font-family:Arial,sans-serif\"><span style=\"color:#000000\">Dans le m\u00eame temps, le l\u00e9gislateur luxembourgeois a introduit une mesure tourn\u00e9e vers l\u2019\u00e9conomie locale et l\u2019innovation. \u00c0 partir de l\u2019ann\u00e9e fiscale 2026, un nouveau cr\u00e9dit d\u2019imp\u00f4t est accord\u00e9 aux personnes physiques qui investissent dans des start-ups innovantes r\u00e9pondant \u00e0 des crit\u00e8res pr\u00e9cis d\u2019\u00e2ge, de taille et d\u2019activit\u00e9.<\/span><\/span><\/span><\/p>\n<p><span style=\"font-size:11pt\"><span style=\"font-family:Arial,sans-serif\"><span style=\"color:#000000\">Cette mesure vise \u00e0 encourager l\u2019apport de capitaux priv\u00e9s dans les jeunes entreprises, afin de renforcer leur structure financi\u00e8re et de soutenir leur d\u00e9veloppement dans les premi\u00e8res ann\u00e9es d\u2019activit\u00e9. Le dispositif est r\u00e9serv\u00e9 aux investisseurs externes et s\u2019adresse \u00e0 des entreprises pr\u00e9sentant un caract\u00e8re innovant r\u00e9el, notamment \u00e0 travers leurs activit\u00e9s de recherche et d\u00e9veloppement.<\/span><\/span><\/span><\/p>\n<p><span style=\"font-size:11pt\"><span style=\"font-family:Arial,sans-serif\"><span style=\"color:#000000\">\u00c0 travers ce m\u00e9canisme, le Luxembourg cherche \u00e0 dynamiser son \u00e9cosyst\u00e8me entrepreneurial et \u00e0 favoriser l\u2019\u00e9mergence de projets \u00e0 forte valeur ajout\u00e9e sur son territoire.<\/span><\/span><\/span><\/p>\n<h2><span style=\"font-size:17pt\"><span style=\"font-family:Arial,sans-serif\"><span style=\"color:#000000\"><strong>Une lecture d\u2019ensemble : rigueur internationale et attractivit\u00e9 \u00e9conomique<\/strong><\/span><\/span><\/span><\/h2>\n<p><span style=\"font-size:11pt\"><span style=\"font-family:Arial,sans-serif\"><span style=\"color:#000000\">Si ces deux r\u00e9formes s\u2019adressent \u00e0 des publics diff\u00e9rents, elles participent d\u2019une m\u00eame strat\u00e9gie. Le Luxembourg assume pleinement les nouvelles exigences internationales en mati\u00e8re de fiscalit\u00e9 et de transparence pour les grands groupes, tout en mettant en place des mesures cibl\u00e9es pour soutenir l\u2019innovation, l\u2019investissement priv\u00e9 et la croissance des start-ups.<\/span><\/span><\/span><\/p>\n<p><span style=\"font-size:11pt\"><span style=\"font-family:Arial,sans-serif\"><span style=\"color:#000000\">Cette approche combin\u00e9e refl\u00e8te un positionnement clair : dans un environnement fiscal mondial de plus en plus harmonis\u00e9 et encadr\u00e9, l\u2019attractivit\u00e9 ne repose plus uniquement sur la fiscalit\u00e9, mais aussi sur la qualit\u00e9, la coh\u00e9rence et la pr\u00e9visibilit\u00e9 du cadre l\u00e9gal et \u00e9conomique.<\/span><\/span><\/span><\/p>","protected":false},"excerpt":{"rendered":"<p>En d\u00e9cembre 2025, le Luxembourg a adopt\u00e9 deux mesures fiscales importantes qui, bien que distinctes dans leur objet, s\u2019inscrivent dans une m\u00eame dynamique. Elles traduisent la volont\u00e9 du pays de rester \u00e0 la fois pleinement align\u00e9 avec les standards fiscaux internationaux et attractif pour l\u2019\u00e9conomie innovante et entrepreneuriale. Ces r\u00e9formes concernent, d\u2019une part, la fiscalit\u00e9 [&hellip;]<\/p>\n","protected":false},"author":3,"featured_media":1369,"comment_status":"open","ping_status":"closed","sticky":false,"template":"","format":"standard","meta":{"_acf_changed":false,"footnotes":""},"categories":[1],"tags":[],"service_lie":[38],"type_contenu":[21],"class_list":["post-1143","post","type-post","status-publish","format-standard","has-post-thumbnail","hentry","category-uncategorized","service_lie-fiscalite-tva","type_contenu-actualites"],"acf":[],"_links":{"self":[{"href":"https:\/\/www.omnitrust.lu\/en\/wp-json\/wp\/v2\/posts\/1143","targetHints":{"allow":["GET"]}}],"collection":[{"href":"https:\/\/www.omnitrust.lu\/en\/wp-json\/wp\/v2\/posts"}],"about":[{"href":"https:\/\/www.omnitrust.lu\/en\/wp-json\/wp\/v2\/types\/post"}],"author":[{"embeddable":true,"href":"https:\/\/www.omnitrust.lu\/en\/wp-json\/wp\/v2\/users\/3"}],"replies":[{"embeddable":true,"href":"https:\/\/www.omnitrust.lu\/en\/wp-json\/wp\/v2\/comments?post=1143"}],"version-history":[{"count":1,"href":"https:\/\/www.omnitrust.lu\/en\/wp-json\/wp\/v2\/posts\/1143\/revisions"}],"predecessor-version":[{"id":1415,"href":"https:\/\/www.omnitrust.lu\/en\/wp-json\/wp\/v2\/posts\/1143\/revisions\/1415"}],"wp:featuredmedia":[{"embeddable":true,"href":"https:\/\/www.omnitrust.lu\/en\/wp-json\/wp\/v2\/media\/1369"}],"wp:attachment":[{"href":"https:\/\/www.omnitrust.lu\/en\/wp-json\/wp\/v2\/media?parent=1143"}],"wp:term":[{"taxonomy":"category","embeddable":true,"href":"https:\/\/www.omnitrust.lu\/en\/wp-json\/wp\/v2\/categories?post=1143"},{"taxonomy":"post_tag","embeddable":true,"href":"https:\/\/www.omnitrust.lu\/en\/wp-json\/wp\/v2\/tags?post=1143"},{"taxonomy":"service_lie","embeddable":true,"href":"https:\/\/www.omnitrust.lu\/en\/wp-json\/wp\/v2\/service_lie?post=1143"},{"taxonomy":"type_contenu","embeddable":true,"href":"https:\/\/www.omnitrust.lu\/en\/wp-json\/wp\/v2\/type_contenu?post=1143"}],"curies":[{"name":"wp","href":"https:\/\/api.w.org\/{rel}","templated":true}]}}