{"id":1145,"date":"2026-01-09T12:19:37","date_gmt":"2026-01-09T12:19:37","guid":{"rendered":"https:\/\/omnitrust.lu\/nouveaux-baremes-sociaux-au-luxembourg-en-vigueur-depuis-le-1er-janvier-2026\/"},"modified":"2026-03-18T15:36:09","modified_gmt":"2026-03-18T15:36:09","slug":"social-scales-luxembourg-2026","status":"publish","type":"post","link":"https:\/\/www.omnitrust.lu\/en\/blog\/nouveaux-baremes-sociaux-au-luxembourg-en-vigueur-depuis-le-1er-janvier-2026\/","title":{"rendered":"Nouveaux bar\u00e8mes sociaux au Luxembourg : en vigueur depuis le 1er janvier 2026"},"content":{"rendered":"<p><span style=\"font-size:11pt\"><span style=\"font-family:Arial,sans-serif\"><span style=\"color:#000000\">Les <\/span><\/span><\/span><span style=\"font-size:11pt\"><span style=\"font-family:Arial,sans-serif\"><span style=\"color:#000000\"><strong>nouveaux bar\u00e8mes et param\u00e8tres sociaux<\/strong><\/span><\/span><\/span><span style=\"font-size:11pt\"><span style=\"font-family:Arial,sans-serif\"><span style=\"color:#000000\"> sont applicables au Luxembourg <\/span><\/span><\/span><span style=\"font-size:11pt\"><span style=\"font-family:Arial,sans-serif\"><span style=\"color:#000000\"><strong>depuis le 1er janvier 2026<\/strong><\/span><\/span><\/span><span style=\"font-size:11pt\"><span style=\"font-family:Arial,sans-serif\"><span style=\"color:#000000\">. Publi\u00e9s par les autorit\u00e9s comp\u00e9tentes, ils servent de base au calcul des <\/span><\/span><\/span><span style=\"font-size:11pt\"><span style=\"font-family:Arial,sans-serif\"><span style=\"color:#000000\"><strong>salaires<\/strong><\/span><\/span><\/span><span style=\"font-size:11pt\"><span style=\"font-family:Arial,sans-serif\"><span style=\"color:#000000\">, <\/span><\/span><\/span><span style=\"font-size:11pt\"><span style=\"font-family:Arial,sans-serif\"><span style=\"color:#000000\"><strong>cotisations sociales<\/strong><\/span><\/span><\/span><span style=\"font-size:11pt\"><span style=\"font-family:Arial,sans-serif\"><span style=\"color:#000000\">, <\/span><\/span><\/span><span style=\"font-size:11pt\"><span style=\"font-family:Arial,sans-serif\"><span style=\"color:#000000\"><strong>pensions<\/strong><\/span><\/span><\/span><span style=\"font-size:11pt\"><span style=\"font-family:Arial,sans-serif\"><span style=\"color:#000000\"> et <\/span><\/span><\/span><span style=\"font-size:11pt\"><span style=\"font-family:Arial,sans-serif\"><span style=\"color:#000000\"><strong>aides sociales<\/strong><\/span><\/span><\/span><span style=\"font-size:11pt\"><span style=\"font-family:Arial,sans-serif\"><span style=\"color:#000000\">. Ces param\u00e8tres constituent un cadre de r\u00e9f\u00e9rence essentiel pour les employeurs, les salari\u00e9s, les ind\u00e9pendants et l\u2019ensemble des b\u00e9n\u00e9ficiaires de prestations sociales.<\/span><\/span><\/span><\/p>\n<h2><span style=\"font-size:16pt\"><span style=\"font-family:Arial,sans-serif\"><span style=\"color:#000000\"><strong>Des param\u00e8tres sociaux applicables depuis le 1er janvier 2026<\/strong><\/span><\/span><\/span><\/h2>\n<p><span style=\"font-size:11pt\"><span style=\"font-family:Arial,sans-serif\"><span style=\"color:#000000\">Les bar\u00e8mes sociaux 2026 tiennent compte de l\u2019<\/span><\/span><\/span><span style=\"font-size:11pt\"><span style=\"font-family:Arial,sans-serif\"><span style=\"color:#000000\"><strong>indice applicable de l\u2019\u00e9chelle mobile des salaires<\/strong><\/span><\/span><\/span><span style=\"font-size:11pt\"><span style=\"font-family:Arial,sans-serif\"><span style=\"color:#000000\"> et fixent notamment les <\/span><\/span><\/span><span style=\"font-size:11pt\"><span style=\"font-family:Arial,sans-serif\"><span style=\"color:#000000\"><strong>montants minima et maxima cotisables<\/strong><\/span><\/span><\/span><span style=\"font-size:11pt\"><span style=\"font-family:Arial,sans-serif\"><span style=\"color:#000000\">, ainsi que les seuils utilis\u00e9s pour le calcul des diff\u00e9rentes prestations sociales. Bien que la majorit\u00e9 des param\u00e8tres soient reconduits par rapport \u00e0 l\u2019ann\u00e9e pr\u00e9c\u00e9dente, leur publication officielle garantit une application conforme depuis le d\u00e9but de l\u2019ann\u00e9e.<\/span><\/span><\/span><\/p>\n<h2><span style=\"font-size:16pt\"><span style=\"font-family:Arial,sans-serif\"><span style=\"color:#000000\"><strong>Un impact direct sur les salaires, cotisations et prestations<\/strong><\/span><\/span><\/span><\/h2>\n<p><span style=\"font-size:11pt\"><span style=\"font-family:Arial,sans-serif\"><span style=\"color:#000000\">Les nouveaux param\u00e8tres sociaux influencent directement :<\/span><\/span><\/span><\/p>\n<ul>\n<li style=\"list-style-type:disc\"><span style=\"font-size:11pt\"><span style=\"font-family:Arial,sans-serif\"><span style=\"color:#000000\">le <\/span><\/span><\/span><span style=\"font-size:11pt\"><span style=\"font-family:Arial,sans-serif\"><span style=\"color:#000000\"><strong>salaire social minimum<\/strong><\/span><\/span><\/span><span style=\"font-size:11pt\"><span style=\"font-family:Arial,sans-serif\"><span style=\"color:#000000\">,<\/span><\/span><\/span><br \/>\n\t\u00a0<\/br><\/li>\n<li style=\"list-style-type:disc\"><span style=\"font-size:11pt\"><span style=\"font-family:Arial,sans-serif\"><span style=\"color:#000000\">les <\/span><\/span><\/span><span style=\"font-size:11pt\"><span style=\"font-family:Arial,sans-serif\"><span style=\"color:#000000\"><strong>cotisations sociales<\/strong><\/span><\/span><\/span><span style=\"font-size:11pt\"><span style=\"font-family:Arial,sans-serif\"><span style=\"color:#000000\"> des salari\u00e9s et des employeurs,<\/span><\/span><\/span><br \/>\n\t\u00a0<\/li>\n<li style=\"list-style-type:disc\"><span style=\"font-size:11pt\"><span style=\"font-family:Arial,sans-serif\"><span style=\"color:#000000\">les <\/span><\/span><\/span><span style=\"font-size:11pt\"><span style=\"font-family:Arial,sans-serif\"><span style=\"color:#000000\"><strong>plafonds et planchers<\/strong><\/span><\/span><\/span><span style=\"font-size:11pt\"><span style=\"font-family:Arial,sans-serif\"><span style=\"color:#000000\"> servant de base aux contributions,<\/span><\/span><\/span><br \/>\n\t\u00a0<\/li>\n<li style=\"list-style-type:disc\"><span style=\"font-size:11pt\"><span style=\"font-family:Arial,sans-serif\"><span style=\"color:#000000\">ainsi que les <\/span><\/span><\/span><span style=\"font-size:11pt\"><span style=\"font-family:Arial,sans-serif\"><span style=\"color:#000000\"><strong>pensions et certaines aides sociales<\/strong><\/span><\/span><\/span><span style=\"font-size:11pt\"><span style=\"font-family:Arial,sans-serif\"><span style=\"color:#000000\"> calcul\u00e9es \u00e0 partir de ces montants de r\u00e9f\u00e9rence.<\/span><\/span><\/span><br \/>\n\t\u00a0<\/li>\n<\/ul>\n<h2><span style=\"font-size:16pt\"><span style=\"font-family:Arial,sans-serif\"><span style=\"color:#000000\"><strong>Bar\u00e8me social 2026<\/strong><\/span><\/span><\/span><\/h2>\n<p><span style=\"font-size:11pt\"><span style=\"font-family:Arial,sans-serif\"><span style=\"color:#000000\"><strong>Le bar\u00e8me social applicable au Luxembourg depuis le 1er janvier 2026<\/strong><\/span><\/span><\/span><span style=\"font-size:11pt\"><span style=\"font-family:Arial,sans-serif\"><span style=\"color:#000000\"> correspond au <\/span><\/span><\/span><span style=\"font-size:11pt\"><span style=\"font-family:Arial,sans-serif\"><span style=\"color:#000000\"><strong>document officiel du Grand-Duch\u00e9 de Luxembourg<\/strong><\/span><\/span><\/span><span style=\"font-size:11pt\"><span style=\"font-family:Arial,sans-serif\"><span style=\"color:#000000\">. Il peut \u00eatre <\/span><\/span><\/span><span style=\"font-size:11pt\"><span style=\"font-family:Arial,sans-serif\"><span style=\"color:#000000\"><strong>t\u00e9l\u00e9charg\u00e9 au format PDF<\/strong><\/span><\/span><\/span><span style=\"font-size:11pt\"><span style=\"font-family:Arial,sans-serif\"><span style=\"color:#000000\"> ou <\/span><\/span><\/span><span style=\"font-size:11pt\"><span style=\"font-family:Arial,sans-serif\"><span style=\"color:#000000\"><strong>consult\u00e9 directement sur le site officiel du gouvernement<\/strong><\/span><\/span><\/span><span style=\"font-size:11pt\"><span style=\"font-family:Arial,sans-serif\"><span style=\"color:#000000\"> :<\/span><\/span><\/span><\/p>\n<p><a href=\"https:\/\/gouvernement.lu\/dam-assets\/images-documents\/actualites\/2025\/12\/31-parametres-sociaux\/paramtres-sociaux-01012026.pdf\" target=\"_blank\" rel=\"noopener\"><span style=\"font-size:11pt\"><span style=\"font-family:Arial,sans-serif\"><span style=\"color:#000000\">T\u00e9l\u00e9charger le document officiel<\/span><\/span><\/span><\/a><\/p>","protected":false},"excerpt":{"rendered":"<p>Les nouveaux bar\u00e8mes et param\u00e8tres sociaux sont applicables au Luxembourg depuis le 1er janvier 2026. Publi\u00e9s par les autorit\u00e9s comp\u00e9tentes, ils servent de base au calcul des salaires, cotisations sociales, pensions et aides sociales. Ces param\u00e8tres constituent un cadre de r\u00e9f\u00e9rence essentiel pour les employeurs, les salari\u00e9s, les ind\u00e9pendants et l\u2019ensemble des b\u00e9n\u00e9ficiaires de prestations [&hellip;]<\/p>\n","protected":false},"author":3,"featured_media":1280,"comment_status":"open","ping_status":"closed","sticky":false,"template":"","format":"standard","meta":{"_acf_changed":false,"footnotes":""},"categories":[1],"tags":[],"service_lie":[29],"type_contenu":[21],"class_list":["post-1145","post","type-post","status-publish","format-standard","has-post-thumbnail","hentry","category-uncategorized","service_lie-rh_payroll","type_contenu-actualites"],"acf":[],"_links":{"self":[{"href":"https:\/\/www.omnitrust.lu\/en\/wp-json\/wp\/v2\/posts\/1145","targetHints":{"allow":["GET"]}}],"collection":[{"href":"https:\/\/www.omnitrust.lu\/en\/wp-json\/wp\/v2\/posts"}],"about":[{"href":"https:\/\/www.omnitrust.lu\/en\/wp-json\/wp\/v2\/types\/post"}],"author":[{"embeddable":true,"href":"https:\/\/www.omnitrust.lu\/en\/wp-json\/wp\/v2\/users\/3"}],"replies":[{"embeddable":true,"href":"https:\/\/www.omnitrust.lu\/en\/wp-json\/wp\/v2\/comments?post=1145"}],"version-history":[{"count":1,"href":"https:\/\/www.omnitrust.lu\/en\/wp-json\/wp\/v2\/posts\/1145\/revisions"}],"predecessor-version":[{"id":1411,"href":"https:\/\/www.omnitrust.lu\/en\/wp-json\/wp\/v2\/posts\/1145\/revisions\/1411"}],"wp:featuredmedia":[{"embeddable":true,"href":"https:\/\/www.omnitrust.lu\/en\/wp-json\/wp\/v2\/media\/1280"}],"wp:attachment":[{"href":"https:\/\/www.omnitrust.lu\/en\/wp-json\/wp\/v2\/media?parent=1145"}],"wp:term":[{"taxonomy":"category","embeddable":true,"href":"https:\/\/www.omnitrust.lu\/en\/wp-json\/wp\/v2\/categories?post=1145"},{"taxonomy":"post_tag","embeddable":true,"href":"https:\/\/www.omnitrust.lu\/en\/wp-json\/wp\/v2\/tags?post=1145"},{"taxonomy":"service_lie","embeddable":true,"href":"https:\/\/www.omnitrust.lu\/en\/wp-json\/wp\/v2\/service_lie?post=1145"},{"taxonomy":"type_contenu","embeddable":true,"href":"https:\/\/www.omnitrust.lu\/en\/wp-json\/wp\/v2\/type_contenu?post=1145"}],"curies":[{"name":"wp","href":"https:\/\/api.w.org\/{rel}","templated":true}]}}