{"id":1149,"date":"2025-11-18T12:19:37","date_gmt":"2025-11-18T12:19:37","guid":{"rendered":"https:\/\/omnitrust.lu\/les-aides-pour-les-entreprises-au-luxembourg-connaissez-vous-les-sme-packages\/"},"modified":"2026-03-19T09:44:35","modified_gmt":"2026-03-19T09:44:35","slug":"luxembourg-business-aid-sme-packages","status":"publish","type":"post","link":"https:\/\/www.omnitrust.lu\/en\/blog\/les-aides-pour-les-entreprises-au-luxembourg-connaissez-vous-les-sme-packages\/","title":{"rendered":"Les aides pour les entreprises au Luxembourg : Connaissez-vous les SME Packages"},"content":{"rendered":"<p><span style=\"font-family:Arial,Helvetica,sans-serif\"><span style=\"font-size:11pt\"><span style=\"color:#141413\">Dans un environnement \u00e9conomique en constante \u00e9volution, les petites et moyennes entreprises (PME) luxembourgeoises peuvent parfois se sentir d\u00e9munies face aux d\u00e9fis financiers qu&rsquo;elles rencontrent. Que vous soyez entrepreneur d\u00e9butant ou chef d&rsquo;entreprise confirm\u00e9, le financement demeure souvent un obstacle majeur \u00e0 l&rsquo;expansion et \u00e0 l&rsquo;innovation. Heureusement, le Grand-Duch\u00e9 du Luxembourg a mis en place un syst\u00e8me d&rsquo;aides particuli\u00e8rement attractif pour soutenir son tissu \u00e9conomique : les SME Packages.<\/span><\/span><\/span><\/p>\n<p><span style=\"font-family:Arial,Helvetica,sans-serif\"><span style=\"font-size:11pt\"><span style=\"color:#141413\">Ces dispositifs, encore m\u00e9connus par de nombreux entrepreneurs, constituent pourtant un levier de croissance consid\u00e9rable. Comment en b\u00e9n\u00e9ficier ? Quelles sont les conditions d&rsquo;\u00e9ligibilit\u00e9 ? Quels avantages concrets peuvent-ils apporter \u00e0 votre entreprise ? Cet article vous propose un \u00e9clairage complet sur ces aides pour les entreprises au Luxembourg, afin que vous puissiez pleinement en tirer parti.<\/span><\/span><\/span><\/p>\n<h2><span style=\"font-family:Arial,Helvetica,sans-serif\"><span style=\"font-size:17pt\"><span style=\"color:#141413\"><strong>Les diff\u00e9rents SME Packages disponibles au Luxembourg<\/strong><\/span><\/span><\/span><\/h2>\n<p><span style=\"font-family:Arial,Helvetica,sans-serif\"><span style=\"font-size:11pt\"><span style=\"color:#141413\">Les SME Packages constituent un ensemble de mesures d&rsquo;aides financi\u00e8res sp\u00e9cifiquement con\u00e7ues pour r\u00e9pondre aux besoins des PME luxembourgeoises. Ces dispositifs, instaur\u00e9s par le minist\u00e8re de l&rsquo;\u00c9conomie en collaboration avec Luxinnovation, se d\u00e9clinent en cinq cat\u00e9gories distinctes, chacune r\u00e9pondant \u00e0 des enjeux sp\u00e9cifiques pour les entreprises.<\/span><\/span><\/span><\/p>\n<h3><span style=\"font-family:Arial,Helvetica,sans-serif\"><span style=\"font-size:13pt\"><span style=\"color:#141413\"><strong>SME Package \u2013 Digital<\/strong><\/span><\/span><\/span><\/h3>\n<p><span style=\"font-family:Arial,Helvetica,sans-serif\"><span style=\"font-size:11pt\"><span style=\"color:#141413\">\u00a0Ce programme d\u2019aides pour les entreprises au Luxembourg est con\u00e7u pour soutenir les structures d\u00e9sireuses d\u2019acc\u00e9l\u00e9rer leur transformation num\u00e9rique. Il offre un accompagnement dans les domaines suivants :<\/span><\/span><\/span><\/p>\n<ul>\n<li style=\"list-style-type:disc\"><span style=\"font-family:Arial,Helvetica,sans-serif\"><span style=\"font-size:11pt\"><span style=\"color:#141413\"><strong>Marketing digital<\/strong><\/span><\/span><span style=\"font-size:11pt\"><span style=\"color:#141413\"> : Cr\u00e9ation ou optimisation de site web, gestion des campagnes sur les r\u00e9seaux sociaux, etc.<\/span><\/span><\/span><br \/>\n\t\u00a0<\/br><\/li>\n<li style=\"list-style-type:disc\"><span style=\"font-family:Arial,Helvetica,sans-serif\"><span style=\"font-size:11pt\"><span style=\"color:#141413\"><strong>Syst\u00e8mes de gestion<\/strong><\/span><\/span><span style=\"font-size:11pt\"><span style=\"color:#141413\"> : Caisse enregistreuse, logiciels sp\u00e9cialis\u00e9s pour votre secteur, ERP, etc.<\/span><\/span><\/span><br \/>\n\t\u00a0<\/li>\n<li style=\"list-style-type:disc\"><span style=\"font-family:Arial,Helvetica,sans-serif\"><span style=\"font-size:11pt\"><span style=\"color:#141413\"><strong>Facturation \u00e9lectronique<\/strong><\/span><\/span><span style=\"font-size:11pt\"><span style=\"color:#141413\"> : ERP avec module int\u00e9gr\u00e9 pour la facturation \u00e9lectronique.<\/span><\/span><\/span><\/li>\n<\/ul>\n<p><span style=\"font-family:Arial,Helvetica,sans-serif\"><span style=\"font-size:11pt\"><span style=\"color:#141413\"><strong>Personnes concern\u00e9es <\/strong><\/span><\/span><span style=\"font-size:11pt\"><span style=\"color:#141413\">: les PME qui disposent d\u2019une autorisation d\u2019\u00e9tablissement et qui ont leur si\u00e8ge social au Luxembourg.<\/span><\/span><\/span><\/p>\n<p><span style=\"font-family:Arial,Helvetica,sans-serif\"><span style=\"font-size:11pt\"><span style=\"color:#141413\"><strong>Co\u00fbts <\/strong><\/span><\/span><span style=\"font-size:11pt\"><span style=\"color:#141413\">: le projet r\u00e9alis\u00e9 doit avoir un montant compris entre 3.000 et 25.000 euros HTVA.<\/span><\/span><\/span><\/p>\n<h3><span style=\"font-family:Arial,Helvetica,sans-serif\"><span style=\"font-size:13pt\"><span style=\"color:#141413\"><strong>SME Package \u2013 Service<\/strong><\/span><\/span><\/span><\/h3>\n<p><span style=\"font-family:Arial,Helvetica,sans-serif\"><span style=\"font-size:11pt\"><span style=\"color:#141413\">Le programme <\/span><\/span><span style=\"font-size:11pt\"><span style=\"color:#141413\"><strong>SME Packages \u2013 Service<\/strong><\/span><\/span><span style=\"font-size:11pt\"><span style=\"color:#141413\"> vise \u00e0 am\u00e9liorer la qualit\u00e9 et l&rsquo;efficacit\u00e9 des services propos\u00e9s par les PME luxembourgeoises en offrant un accompagnement personnalis\u00e9. Vous serez soutenus dans l\u2019identification de solutions concr\u00e8tes pour fid\u00e9liser vos clients, en vous aidant \u00e0 adapter votre offre aux attentes des consommateurs. Ce dispositif inclut :<\/span><\/span><\/span><\/p>\n<ul>\n<li style=\"list-style-type:disc\"><span style=\"font-family:Arial,Helvetica,sans-serif\"><span style=\"font-size:11pt\"><span style=\"color:#141413\"><strong>Atmosph\u00e8re<\/strong><\/span><\/span><span style=\"font-size:11pt\"><span style=\"color:#141413\"> : Optimisation du parcours client, am\u00e9lioration de l&rsquo;ambiance de votre espace commercial, etc.<\/span><\/span><\/span><br \/>\n\t\u00a0<\/li>\n<li style=\"list-style-type:disc\"><span style=\"font-family:Arial,Helvetica,sans-serif\"><span style=\"font-size:11pt\"><span style=\"color:#141413\"><strong>Relation client\u00e8le<\/strong><\/span><\/span><span style=\"font-size:11pt\"><span style=\"color:#141413\"> : Compr\u00e9hension des besoins de vos clients, personnalisation du service, gestion des interactions et adoption des bonnes attitudes.<\/span><\/span><\/span><br \/>\n\t\u00a0<\/li>\n<li style=\"list-style-type:disc\"><span style=\"font-family:Arial,Helvetica,sans-serif\"><span style=\"font-size:11pt\"><span style=\"color:#141413\"><strong>Produits<\/strong><\/span><\/span><span style=\"font-size:11pt\"><span style=\"color:#141413\"> : Coh\u00e9rence entre l\u2019offre, la cible client, et le rapport qualit\u00e9-prix de vos produits et services.<\/span><\/span><\/span><br \/>\n\t\u00a0<\/li>\n<\/ul>\n<p><span style=\"font-family:Arial,Helvetica,sans-serif\"><span style=\"font-size:11pt\"><span style=\"color:#141413\">Les entreprises du secteur tertiaire trouveront dans ce package une opportunit\u00e9 d\u2019am\u00e9liorer leur comp\u00e9titivit\u00e9 et de se diff\u00e9rencier sur le march\u00e9.<\/span><\/span><\/span><\/p>\n<p><span style=\"font-family:Arial,Helvetica,sans-serif\"><span style=\"font-size:11pt\"><span style=\"color:#141413\"><strong>Co\u00fbts <\/strong><\/span><\/span><span style=\"font-size:11pt\"><span style=\"color:#141413\">: le projet r\u00e9alis\u00e9 doit avoir un montant compris entre 3.000 et 25.000 euros HTVA.<\/span><\/span><\/span><\/p>\n<h3><span style=\"font-family:Arial,Helvetica,sans-serif\"><span style=\"font-size:13pt\"><span style=\"color:#141413\"><strong>SME Package \u2013 Sustainability<\/strong><\/span><\/span><\/span><\/h3>\n<p><span style=\"font-family:Arial,Helvetica,sans-serif\"><span style=\"font-size:11pt\"><span style=\"color:#141413\">Face aux enjeux environnementaux, le programme <\/span><\/span><span style=\"font-size:11pt\"><span style=\"color:#141413\"><strong>SME Packages \u2013 Sustainability<\/strong><\/span><\/span><span style=\"font-size:11pt\"><span style=\"color:#141413\"> accompagne les entreprises luxembourgeoises dans l\u2019adoption de pratiques plus durables. Ce dispositif vous aide \u00e0 r\u00e9duire votre impact environnemental tout en g\u00e9n\u00e9rant des \u00e9conomies sur vos consommations d\u2019\u00e9nergie, d\u2019eau, ainsi que sur la gestion des d\u00e9chets. Les entreprises b\u00e9n\u00e9ficient d&rsquo;un soutien dans les domaines suivants :<\/span><\/span><\/span><\/p>\n<ul>\n<li style=\"list-style-type:disc\"><span style=\"font-family:Arial,Helvetica,sans-serif\"><span style=\"font-size:11pt\"><span style=\"color:#141413\"><strong>\u00c9nergie<\/strong><\/span><\/span><span style=\"font-size:11pt\"><span style=\"color:#141413\"> : Mise en place d\u2019outils pour r\u00e9duire la consommation d\u2019\u00e9nergie.<\/span><\/span><\/span><br \/>\n\t\u00a0<\/li>\n<li style=\"list-style-type:disc\"><span style=\"font-family:Arial,Helvetica,sans-serif\"><span style=\"font-size:11pt\"><span style=\"color:#141413\"><strong>Eau<\/strong><\/span><\/span><span style=\"font-size:11pt\"><span style=\"color:#141413\"> : Impl\u00e9mentation de solutions pour limiter l\u2019utilisation d\u2019eau.<\/span><\/span><\/span><br \/>\n\t\u00a0<\/li>\n<li style=\"list-style-type:disc\"><span style=\"font-family:Arial,Helvetica,sans-serif\"><span style=\"font-size:11pt\"><span style=\"color:#141413\"><strong>D\u00e9chets<\/strong><\/span><\/span><span style=\"font-size:11pt\"><span style=\"color:#141413\"> : Optimisation de la gestion des d\u00e9chets et promotion de la circularit\u00e9.<\/span><\/span><\/span><br \/>\n\t\u00a0<\/li>\n<li style=\"list-style-type:disc\"><span style=\"font-family:Arial,Helvetica,sans-serif\"><span style=\"font-size:11pt\"><span style=\"color:#141413\"><strong>Empreinte carbone<\/strong><\/span><\/span><span style=\"font-size:11pt\"><span style=\"color:#141413\"> : R\u00e9alisation d\u2019un bilan carbone, \u00e9laboration d\u2019un plan d\u2019action et identification des leviers de d\u00e9carbonation.<\/span><\/span><\/span><br \/>\n\t\u00a0<\/li>\n<\/ul>\n<p><span style=\"font-family:Arial,Helvetica,sans-serif\"><span style=\"font-size:11pt\"><span style=\"color:#141413\">Ce dispositif est essentiel pour les entreprises d\u00e9sireuses de s&rsquo;engager dans une d\u00e9marche de responsabilit\u00e9 sociale et environnementale tout en am\u00e9liorant leur efficacit\u00e9 \u00e9nerg\u00e9tique.<\/span><\/span><\/span><\/p>\n<p><span style=\"font-family:Arial,Helvetica,sans-serif\"><span style=\"font-size:11pt\"><span style=\"color:#141413\"><strong>Co\u00fbts <\/strong><\/span><\/span><span style=\"font-size:11pt\"><span style=\"color:#141413\">: le projet r\u00e9alis\u00e9 doit avoir un montant compris entre 3.000 et 25.000 euros HTVA.<\/span><\/span><\/span><\/p>\n<h3><span style=\"font-family:Arial,Helvetica,sans-serif\"><span style=\"font-size:13pt\"><span style=\"color:#141413\"><strong>SME Package \u2013 IA<\/strong><\/span><\/span><\/span><\/h3>\n<p><span style=\"font-family:Arial,Helvetica,sans-serif\"><span style=\"font-size:11pt\"><span style=\"color:#141413\">L&rsquo;intelligence artificielle offre une opportunit\u00e9 strat\u00e9gique pour les PME, et le programme <\/span><\/span><span style=\"font-size:11pt\"><span style=\"color:#141413\"><strong>SME Packages \u2013 AI<\/strong><\/span><\/span><span style=\"font-size:11pt\"><span style=\"color:#141413\"> a \u00e9t\u00e9 con\u00e7u pour les accompagner dans son int\u00e9gration. Ce dispositif vous aide \u00e0 int\u00e9grer des solutions d&rsquo;IA adapt\u00e9es \u00e0 vos processus d\u2019entreprise, en vous offrant un soutien dans les domaines suivants :<\/span><\/span><\/span><\/p>\n<ul>\n<li style=\"list-style-type:disc\"><span style=\"font-family:Arial,Helvetica,sans-serif\"><span style=\"font-size:11pt\"><span style=\"color:#141413\">Des <\/span><\/span><span style=\"font-size:11pt\"><span style=\"color:#141413\"><strong>subventions<\/strong><\/span><\/span><span style=\"font-size:11pt\"><span style=\"color:#141413\"> pour l&rsquo;int\u00e9gration de l&rsquo;IA dans vos processus.<\/span><\/span><\/span><br \/>\n\t\u00a0<\/li>\n<li style=\"list-style-type:disc\"><span style=\"font-family:Arial,Helvetica,sans-serif\"><span style=\"font-size:11pt\"><span style=\"color:#141413\">Un <\/span><\/span><span style=\"font-size:11pt\"><span style=\"color:#141413\"><strong>accompagnement expert<\/strong><\/span><\/span><span style=\"font-size:11pt\"><span style=\"color:#141413\"> pour identifier les cas d&rsquo;usage pertinents de l&rsquo;IA.<\/span><\/span><\/span><br \/>\n\t\u00a0<\/li>\n<li style=\"list-style-type:disc\"><span style=\"font-family:Arial,Helvetica,sans-serif\"><span style=\"font-size:11pt\"><span style=\"color:#141413\">Une <\/span><\/span><span style=\"font-size:11pt\"><span style=\"color:#141413\"><strong>aide \u00e0 la formation<\/strong><\/span><\/span><span style=\"font-size:11pt\"><span style=\"color:#141413\"> des \u00e9quipes aux technologies d&rsquo;IA.<\/span><\/span><\/span><br \/>\n\t\u00a0<\/li>\n<li style=\"list-style-type:disc\"><span style=\"font-family:Arial,Helvetica,sans-serif\"><span style=\"font-size:11pt\"><span style=\"color:#141413\">Un <\/span><\/span><span style=\"font-size:11pt\"><span style=\"color:#141413\"><strong>soutien pour la gestion des donn\u00e9es<\/strong><\/span><\/span><span style=\"font-size:11pt\"><span style=\"color:#141413\"> et le d\u00e9veloppement d&rsquo;algorithmes.<\/span><\/span><\/span><br \/>\n\t\u00a0<\/li>\n<\/ul>\n<p><span style=\"font-family:Arial,Helvetica,sans-serif\"><span style=\"font-size:11pt\"><span style=\"color:#141413\">Les entreprises d\u00e9sireuses d\u2019exploiter le potentiel de l\u2019IA pour automatiser certaines t\u00e2ches ou obtenir des insights pr\u00e9cieux sur leur activit\u00e9 trouveront dans ce programme un alli\u00e9 strat\u00e9gique.<\/span><\/span><\/span><\/p>\n<p><span style=\"font-family:Arial,Helvetica,sans-serif\"><span style=\"font-size:11pt\"><span style=\"color:#141413\"><strong>Co\u00fbts <\/strong><\/span><\/span><span style=\"font-size:11pt\"><span style=\"color:#141413\">: le projet r\u00e9alis\u00e9 doit avoir un montant compris entre 3.000 et 25.000 euros HTVA.<\/span><\/span><\/span><\/p>\n<h3><span style=\"font-family:Arial,Helvetica,sans-serif\"><span style=\"font-size:13pt\"><span style=\"color:#141413\"><strong>SME Package \u2013 Cybersecurity<\/strong><\/span><\/span><\/span><\/h3>\n<p><span style=\"font-family:Arial,Helvetica,sans-serif\"><span style=\"font-size:11pt\"><span style=\"color:#141413\">Dans un monde de plus en plus connect\u00e9, la s\u00e9curit\u00e9 informatique est essentielle pour prot\u00e9ger les entreprises contre les cybermenaces. Le programme <\/span><\/span><span style=\"font-size:11pt\"><span style=\"color:#141413\"><strong>SME Packages \u2013 Cybersecurity<\/strong><\/span><\/span><span style=\"font-size:11pt\"><span style=\"color:#141413\"> vous accompagne dans le renforcement de la protection de vos syst\u00e8mes d&rsquo;information. Ce dispositif propose :<\/span><\/span><\/span><\/p>\n<ul>\n<li style=\"list-style-type:disc\"><span style=\"font-family:Arial,Helvetica,sans-serif\"><span style=\"font-size:11pt\"><span style=\"color:#141413\">Des <\/span><\/span><span style=\"font-size:11pt\"><span style=\"color:#141413\"><strong>aides financi\u00e8res<\/strong><\/span><\/span><span style=\"font-size:11pt\"><span style=\"color:#141413\"> pour am\u00e9liorer la s\u00e9curit\u00e9 de vos syst\u00e8mes.<\/span><\/span><\/span><br \/>\n\t\u00a0<\/li>\n<li style=\"list-style-type:disc\"><span style=\"font-family:Arial,Helvetica,sans-serif\"><span style=\"font-size:11pt\"><span style=\"color:#141413\">Un <\/span><\/span><span style=\"font-size:11pt\"><span style=\"color:#141413\"><strong>diagnostic personnalis\u00e9<\/strong><\/span><\/span><span style=\"font-size:11pt\"><span style=\"color:#141413\"> des vuln\u00e9rabilit\u00e9s de votre entreprise.<\/span><\/span><\/span><br \/>\n\t\u00a0<\/li>\n<li style=\"list-style-type:disc\"><span style=\"font-family:Arial,Helvetica,sans-serif\"><span style=\"font-size:11pt\"><span style=\"color:#141413\">Un <\/span><\/span><span style=\"font-size:11pt\"><span style=\"color:#141413\"><strong>accompagnement dans la mise en place<\/strong><\/span><\/span><span style=\"font-size:11pt\"><span style=\"color:#141413\"> de solutions de s\u00e9curit\u00e9 adapt\u00e9es.<\/span><\/span><\/span><br \/>\n\t\u00a0<\/li>\n<li style=\"list-style-type:disc\"><span style=\"font-family:Arial,Helvetica,sans-serif\"><span style=\"font-size:11pt\"><span style=\"color:#141413\">Un <\/span><\/span><span style=\"font-size:11pt\"><span style=\"color:#141413\"><strong>soutien \u00e0 la formation<\/strong><\/span><\/span><span style=\"font-size:11pt\"><span style=\"color:#141413\"> de votre personnel aux bonnes pratiques de cybers\u00e9curit\u00e9.<\/span><\/span><\/span><br \/>\n\t\u00a0<\/li>\n<\/ul>\n<p><span style=\"font-family:Arial,Helvetica,sans-serif\"><span style=\"font-size:11pt\"><span style=\"color:#141413\">Ce package est crucial pour les entreprises soucieuses de s\u00e9curiser leurs donn\u00e9es sensibles et leur r\u00e9putation tout en se conformant \u00e0 la directive NIS2 et en mettant en \u0153uvre des technologies et proc\u00e9dures de cybers\u00e9curit\u00e9 efficaces.<\/span><\/span><\/span><\/p>\n<p><span style=\"font-family:Arial,Helvetica,sans-serif\"><span style=\"font-size:11pt\"><span style=\"color:#141413\"><strong>Co\u00fbts <\/strong><\/span><\/span><span style=\"font-size:11pt\"><span style=\"color:#141413\">: le projet r\u00e9alis\u00e9 doit avoir un montant compris entre 3.000 et 25.000 euros HTVA.<\/span><\/span><\/span><\/p>\n<h2><span style=\"font-family:Arial,Helvetica,sans-serif\"><span style=\"font-size:17pt\"><span style=\"color:#141413\"><strong>Comment faire la demande de SME Packages ?<\/strong><\/span><\/span><\/span><\/h2>\n<p><span style=\"font-family:Arial,Helvetica,sans-serif\"><span style=\"font-size:11pt\"><span style=\"color:#141413\">L&rsquo;acc\u00e8s aux aides Luxembourg pour les entreprises n\u00e9cessite de suivre une proc\u00e9dure structur\u00e9e pour maximiser vos chances d&rsquo;obtention.<\/span><\/span><\/span><\/p>\n<h3><span style=\"font-family:Arial,Helvetica,sans-serif\"><span style=\"font-size:13pt\"><span style=\"color:#141413\"><strong>\u00c9tape 1 : \u00c9valuation de l&rsquo;\u00e9ligibilit\u00e9<\/strong><\/span><\/span><\/span><\/h3>\n<p><span style=\"font-family:Arial,Helvetica,sans-serif\"><span style=\"font-size:11pt\"><span style=\"color:#141413\">Avant toute d\u00e9marche, v\u00e9rifiez que votre entreprise r\u00e9pond aux crit\u00e8res d&rsquo;\u00e9ligibilit\u00e9 :<\/span><\/span><\/span><\/p>\n<ul>\n<li style=\"list-style-type:disc\"><span style=\"font-family:Arial,Helvetica,sans-serif\"><span style=\"font-size:11pt\"><span style=\"color:#141413\">\u00catre une PME selon les crit\u00e8res europ\u00e9ens (moins de 250 employ\u00e9s et chiffre d&rsquo;affaires annuel inf\u00e9rieur \u00e0 50 millions d&rsquo;euros)<\/span><\/span><\/span><\/li>\n<li style=\"list-style-type:disc\"><span style=\"font-family:Arial,Helvetica,sans-serif\"><span style=\"font-size:11pt\"><span style=\"color:#141413\">\u00catre \u00e9tablie au Luxembourg et y exercer une activit\u00e9 \u00e9conomique<\/span><\/span><\/span><\/li>\n<li style=\"list-style-type:disc\"><span style=\"font-family:Arial,Helvetica,sans-serif\"><span style=\"font-size:11pt\"><span style=\"color:#141413\">Disposer des autorisations d&rsquo;\u00e9tablissement n\u00e9cessaires<\/span><\/span><\/span><\/li>\n<li style=\"list-style-type:disc\"><span style=\"font-family:Arial,Helvetica,sans-serif\"><span style=\"font-size:11pt\"><span style=\"color:#141413\">Pr\u00e9senter un projet \u00e9conomiquement viable qui s&rsquo;inscrit dans l&rsquo;un des cinq packages<\/span><\/span><\/span><\/li>\n<\/ul>\n<h3><span style=\"font-family:Arial,Helvetica,sans-serif\"><span style=\"font-size:13pt\"><span style=\"color:#141413\"><strong>\u00c9tape 2 : Constitution du dossier<\/strong><\/span><\/span><\/span><\/h3>\n<p><span style=\"font-family:Arial,Helvetica,sans-serif\"><span style=\"font-size:11pt\"><span style=\"color:#141413\">La demande d&rsquo;aide doit \u00eatre soumise avant le d\u00e9marrage du projet et comporter :<\/span><\/span><\/span><\/p>\n<ul>\n<li style=\"list-style-type:disc\"><span style=\"font-family:Arial,Helvetica,sans-serif\"><span style=\"font-size:11pt\"><span style=\"color:#141413\">Un formulaire de demande d\u00fbment compl\u00e9t\u00e9<\/span><\/span><\/span><\/li>\n<li style=\"list-style-type:disc\"><span style=\"font-family:Arial,Helvetica,sans-serif\"><span style=\"font-size:11pt\"><span style=\"color:#141413\">Une description d\u00e9taill\u00e9e du projet et de ses objectifs<\/span><\/span><\/span><\/li>\n<li style=\"list-style-type:disc\"><span style=\"font-family:Arial,Helvetica,sans-serif\"><span style=\"font-size:11pt\"><span style=\"color:#141413\">Un plan de financement pr\u00e9cis<\/span><\/span><\/span><\/li>\n<li style=\"list-style-type:disc\"><span style=\"font-family:Arial,Helvetica,sans-serif\"><span style=\"font-size:11pt\"><span style=\"color:#141413\">Les derniers \u00e9tats financiers de l&rsquo;entreprise<\/span><\/span><\/span><\/li>\n<li style=\"list-style-type:disc\"><span style=\"font-family:Arial,Helvetica,sans-serif\"><span style=\"font-size:11pt\"><span style=\"color:#141413\">Une \u00e9valuation de l&rsquo;impact attendu du projet sur l&rsquo;entreprise<\/span><\/span><\/span><\/li>\n<\/ul>\n<h3><span style=\"font-family:Arial,Helvetica,sans-serif\"><span style=\"font-size:13pt\"><span style=\"color:#141413\"><strong>\u00c9tape 3 : Soumission et suivi<\/strong><\/span><\/span><\/span><\/h3>\n<p><span style=\"font-family:Arial,Helvetica,sans-serif\"><span style=\"font-size:11pt\"><span style=\"color:#141413\">Le dossier complet doit \u00eatre d\u00e9pos\u00e9 aupr\u00e8s de la Direction g\u00e9n\u00e9rale des classes moyennes du minist\u00e8re de l&rsquo;\u00c9conomie ou via la plateforme MyGuichet.lu. Un conseiller sera ensuite assign\u00e9 \u00e0 votre dossier pour en assurer le suivi et vous accompagner tout au long du processus.<\/span><\/span><\/span><\/p>\n<h2><span style=\"font-family:Arial,Helvetica,sans-serif\"><span style=\"font-size:17pt\"><span style=\"color:#141413\"><strong>L&rsquo;accompagnement professionnel : un atout majeur pour obtenir les aides<\/strong><\/span><\/span><\/span><\/h2>\n<p><span style=\"font-family:Arial,Helvetica,sans-serif\"><span style=\"font-size:11pt\"><span style=\"color:#141413\">Si les SME Packages repr\u00e9sentent une opportunit\u00e9 exceptionnelle pour les entreprises luxembourgeoises, la complexit\u00e9 des d\u00e9marches administratives et la technicit\u00e9 des dossiers \u00e0 constituer peuvent s&rsquo;av\u00e9rer d\u00e9courageantes pour de nombreux entrepreneurs.<\/span><\/span><\/span><\/p>\n<p><span style=\"font-family:Arial,Helvetica,sans-serif\"><span style=\"font-size:11pt\"><span style=\"color:#141413\">C&rsquo;est pourquoi faire appel \u00e0 un cabinet de fiduciaire sp\u00e9cialis\u00e9 peut consid\u00e9rablement augmenter vos chances d&rsquo;obtenir ces aides pour votre entreprise au Luxembourg. Un expert en la mati\u00e8re saura :<\/span><\/span><\/span><\/p>\n<ul>\n<li style=\"list-style-type:disc\"><span style=\"font-family:Arial,Helvetica,sans-serif\"><span style=\"font-size:11pt\"><span style=\"color:#141413\">\u00c9valuer avec pr\u00e9cision l&rsquo;\u00e9ligibilit\u00e9 de votre projet<\/span><\/span><\/span><\/li>\n<li style=\"list-style-type:disc\"><span style=\"font-family:Arial,Helvetica,sans-serif\"><span style=\"font-size:11pt\"><span style=\"color:#141413\">Identifier le package le plus adapt\u00e9 \u00e0 votre situation<\/span><\/span><\/span><\/li>\n<li style=\"list-style-type:disc\"><span style=\"font-family:Arial,Helvetica,sans-serif\"><span style=\"font-size:11pt\"><span style=\"color:#141413\">Structurer votre dossier de mani\u00e8re optimale<\/span><\/span><\/span><\/li>\n<li style=\"list-style-type:disc\"><span style=\"font-family:Arial,Helvetica,sans-serif\"><span style=\"font-size:11pt\"><span style=\"color:#141413\">Calculer le montant d&rsquo;aide potentiel<\/span><\/span><\/span><\/li>\n<li style=\"list-style-type:disc\"><span style=\"font-family:Arial,Helvetica,sans-serif\"><span style=\"font-size:11pt\"><span style=\"color:#141413\">Vous accompagner dans les \u00e9changes avec l&rsquo;administration<\/span><\/span><\/span><\/li>\n<li style=\"list-style-type:disc\"><span style=\"font-family:Arial,Helvetica,sans-serif\"><span style=\"font-size:11pt\"><span style=\"color:#141413\">Assurer le suivi post-attribution de l&rsquo;aide<\/span><\/span><\/span><\/li>\n<\/ul>\n<p><span style=\"font-family:Arial,Helvetica,sans-serif\"><span style=\"font-size:11pt\"><span style=\"color:#141413\">Notre cabinet fiduciaire poss\u00e8de une expertise reconnue dans l&rsquo;accompagnement des PME luxembourgeoises pour l&rsquo;obtention des SME Packages. Gr\u00e2ce \u00e0 notre connaissance approfondie des m\u00e9canismes d&rsquo;aides et notre exp\u00e9rience dans la constitution de dossiers, nous vous garantissons un accompagnement sur mesure pour maximiser vos chances de succ\u00e8s.<\/span><\/span><\/span><\/p>\n<h2><span style=\"font-family:Arial,Helvetica,sans-serif\"><span style=\"font-size:17pt\"><span style=\"color:#141413\"><strong>Optimisez votre acc\u00e8s aux aides pour les entreprises au Luxembourg<\/strong><\/span><\/span><\/span><\/h2>\n<p><span style=\"font-family:Arial,Helvetica,sans-serif\"><span style=\"font-size:11pt\"><span style=\"color:#141413\">Les SME Packages repr\u00e9sentent une opportunit\u00e9 exceptionnelle pour les PME luxembourgeoises souhaitant acc\u00e9l\u00e9rer leur transformation digitale, am\u00e9liorer leurs services, adopter des pratiques durables, int\u00e9grer l&rsquo;intelligence artificielle ou renforcer leur cybers\u00e9curit\u00e9. Ces aides peuvent v\u00e9ritablement transformer votre entreprise en lui donnant les moyens financiers de concr\u00e9tiser ses ambitions.<\/span><\/span><\/span><\/p>\n<p><span style=\"font-family:Arial,Helvetica,sans-serif\"><span style=\"font-size:11pt\"><span style=\"color:#141413\">Toutefois, la complexit\u00e9 des d\u00e9marches administratives pour l&rsquo;obtention de ces fonds n\u00e9cessitent une approche professionnelle et structur\u00e9e. Le succ\u00e8s de votre demande repose en grande partie sur la qualit\u00e9 du dossier pr\u00e9sent\u00e9 et sur votre capacit\u00e9 \u00e0 mettre en valeur l&rsquo;impact potentiel de votre projet.<\/span><\/span><\/span><\/p>\n<p><span style=\"font-family:Arial,Helvetica,sans-serif\"><span style=\"font-size:11pt\"><span style=\"color:#141413\">Ne laissez pas passer cette chance de b\u00e9n\u00e9ficier des aides pour les entreprises au Luxembourg. Notre \u00e9quipe de conseillers sp\u00e9cialis\u00e9s est \u00e0 votre disposition pour \u00e9valuer votre \u00e9ligibilit\u00e9 aux SME Packages et vous accompagner dans toutes les \u00e9tapes de votre demande.<\/span><\/span><\/span><\/p>\n<p><span style=\"font-family:Arial,Helvetica,sans-serif\"><span style=\"font-size:11pt\"><span style=\"color:#141413\">Contactez-nous d\u00e8s aujourd&rsquo;hui pour un diagnostic personnalis\u00e9 de votre situation et d\u00e9couvrez comment nous pouvons vous aider \u00e0 obtenir le financement dont votre entreprise a besoin pour se d\u00e9velopper dans les meilleures conditions.<\/span><\/span><\/span><\/p>","protected":false},"excerpt":{"rendered":"<p>Dans un environnement \u00e9conomique en constante \u00e9volution, les petites et moyennes entreprises (PME) luxembourgeoises peuvent parfois se sentir d\u00e9munies face aux d\u00e9fis financiers qu&rsquo;elles rencontrent. Que vous soyez entrepreneur d\u00e9butant ou chef d&rsquo;entreprise confirm\u00e9, le financement demeure souvent un obstacle majeur \u00e0 l&rsquo;expansion et \u00e0 l&rsquo;innovation. Heureusement, le Grand-Duch\u00e9 du Luxembourg a mis en place [&hellip;]<\/p>\n","protected":false},"author":3,"featured_media":1416,"comment_status":"open","ping_status":"closed","sticky":false,"template":"","format":"standard","meta":{"_acf_changed":false,"footnotes":""},"categories":[1],"tags":[],"service_lie":[39,38],"type_contenu":[21],"class_list":["post-1149","post","type-post","status-publish","format-standard","has-post-thumbnail","hentry","category-uncategorized","service_lie-autre","service_lie-fiscalite-tva","type_contenu-actualites"],"acf":[],"_links":{"self":[{"href":"https:\/\/www.omnitrust.lu\/en\/wp-json\/wp\/v2\/posts\/1149","targetHints":{"allow":["GET"]}}],"collection":[{"href":"https:\/\/www.omnitrust.lu\/en\/wp-json\/wp\/v2\/posts"}],"about":[{"href":"https:\/\/www.omnitrust.lu\/en\/wp-json\/wp\/v2\/types\/post"}],"author":[{"embeddable":true,"href":"https:\/\/www.omnitrust.lu\/en\/wp-json\/wp\/v2\/users\/3"}],"replies":[{"embeddable":true,"href":"https:\/\/www.omnitrust.lu\/en\/wp-json\/wp\/v2\/comments?post=1149"}],"version-history":[{"count":1,"href":"https:\/\/www.omnitrust.lu\/en\/wp-json\/wp\/v2\/posts\/1149\/revisions"}],"predecessor-version":[{"id":1465,"href":"https:\/\/www.omnitrust.lu\/en\/wp-json\/wp\/v2\/posts\/1149\/revisions\/1465"}],"wp:featuredmedia":[{"embeddable":true,"href":"https:\/\/www.omnitrust.lu\/en\/wp-json\/wp\/v2\/media\/1416"}],"wp:attachment":[{"href":"https:\/\/www.omnitrust.lu\/en\/wp-json\/wp\/v2\/media?parent=1149"}],"wp:term":[{"taxonomy":"category","embeddable":true,"href":"https:\/\/www.omnitrust.lu\/en\/wp-json\/wp\/v2\/categories?post=1149"},{"taxonomy":"post_tag","embeddable":true,"href":"https:\/\/www.omnitrust.lu\/en\/wp-json\/wp\/v2\/tags?post=1149"},{"taxonomy":"service_lie","embeddable":true,"href":"https:\/\/www.omnitrust.lu\/en\/wp-json\/wp\/v2\/service_lie?post=1149"},{"taxonomy":"type_contenu","embeddable":true,"href":"https:\/\/www.omnitrust.lu\/en\/wp-json\/wp\/v2\/type_contenu?post=1149"}],"curies":[{"name":"wp","href":"https:\/\/api.w.org\/{rel}","templated":true}]}}