{"id":1152,"date":"2025-10-13T12:19:37","date_gmt":"2025-10-13T12:19:37","guid":{"rendered":"https:\/\/omnitrust.lu\/nouveau-pret-a-taux-zero-de-la-snci-un-coup-de-pouce-strategique-pour-les-pme-luxembourgeoises\/"},"modified":"2026-03-19T09:35:27","modified_gmt":"2026-03-19T09:35:27","slug":"snci-zero-interest-loan-smes","status":"publish","type":"post","link":"https:\/\/www.omnitrust.lu\/en\/blog\/nouveau-pret-a-taux-zero-de-la-snci-un-coup-de-pouce-strategique-pour-les-pme-luxembourgeoises\/","title":{"rendered":"Nouveau Pr\u00eat \u00e0 Taux Z\u00e9ro de la SNCI : Un coup de pouce strat\u00e9gique pour les PME luxembourgeoises"},"content":{"rendered":"<p><span style=\"font-size:11pt\"><span style=\"font-family:Arial,sans-serif\"><span style=\"color:#000000\">La Soci\u00e9t\u00e9 Nationale de Cr\u00e9dit et d\u2019Investissement (SNCI) a lanc\u00e9 un nouvel instrument financier destin\u00e9 aux entreprises luxembourgeoises : le <\/span><\/span><\/span><span style=\"font-size:11pt\"><span style=\"font-family:Arial,sans-serif\"><span style=\"color:#000000\"><strong>pr\u00eat \u00ab Comp\u00e9titivit\u00e9 \/ P\u00e9rennit\u00e9 \u00bb<\/strong><\/span><\/span><\/span><span style=\"font-size:11pt\"><span style=\"font-family:Arial,sans-serif\"><span style=\"color:#000000\">, un financement \u00e0 <\/span><\/span><\/span><span style=\"font-size:11pt\"><span style=\"font-family:Arial,sans-serif\"><span style=\"color:#000000\"><strong>taux d\u2019int\u00e9r\u00eat z\u00e9ro<\/strong><\/span><\/span><\/span><span style=\"font-size:11pt\"><span style=\"font-family:Arial,sans-serif\"><span style=\"color:#000000\">. Ce dispositif vise \u00e0 soutenir les investissements productifs, durables et innovants, dans un contexte \u00e9conomique marqu\u00e9 par la hausse des co\u00fbts et les d\u00e9fis li\u00e9s \u00e0 la transition num\u00e9rique et \u00e9cologique.<\/span><\/span><\/span><\/p>\n<h2><strong><span style=\"font-size:17pt\"><span style=\"font-family:Arial,sans-serif\"><span style=\"color:#000000\">Un outil pour renforcer la comp\u00e9titivit\u00e9 et la p\u00e9rennit\u00e9 des entreprises<\/span><\/span><\/span><\/strong><\/h2>\n<p><span style=\"font-size:11pt\"><span style=\"font-family:Arial,sans-serif\"><span style=\"color:#000000\">Le pr\u00eat Comp\u00e9titivit\u00e9 \/ P\u00e9rennit\u00e9 a pour objectif d\u2019aider les entreprises \u00e0 moderniser leurs \u00e9quipements, \u00e0 acc\u00e9l\u00e9rer leur transformation digitale et \u00e9nerg\u00e9tique, et \u00e0 consolider leurs activit\u00e9s sur le long terme. Il s\u2019adresse principalement aux <\/span><\/span><\/span><span style=\"font-size:11pt\"><span style=\"font-family:Arial,sans-serif\"><span style=\"color:#000000\"><strong>petites et moyennes entreprises<\/strong><\/span><\/span><\/span><span style=\"font-size:11pt\"><span style=\"font-family:Arial,sans-serif\"><span style=\"color:#000000\"> implant\u00e9es au Luxembourg, quel que soit leur secteur d\u2019activit\u00e9.<\/span><\/span><\/span><\/p>\n<p><span style=\"font-size:11pt\"><span style=\"font-family:Arial,sans-serif\"><span style=\"color:#000000\">Concr\u00e8tement, ce financement permet de r\u00e9aliser des investissements strat\u00e9giques sans charge d\u2019int\u00e9r\u00eats, all\u00e9geant ainsi la pression sur la tr\u00e9sorerie et facilitant la planification \u00e0 long terme.<\/span><\/span><\/span><\/p>\n<p><span style=\"font-size:17pt\"><span style=\"font-family:Arial,sans-serif\"><span style=\"color:#000000\"><strong>Les principales caract\u00e9ristiques du pr\u00eat<\/strong><\/span><\/span><\/span><\/p>\n<p><span style=\"font-size:11pt\"><span style=\"font-family:Arial,sans-serif\"><span style=\"color:#000000\">Le dispositif compl\u00e8te les financements bancaires traditionnels. Il est accord\u00e9 <\/span><\/span><\/span><span style=\"font-size:11pt\"><span style=\"font-family:Arial,sans-serif\"><span style=\"color:#000000\"><strong>en collaboration avec les banques partenaires<\/strong><\/span><\/span><\/span><span style=\"font-size:11pt\"><span style=\"font-family:Arial,sans-serif\"><span style=\"color:#000000\"> de la SNCI, qui participent au cofinancement des projets.<\/span><\/span><\/span><br \/>\n<span style=\"font-size:11pt\"><span style=\"font-family:Arial,sans-serif\"><span style=\"color:#000000\">Les grandes lignes sont les suivantes :<\/span><\/span><\/span><\/br><\/p>\n<ul>\n<li style=\"list-style-type:disc\"><span style=\"font-size:11pt\"><span style=\"font-family:Arial,sans-serif\"><span style=\"color:#000000\"><strong>Taux d\u2019int\u00e9r\u00eat :<\/strong><\/span><\/span><\/span><span style=\"font-size:11pt\"><span style=\"font-family:Arial,sans-serif\"><span style=\"color:#000000\"> 0 %<\/span><\/span><\/span><br \/>\n\t\u00a0<\/li>\n<li style=\"list-style-type:disc\"><span style=\"font-size:11pt\"><span style=\"font-family:Arial,sans-serif\"><span style=\"color:#000000\"><strong>Montant maximal :<\/strong><\/span><\/span><\/span><span style=\"font-size:11pt\"><span style=\"font-family:Arial,sans-serif\"><span style=\"color:#000000\"> jusqu\u2019\u00e0 500 000 \u20ac, selon la taille et la nature du projet<\/span><\/span><\/span><br \/>\n\t\u00a0<\/li>\n<li style=\"list-style-type:disc\"><span style=\"font-size:11pt\"><span style=\"font-family:Arial,sans-serif\"><span style=\"color:#000000\"><strong>Dur\u00e9e maximale :<\/strong><\/span><\/span><\/span><span style=\"font-size:11pt\"><span style=\"font-family:Arial,sans-serif\"><span style=\"color:#000000\"> 10 ans<\/span><\/span><\/span><br \/>\n\t\u00a0<\/li>\n<li style=\"list-style-type:disc\"><span style=\"font-size:11pt\"><span style=\"font-family:Arial,sans-serif\"><span style=\"color:#000000\"><strong>B\u00e9n\u00e9ficiaires :<\/strong><\/span><\/span><\/span><span style=\"font-size:11pt\"><span style=\"font-family:Arial,sans-serif\"><span style=\"color:#000000\"> PME luxembourgeoises de tous secteurs<\/span><\/span><\/span><br \/>\n\t\u00a0<\/li>\n<li style=\"list-style-type:disc\"><span style=\"font-size:11pt\"><span style=\"font-family:Arial,sans-serif\"><span style=\"color:#000000\"><strong>Finalit\u00e9 :<\/strong><\/span><\/span><\/span><span style=\"font-size:11pt\"><span style=\"font-family:Arial,sans-serif\"><span style=\"color:#000000\"> investissements productifs, digitalisation, innovation, durabilit\u00e9 ou transmission d\u2019entreprise<\/span><\/span><\/span><br \/>\n\t\u00a0<\/li>\n<\/ul>\n<p><span style=\"font-size:11pt\"><span style=\"font-family:Arial,sans-serif\"><span style=\"color:#000000\">Le pr\u00eat s\u2019inscrit dans le cadre du <\/span><\/span><\/span><span style=\"font-size:11pt\"><span style=\"font-family:Arial,sans-serif\"><span style=\"color:#000000\"><strong>r\u00e9gime europ\u00e9en \u201cde minimis\u201d<\/strong><\/span><\/span><\/span><span style=\"font-size:11pt\"><span style=\"font-family:Arial,sans-serif\"><span style=\"color:#000000\">, qui encadre les aides publiques. Il peut \u00eatre cumul\u00e9 avec d\u2019autres dispositifs existants de la SNCI ou avec des aides \u00e9tatiques, sous r\u00e9serve du respect des plafonds autoris\u00e9s<\/span><\/span><\/span><\/p>\n<h2><span style=\"font-size:17pt\"><span style=\"font-family:Arial,sans-serif\"><span style=\"color:#000000\"><strong>Conditions d\u2019\u00e9ligibilit\u00e9<\/strong><\/span><\/span><\/span><\/h2>\n<p><span style=\"font-size:11pt\"><span style=\"font-family:Arial,sans-serif\"><span style=\"color:#000000\">Pour pouvoir b\u00e9n\u00e9ficier du pr\u00eat, l\u2019entreprise doit pr\u00e9senter un <\/span><\/span><\/span><span style=\"font-size:11pt\"><span style=\"font-family:Arial,sans-serif\"><span style=\"color:#000000\"><strong>projet d\u2019investissement concret<\/strong><\/span><\/span><\/span><span style=\"font-size:11pt\"><span style=\"font-family:Arial,sans-serif\"><span style=\"color:#000000\"> contribuant \u00e0 sa comp\u00e9titivit\u00e9 ou \u00e0 sa durabilit\u00e9. Les d\u00e9penses \u00e9ligibles peuvent concerner l\u2019achat de mat\u00e9riel, la mise \u00e0 niveau d\u2019installations, la transition num\u00e9rique ou \u00e9nerg\u00e9tique, ou encore la reprise d\u2019activit\u00e9s dans le cadre d\u2019une transmission.<\/span><\/span><\/span><\/p>\n<p><span style=\"font-size:11pt\"><span style=\"font-family:Arial,sans-serif\"><span style=\"color:#000000\">L\u2019acc\u00e8s au dispositif suppose \u00e9galement la participation d\u2019une <\/span><\/span><\/span><span style=\"font-size:11pt\"><span style=\"font-family:Arial,sans-serif\"><span style=\"color:#000000\"><strong>banque interm\u00e9diaire agr\u00e9\u00e9e<\/strong><\/span><\/span><\/span><span style=\"font-size:11pt\"><span style=\"font-family:Arial,sans-serif\"><span style=\"color:#000000\"> \u2014 telle que la BCEE, la BGL BNP Paribas, la BIL, la Banque Raiffeisen ou la Banque de Luxembourg \u2014 qui assurera une partie du financement et la relation avec la SNCI.<\/span><\/span><\/span><\/p>\n<h2><span style=\"font-size:17pt\"><span style=\"font-family:Arial,sans-serif\"><span style=\"color:#000000\"><strong>D\u00e9marches pour introduire une demande<\/strong><\/span><\/span><\/span><\/h2>\n<p><span style=\"font-size:11pt\"><span style=\"font-family:Arial,sans-serif\"><span style=\"color:#000000\">La proc\u00e9dure de demande se fait par l\u2019interm\u00e9diaire de la banque partenaire. L\u2019entreprise doit :<\/span><\/span><\/span><\/p>\n<ol>\n<li style=\"list-style-type:decimal\"><span style=\"font-size:11pt\"><span style=\"font-family:Arial,sans-serif\"><span style=\"color:#000000\"><strong>Identifier son projet d\u2019investissement<\/strong><\/span><\/span><\/span><span style=\"font-size:11pt\"><span style=\"font-family:Arial,sans-serif\"><span style=\"color:#000000\"> et en d\u00e9finir le co\u00fbt total.<\/span><\/span><\/span><br \/>\n\t\u00a0<\/li>\n<li style=\"list-style-type:decimal\"><span style=\"font-size:11pt\"><span style=\"font-family:Arial,sans-serif\"><span style=\"color:#000000\"><strong>Contacter sa banque<\/strong><\/span><\/span><\/span><span style=\"font-size:11pt\"><span style=\"font-family:Arial,sans-serif\"><span style=\"color:#000000\"> afin d\u2019\u00e9tudier la faisabilit\u00e9 du financement et la possibilit\u00e9 de cofinancement avec la SNCI.<\/span><\/span><\/span><br \/>\n\t\u00a0<\/li>\n<li style=\"list-style-type:decimal\"><span style=\"font-size:11pt\"><span style=\"font-family:Arial,sans-serif\"><span style=\"color:#000000\"><strong>Constituer le dossier<\/strong><\/span><\/span><\/span><span style=\"font-size:11pt\"><span style=\"font-family:Arial,sans-serif\"><span style=\"color:#000000\"> comprenant le plan de financement, les pr\u00e9visions financi\u00e8res et les informations relatives \u00e0 l\u2019entreprise.<\/span><\/span><\/span><br \/>\n\t\u00a0<\/li>\n<li style=\"list-style-type:decimal\"><span style=\"font-size:11pt\"><span style=\"font-family:Arial,sans-serif\"><span style=\"color:#000000\">La <\/span><\/span><\/span><span style=\"font-size:11pt\"><span style=\"font-family:Arial,sans-serif\"><span style=\"color:#000000\"><strong>banque soumet ensuite la demande \u00e0 la SNCI<\/strong><\/span><\/span><\/span><span style=\"font-size:11pt\"><span style=\"font-family:Arial,sans-serif\"><span style=\"color:#000000\">, qui examine le dossier conjointement.<\/span><\/span><\/span><br \/>\n\t\u00a0<\/li>\n<li style=\"list-style-type:decimal\"><span style=\"font-size:11pt\"><span style=\"font-family:Arial,sans-serif\"><span style=\"color:#000000\">En cas d\u2019accord, le pr\u00eat est formalis\u00e9 dans le cadre du financement global du projet.<\/span><\/span><\/span><br \/>\n\t\u00a0<\/li>\n<\/ol>\n<p><span style=\"font-size:11pt\"><span style=\"font-family:Arial,sans-serif\"><span style=\"color:#000000\">Cette approche permet de simplifier les d\u00e9marches administratives, puisque le PCP s\u2019int\u00e8gre directement dans le processus de financement bancaire habituel<\/span><\/span><\/span><\/p>\n<h2><span style=\"font-size:17pt\"><span style=\"font-family:Arial,sans-serif\"><span style=\"color:#000000\"><strong>Un soutien cibl\u00e9 \u00e0 la comp\u00e9titivit\u00e9 et \u00e0 la transition<\/strong><\/span><\/span><\/span><\/h2>\n<p>Avec ce nouveau dispositif, la SNCI souhaite encourager les entreprises luxembourgeoises \u00e0 investir malgr\u00e9 les incertitudes \u00e9conomiques. Le pr\u00eat \u00e0 taux z\u00e9ro constitue un levier d\u2019investissement accessible qui soutient la modernisation, la transition \u00e9cologique et la r\u00e9silience du tissu \u00e9conomique national.<br \/>\n<strong>Pour un accompagnement personnalis\u00e9 dans la pr\u00e9paration de votre dossier ou pour toute information compl\u00e9mentaire sur le pr\u00eat SNCI, n\u2019h\u00e9sitez pas \u00e0 nous contacter.<\/strong><\/p>","protected":false},"excerpt":{"rendered":"<p>La Soci\u00e9t\u00e9 Nationale de Cr\u00e9dit et d\u2019Investissement (SNCI) a lanc\u00e9 un nouvel instrument financier destin\u00e9 aux entreprises luxembourgeoises : le pr\u00eat \u00ab Comp\u00e9titivit\u00e9 \/ P\u00e9rennit\u00e9 \u00bb, un financement \u00e0 taux d\u2019int\u00e9r\u00eat z\u00e9ro. Ce dispositif vise \u00e0 soutenir les investissements productifs, durables et innovants, dans un contexte \u00e9conomique marqu\u00e9 par la hausse des co\u00fbts et les [&hellip;]<\/p>\n","protected":false},"author":3,"featured_media":1246,"comment_status":"open","ping_status":"closed","sticky":false,"template":"","format":"standard","meta":{"_acf_changed":false,"footnotes":""},"categories":[1],"tags":[],"service_lie":[39,31],"type_contenu":[21],"class_list":["post-1152","post","type-post","status-publish","format-standard","has-post-thumbnail","hentry","category-uncategorized","service_lie-autre","service_lie-liquidation","type_contenu-actualites"],"acf":[],"_links":{"self":[{"href":"https:\/\/www.omnitrust.lu\/en\/wp-json\/wp\/v2\/posts\/1152","targetHints":{"allow":["GET"]}}],"collection":[{"href":"https:\/\/www.omnitrust.lu\/en\/wp-json\/wp\/v2\/posts"}],"about":[{"href":"https:\/\/www.omnitrust.lu\/en\/wp-json\/wp\/v2\/types\/post"}],"author":[{"embeddable":true,"href":"https:\/\/www.omnitrust.lu\/en\/wp-json\/wp\/v2\/users\/3"}],"replies":[{"embeddable":true,"href":"https:\/\/www.omnitrust.lu\/en\/wp-json\/wp\/v2\/comments?post=1152"}],"version-history":[{"count":1,"href":"https:\/\/www.omnitrust.lu\/en\/wp-json\/wp\/v2\/posts\/1152\/revisions"}],"predecessor-version":[{"id":1458,"href":"https:\/\/www.omnitrust.lu\/en\/wp-json\/wp\/v2\/posts\/1152\/revisions\/1458"}],"wp:featuredmedia":[{"embeddable":true,"href":"https:\/\/www.omnitrust.lu\/en\/wp-json\/wp\/v2\/media\/1246"}],"wp:attachment":[{"href":"https:\/\/www.omnitrust.lu\/en\/wp-json\/wp\/v2\/media?parent=1152"}],"wp:term":[{"taxonomy":"category","embeddable":true,"href":"https:\/\/www.omnitrust.lu\/en\/wp-json\/wp\/v2\/categories?post=1152"},{"taxonomy":"post_tag","embeddable":true,"href":"https:\/\/www.omnitrust.lu\/en\/wp-json\/wp\/v2\/tags?post=1152"},{"taxonomy":"service_lie","embeddable":true,"href":"https:\/\/www.omnitrust.lu\/en\/wp-json\/wp\/v2\/service_lie?post=1152"},{"taxonomy":"type_contenu","embeddable":true,"href":"https:\/\/www.omnitrust.lu\/en\/wp-json\/wp\/v2\/type_contenu?post=1152"}],"curies":[{"name":"wp","href":"https:\/\/api.w.org\/{rel}","templated":true}]}}