{"id":1153,"date":"2025-09-03T12:19:37","date_gmt":"2025-09-03T12:19:37","guid":{"rendered":"https:\/\/omnitrust.lu\/nouvelle-circulaire-l-i-r-n-106-2-ce-qui-change-pour-lamortissement-immobilier\/"},"modified":"2026-03-19T09:33:40","modified_gmt":"2026-03-19T09:33:40","slug":"tax-circular-106-2-real-estate-depreciation","status":"publish","type":"post","link":"https:\/\/www.omnitrust.lu\/en\/blog\/nouvelle-circulaire-l-i-r-n-106-2-ce-qui-change-pour-lamortissement-immobilier\/","title":{"rendered":"Nouvelle circulaire L.I.R. n\u00b0 106\/2 : ce qui change pour l\u2019amortissement immobilier"},"content":{"rendered":"<p><span style=\"font-size:11pt\"><span style=\"font-family:Arial,sans-serif\"><span style=\"color:#000000\">L\u2019Administration des contributions directes (ACD) a publi\u00e9 la circulaire <\/span><\/span><\/span><span style=\"font-size:11pt\"><span style=\"font-family:Arial,sans-serif\"><span style=\"color:#000000\"><strong>L.I.R. n\u00b0 106\/2<\/strong><\/span><\/span><\/span><span style=\"font-size:11pt\"><span style=\"font-family:Arial,sans-serif\"><span style=\"color:#000000\">, dat\u00e9e du 12 ao\u00fbt 2025.<\/span><\/span><\/span><\/p>\n<p><span style=\"font-size:11pt\"><span style=\"font-family:Arial,sans-serif\"><span style=\"color:#000000\">Cette circulaire met \u00e0 jour les r\u00e8gles d\u2019<\/span><\/span><\/span><span style=\"font-size:11pt\"><span style=\"font-family:Arial,sans-serif\"><span style=\"color:#000000\"><strong>amortissement des immeubles b\u00e2tis ne faisant pas partie d\u2019un actif net investi<\/strong><\/span><\/span><\/span><span style=\"font-size:11pt\"><span style=\"font-family:Arial,sans-serif\"><span style=\"color:#000000\">, autrement dit le patrimoine priv\u00e9, avec un impact direct pour les propri\u00e9taires, bailleurs et investisseurs immobiliers.<\/span><\/span><\/span><\/p>\n<p><span style=\"font-size:11pt\"><span style=\"font-family:Arial,sans-serif\"><span style=\"color:#000000\">Objectif : moderniser, clarifier et rendre plus coh\u00e9rent le cadre fiscal applicable \u00e0 l\u2019immobilier locatif et aux r\u00e9novations.<\/span><\/span><\/span><\/p>\n<h2><span style=\"font-size:17pt\"><span style=\"font-family:Arial,sans-serif\"><span style=\"color:#000000\"><strong>Des taux d\u2019amortissement clarifi\u00e9s<\/strong><\/span><\/span><\/span><\/h2>\n<p><span style=\"font-size:11pt\"><span style=\"font-family:Arial,sans-serif\"><span style=\"color:#000000\"><strong>Immeubles ordinaires (hors logement locatif)<\/strong><\/span><\/span><\/span><\/p>\n<ul>\n<li style=\"list-style-type:disc\">\n<p><span style=\"font-size:11pt\"><span style=\"font-family:Arial,sans-serif\"><span style=\"color:#000000\">Moins de 30 ans : <\/span><\/span><\/span><span style=\"font-size:11pt\"><span style=\"font-family:Arial,sans-serif\"><span style=\"color:#000000\"><strong>1,5 %<\/strong><\/span><\/span><\/span><span style=\"font-size:11pt\"><span style=\"font-family:Arial,sans-serif\"><span style=\"color:#000000\"> (ou <\/span><\/span><\/span><span style=\"font-size:11pt\"><span style=\"font-family:Arial,sans-serif\"><span style=\"color:#000000\"><strong>2 %<\/strong><\/span><\/span><\/span><span style=\"font-size:11pt\"><span style=\"font-family:Arial,sans-serif\"><span style=\"color:#000000\"> si usure plus forte justifi\u00e9e)<\/span><\/span><\/span><\/p>\n<\/li>\n<li style=\"list-style-type:disc\">\n<p><span style=\"font-size:11pt\"><span style=\"font-family:Arial,sans-serif\"><span style=\"color:#000000\">Entre 30 et 60 ans : <\/span><\/span><\/span><span style=\"font-size:11pt\"><span style=\"font-family:Arial,sans-serif\"><span style=\"color:#000000\"><strong>2 %<\/strong><\/span><\/span><\/span><span style=\"font-size:11pt\"><span style=\"font-family:Arial,sans-serif\"><span style=\"color:#000000\"> (ou <\/span><\/span><\/span><span style=\"font-size:11pt\"><span style=\"font-family:Arial,sans-serif\"><span style=\"color:#000000\"><strong>2,5 %<\/strong><\/span><\/span><\/span><span style=\"font-size:11pt\"><span style=\"font-family:Arial,sans-serif\"><span style=\"color:#000000\">)<\/span><\/span><\/span><\/p>\n<\/li>\n<li style=\"list-style-type:disc\">\n<p><span style=\"font-size:11pt\"><span style=\"font-family:Arial,sans-serif\"><span style=\"color:#000000\">Plus de 60 ans : <\/span><\/span><\/span><span style=\"font-size:11pt\"><span style=\"font-family:Arial,sans-serif\"><span style=\"color:#000000\"><strong>3 %<\/strong><\/span><\/span><\/span><span style=\"font-size:11pt\"><span style=\"font-family:Arial,sans-serif\"><span style=\"color:#000000\"> (ou <\/span><\/span><\/span><span style=\"font-size:11pt\"><span style=\"font-family:Arial,sans-serif\"><span style=\"color:#000000\"><strong>4 %<\/strong><\/span><\/span><\/span><span style=\"font-size:11pt\"><span style=\"font-family:Arial,sans-serif\"><span style=\"color:#000000\">)<\/span><\/span><\/span><\/p>\n<\/li>\n<\/ul>\n<p><span style=\"font-size:11pt\"><span style=\"font-family:Arial,sans-serif\"><span style=\"color:#000000\">Moins de 30 ans : <\/span><\/span><\/span><span style=\"font-size:11pt\"><span style=\"font-family:Arial,sans-serif\"><span style=\"color:#000000\"><strong>1,5 %<\/strong><\/span><\/span><\/span><span style=\"font-size:11pt\"><span style=\"font-family:Arial,sans-serif\"><span style=\"color:#000000\"> (ou <\/span><\/span><\/span><span style=\"font-size:11pt\"><span style=\"font-family:Arial,sans-serif\"><span style=\"color:#000000\"><strong>2 %<\/strong><\/span><\/span><\/span><span style=\"font-size:11pt\"><span style=\"font-family:Arial,sans-serif\"><span style=\"color:#000000\"> si usure plus forte justifi\u00e9e)<\/span><\/span><\/span><\/p>\n<p><span style=\"font-size:11pt\"><span style=\"font-family:Arial,sans-serif\"><span style=\"color:#000000\">Entre 30 et 60 ans : <\/span><\/span><\/span><span style=\"font-size:11pt\"><span style=\"font-family:Arial,sans-serif\"><span style=\"color:#000000\"><strong>2 %<\/strong><\/span><\/span><\/span><span style=\"font-size:11pt\"><span style=\"font-family:Arial,sans-serif\"><span style=\"color:#000000\"> (ou <\/span><\/span><\/span><span style=\"font-size:11pt\"><span style=\"font-family:Arial,sans-serif\"><span style=\"color:#000000\"><strong>2,5 %<\/strong><\/span><\/span><\/span><span style=\"font-size:11pt\"><span style=\"font-family:Arial,sans-serif\"><span style=\"color:#000000\">)<\/span><\/span><\/span><\/p>\n<p><span style=\"font-size:11pt\"><span style=\"font-family:Arial,sans-serif\"><span style=\"color:#000000\">Plus de 60 ans : <\/span><\/span><\/span><span style=\"font-size:11pt\"><span style=\"font-family:Arial,sans-serif\"><span style=\"color:#000000\"><strong>3 %<\/strong><\/span><\/span><\/span><span style=\"font-size:11pt\"><span style=\"font-family:Arial,sans-serif\"><span style=\"color:#000000\"> (ou <\/span><\/span><\/span><span style=\"font-size:11pt\"><span style=\"font-family:Arial,sans-serif\"><span style=\"color:#000000\"><strong>4 %<\/strong><\/span><\/span><\/span><span style=\"font-size:11pt\"><span style=\"font-family:Arial,sans-serif\"><span style=\"color:#000000\">)<\/span><\/span><\/span><\/p>\n<p><span style=\"font-size:11pt\"><span style=\"font-family:Arial,sans-serif\"><span style=\"color:#000000\"><strong>Immeubles tr\u00e8s anciens (acquis avant 1941)<\/strong><\/span><\/span><\/span><\/p>\n<ul>\n<li style=\"list-style-type:disc\">\n<p><span style=\"font-size:11pt\"><span style=\"font-family:Arial,sans-serif\"><span style=\"color:#000000\">Base fix\u00e9e \u00e0 3 \u00d7 la valeur unitaire<\/span><\/span><\/span><\/p>\n<\/li>\n<li style=\"list-style-type:disc\">\n<p><span style=\"font-size:11pt\"><span style=\"font-family:Arial,sans-serif\"><span style=\"color:#000000\">Taux d\u2019amortissement : <\/span><\/span><\/span><span style=\"font-size:11pt\"><span style=\"font-family:Arial,sans-serif\"><span style=\"color:#000000\"><strong>2,5 %<\/strong><\/span><\/span><\/span><span style=\"font-size:11pt\"><span style=\"font-family:Arial,sans-serif\"><span style=\"color:#000000\">, port\u00e9 \u00e0 <\/span><\/span><\/span><span style=\"font-size:11pt\"><span style=\"font-family:Arial,sans-serif\"><span style=\"color:#000000\"><strong>3 %<\/strong><\/span><\/span><\/span><span style=\"font-size:11pt\"><span style=\"font-family:Arial,sans-serif\"><span style=\"color:#000000\"> si usure<\/span><\/span><\/span><\/p>\n<\/li>\n<\/ul>\n<p><span style=\"font-size:11pt\"><span style=\"font-family:Arial,sans-serif\"><span style=\"color:#000000\">Base fix\u00e9e \u00e0 3 \u00d7 la valeur unitaire<\/span><\/span><\/span><\/p>\n<p><span style=\"font-size:11pt\"><span style=\"font-family:Arial,sans-serif\"><span style=\"color:#000000\">Taux d\u2019amortissement : <\/span><\/span><\/span><span style=\"font-size:11pt\"><span style=\"font-family:Arial,sans-serif\"><span style=\"color:#000000\"><strong>2,5 %<\/strong><\/span><\/span><\/span><span style=\"font-size:11pt\"><span style=\"font-family:Arial,sans-serif\"><span style=\"color:#000000\">, port\u00e9 \u00e0 <\/span><\/span><\/span><span style=\"font-size:11pt\"><span style=\"font-family:Arial,sans-serif\"><span style=\"color:#000000\"><strong>3 %<\/strong><\/span><\/span><\/span><span style=\"font-size:11pt\"><span style=\"font-family:Arial,sans-serif\"><span style=\"color:#000000\"> si usure<\/span><\/span><\/span><\/p>\n<p><span style=\"font-size:11pt\"><span style=\"font-family:Arial,sans-serif\"><span style=\"color:#000000\"><strong>Logements locatifs<\/strong><\/span><\/span><\/span><\/p>\n<ul>\n<li style=\"list-style-type:disc\">\n<p><span style=\"font-size:11pt\"><span style=\"font-family:Arial,sans-serif\"><span style=\"color:#000000\">Taux standard : <\/span><\/span><\/span><span style=\"font-size:11pt\"><span style=\"font-family:Arial,sans-serif\"><span style=\"color:#000000\"><strong>2 %<\/strong><\/span><\/span><\/span><\/p>\n<\/li>\n<li style=\"list-style-type:disc\">\n<p><span style=\"font-size:11pt\"><span style=\"font-family:Arial,sans-serif\"><span style=\"color:#000000\"><strong>Taux acc\u00e9l\u00e9r\u00e9 : 4 %<\/strong><\/span><\/span><\/span><span style=\"font-size:11pt\"><span style=\"font-family:Arial,sans-serif\"><span style=\"color:#000000\"> pendant 5 ans maximum, applicable \u00e0 deux logements par contribuable (quatre pour un couple impos\u00e9 collectivement), \u00e0 condition que l\u2019immeuble ait \u00e9t\u00e9 achev\u00e9 depuis moins de 5 ans<\/span><\/span><\/span><\/p>\n<\/li>\n<li style=\"list-style-type:disc\">\n<p><span style=\"font-size:11pt\"><span style=\"font-family:Arial,sans-serif\"><span style=\"color:#000000\">Au-del\u00e0, retour au taux normal de 2 %<\/span><\/span><\/span><\/p>\n<\/li>\n<\/ul>\n<p><span style=\"font-size:11pt\"><span style=\"font-family:Arial,sans-serif\"><span style=\"color:#000000\">Taux standard : <\/span><\/span><\/span><span style=\"font-size:11pt\"><span style=\"font-family:Arial,sans-serif\"><span style=\"color:#000000\"><strong>2 %<\/strong><\/span><\/span><\/span><\/p>\n<p><span style=\"font-size:11pt\"><span style=\"font-family:Arial,sans-serif\"><span style=\"color:#000000\"><strong>Taux acc\u00e9l\u00e9r\u00e9 : 4 %<\/strong><\/span><\/span><\/span><span style=\"font-size:11pt\"><span style=\"font-family:Arial,sans-serif\"><span style=\"color:#000000\"> pendant 5 ans maximum, applicable \u00e0 deux logements par contribuable (quatre pour un couple impos\u00e9 collectivement), \u00e0 condition que l\u2019immeuble ait \u00e9t\u00e9 achev\u00e9 depuis moins de 5 ans<\/span><\/span><\/span><\/p>\n<p><span style=\"font-size:11pt\"><span style=\"font-family:Arial,sans-serif\"><span style=\"color:#000000\">Au-del\u00e0, retour au taux normal de 2 %<\/span><\/span><\/span><\/p>\n<p><span style=\"font-size:11pt\"><span style=\"font-family:Arial,sans-serif\"><span style=\"color:#000000\"><strong>Travaux et r\u00e9novations<\/strong><\/span><\/span><\/span><\/p>\n<ul>\n<li style=\"list-style-type:disc\">\n<p><span style=\"font-size:11pt\"><span style=\"font-family:Arial,sans-serif\"><span style=\"color:#000000\">R\u00e9novations d\u00e9passant 20 % du prix d\u2019acquisition : amortissement \u00e0 <\/span><\/span><\/span><span style=\"font-size:11pt\"><span style=\"font-family:Arial,sans-serif\"><span style=\"color:#000000\"><strong>4 %<\/strong><\/span><\/span><\/span><span style=\"font-size:11pt\"><span style=\"font-family:Arial,sans-serif\"><span style=\"color:#000000\"> pendant 5 ans<\/span><\/span><\/span><\/p>\n<\/li>\n<li style=\"list-style-type:disc\">\n<p><span style=\"font-size:11pt\"><span style=\"font-family:Arial,sans-serif\"><span style=\"color:#000000\">R\u00e9novations \u00e9nerg\u00e9tiques durables, avec aides publiques : <\/span><\/span><\/span><span style=\"font-size:11pt\"><span style=\"font-family:Arial,sans-serif\"><span style=\"color:#000000\"><strong>6 % pendant 9 ans<\/strong><\/span><\/span><\/span><\/p>\n<\/li>\n<\/ul>\n<p><span style=\"font-size:11pt\"><span style=\"font-family:Arial,sans-serif\"><span style=\"color:#000000\">R\u00e9novations d\u00e9passant 20 % du prix d\u2019acquisition : amortissement \u00e0 <\/span><\/span><\/span><span style=\"font-size:11pt\"><span style=\"font-family:Arial,sans-serif\"><span style=\"color:#000000\"><strong>4 %<\/strong><\/span><\/span><\/span><span style=\"font-size:11pt\"><span style=\"font-family:Arial,sans-serif\"><span style=\"color:#000000\"> pendant 5 ans<\/span><\/span><\/span><\/p>\n<p><span style=\"font-size:11pt\"><span style=\"font-family:Arial,sans-serif\"><span style=\"color:#000000\">R\u00e9novations \u00e9nerg\u00e9tiques durables, avec aides publiques : <\/span><\/span><\/span><span style=\"font-size:11pt\"><span style=\"font-family:Arial,sans-serif\"><span style=\"color:#000000\"><strong>6 % pendant 9 ans<\/strong><\/span><\/span><\/span><\/p>\n<h2><span style=\"font-size:17pt\"><span style=\"font-family:Arial,sans-serif\"><span style=\"color:#000000\"><strong>Les bonus fiscaux<\/strong><\/span><\/span><\/span><\/h2>\n<h2><span style=\"font-size:11pt\"><span style=\"font-family:Arial,sans-serif\"><span style=\"color:#000000\"><strong>Abattement immobilier sp\u00e9cial (article 129e L.I.R.)<\/strong><\/span><\/span><\/span><\/h2>\n<ul>\n<li style=\"list-style-type:disc\"><span style=\"font-size:11pt\"><span style=\"font-family:Arial,sans-serif\"><span style=\"color:#000000\">D\u00e9duction suppl\u00e9mentaire de <\/span><\/span><\/span><span style=\"font-size:11pt\"><span style=\"font-family:Arial,sans-serif\"><span style=\"color:#000000\"><strong>1 %<\/strong><\/span><\/span><\/span><span style=\"font-size:11pt\"><span style=\"font-family:Arial,sans-serif\"><span style=\"color:#000000\"> sur la base amortissable des logements b\u00e9n\u00e9ficiant du taux de 4 %<\/span><\/span><\/span><\/li>\n<li style=\"list-style-type:disc\"><span style=\"font-size:11pt\"><span style=\"font-family:Arial,sans-serif\"><span style=\"color:#000000\">Plafonn\u00e9 \u00e0 <\/span><\/span><\/span><span style=\"font-size:11pt\"><span style=\"font-family:Arial,sans-serif\"><span style=\"color:#000000\"><strong>10 000 \u20ac par contribuable<\/strong><\/span><\/span><\/span><\/li>\n<li style=\"list-style-type:disc\"><span style=\"font-size:11pt\"><span style=\"font-family:Arial,sans-serif\"><span style=\"color:#000000\">Doubl\u00e9 en cas de d\u00e9claration collective<\/span><\/span><\/span><br \/>\n\t\u00a0<\/br><\/li>\n<\/ul>\n<p><span style=\"font-size:11pt\"><span style=\"font-family:Arial,sans-serif\"><span style=\"color:#000000\"><strong>Abattement construction sp\u00e9cial (article 129f L.I.R.)<\/strong><\/span><\/span><\/span><\/p>\n<ul>\n<li style=\"list-style-type:disc\"><span style=\"font-size:11pt\"><span style=\"font-family:Arial,sans-serif\"><span style=\"color:#000000\">Applicable aux logements acquis en VEFA entre le 1er janvier 2024 et le 30 septembre 2025<\/span><\/span><\/span><\/li>\n<li style=\"list-style-type:disc\"><span style=\"font-size:11pt\"><span style=\"font-family:Arial,sans-serif\"><span style=\"color:#000000\">Montant maximal : <\/span><\/span><\/span><span style=\"font-size:11pt\"><span style=\"font-family:Arial,sans-serif\"><span style=\"color:#000000\"><strong>250 000 \u20ac<\/strong><\/span><\/span><\/span><\/li>\n<li style=\"list-style-type:disc\"><span style=\"font-size:11pt\"><span style=\"font-family:Arial,sans-serif\"><span style=\"color:#000000\">Doubl\u00e9 en cas de d\u00e9claration collective<\/span><\/span><\/span><\/li>\n<\/ul>\n<h2><span style=\"font-size:17pt\"><span style=\"font-family:Arial,sans-serif\"><span style=\"color:#000000\"><strong>Ce qu\u2019il faut retenir<\/strong><\/span><\/span><\/span><\/h2>\n<h2><span style=\"font-size:11pt\"><span style=\"font-family:Arial,sans-serif\"><span style=\"color:#000000\">Avec cette circulaire, l\u2019ACD veut rendre plus lisibles les r\u00e8gles applicables aux diff\u00e9rents types d\u2019immeubles, encadrer le recours au taux acc\u00e9l\u00e9r\u00e9 de 4 % r\u00e9serv\u00e9 \u00e0 un nombre limit\u00e9 de logements et \u00e0 une dur\u00e9e pr\u00e9cise, et encourager la r\u00e9novation \u00e9nerg\u00e9tique durable gr\u00e2ce \u00e0 un taux exceptionnel de 6 %.<\/span><\/span><\/span><\/h2>\n<p><span style=\"font-size:11pt\"><span style=\"font-family:Arial,sans-serif\"><span style=\"color:#000000\">En r\u00e9sum\u00e9, la circulaire L.I.R. n\u00b0 106\/2 red\u00e9finit le terrain de jeu fiscal pour les propri\u00e9taires et investisseurs immobiliers. Comprendre ces r\u00e8gles est essentiel pour optimiser sa fiscalit\u00e9 et planifier ses projets immobiliers.<\/span><\/span><\/span><\/p>\n<p><span style=\"font-size:11pt\"><span style=\"font-family:Arial,sans-serif\"><span style=\"color:#000000\">  Source officielle :<\/span><\/span><\/span><br \/>\n<a href=\"https:\/\/impotsdirects.public.lu\/dam-assets\/fr\/legislation\/circulaires\/lir-106-2-du-1282025.pdf\" style=\"text-decoration:none\" target=\"_blank\" rel=\"noopener\"><span style=\"font-size:11pt\"><span style=\"font-family:Arial,sans-serif\"><span style=\"color:#1155cc\"><u>Circulaire L.I.R. n\u00b0 106\/2 (PDF)<\/u><\/span><\/span><\/span><\/a><\/p>","protected":false},"excerpt":{"rendered":"<p>L\u2019Administration des contributions directes (ACD) a publi\u00e9 la circulaire L.I.R. n\u00b0 106\/2, dat\u00e9e du 12 ao\u00fbt 2025. Cette circulaire met \u00e0 jour les r\u00e8gles d\u2019amortissement des immeubles b\u00e2tis ne faisant pas partie d\u2019un actif net investi, autrement dit le patrimoine priv\u00e9, avec un impact direct pour les propri\u00e9taires, bailleurs et investisseurs immobiliers. Objectif : moderniser, [&hellip;]<\/p>\n","protected":false},"author":3,"featured_media":1283,"comment_status":"open","ping_status":"closed","sticky":false,"template":"","format":"standard","meta":{"_acf_changed":false,"footnotes":""},"categories":[1],"tags":[],"service_lie":[38],"type_contenu":[21],"class_list":["post-1153","post","type-post","status-publish","format-standard","has-post-thumbnail","hentry","category-uncategorized","service_lie-fiscalite-tva","type_contenu-actualites"],"acf":[],"_links":{"self":[{"href":"https:\/\/www.omnitrust.lu\/en\/wp-json\/wp\/v2\/posts\/1153","targetHints":{"allow":["GET"]}}],"collection":[{"href":"https:\/\/www.omnitrust.lu\/en\/wp-json\/wp\/v2\/posts"}],"about":[{"href":"https:\/\/www.omnitrust.lu\/en\/wp-json\/wp\/v2\/types\/post"}],"author":[{"embeddable":true,"href":"https:\/\/www.omnitrust.lu\/en\/wp-json\/wp\/v2\/users\/3"}],"replies":[{"embeddable":true,"href":"https:\/\/www.omnitrust.lu\/en\/wp-json\/wp\/v2\/comments?post=1153"}],"version-history":[{"count":1,"href":"https:\/\/www.omnitrust.lu\/en\/wp-json\/wp\/v2\/posts\/1153\/revisions"}],"predecessor-version":[{"id":1456,"href":"https:\/\/www.omnitrust.lu\/en\/wp-json\/wp\/v2\/posts\/1153\/revisions\/1456"}],"wp:featuredmedia":[{"embeddable":true,"href":"https:\/\/www.omnitrust.lu\/en\/wp-json\/wp\/v2\/media\/1283"}],"wp:attachment":[{"href":"https:\/\/www.omnitrust.lu\/en\/wp-json\/wp\/v2\/media?parent=1153"}],"wp:term":[{"taxonomy":"category","embeddable":true,"href":"https:\/\/www.omnitrust.lu\/en\/wp-json\/wp\/v2\/categories?post=1153"},{"taxonomy":"post_tag","embeddable":true,"href":"https:\/\/www.omnitrust.lu\/en\/wp-json\/wp\/v2\/tags?post=1153"},{"taxonomy":"service_lie","embeddable":true,"href":"https:\/\/www.omnitrust.lu\/en\/wp-json\/wp\/v2\/service_lie?post=1153"},{"taxonomy":"type_contenu","embeddable":true,"href":"https:\/\/www.omnitrust.lu\/en\/wp-json\/wp\/v2\/type_contenu?post=1153"}],"curies":[{"name":"wp","href":"https:\/\/api.w.org\/{rel}","templated":true}]}}