{"id":1165,"date":"2024-12-18T12:19:00","date_gmt":"2024-12-18T12:19:00","guid":{"rendered":"https:\/\/omnitrust.lu\/avantage-en-nature-voiture\/"},"modified":"2026-03-18T15:13:49","modified_gmt":"2026-03-18T15:13:49","slug":"company-car-benefit-in-kind","status":"publish","type":"post","link":"https:\/\/www.omnitrust.lu\/en\/blog\/avantage-en-nature-voiture\/","title":{"rendered":"Avantage en nature voiture"},"content":{"rendered":"<p><span style=\"font-size: 18px;\">Dans le cadre du plan national int\u00e9gr\u00e9 en mati\u00e8re d\u2019\u00e9nergie et de climat, le gouvernement avait instaur\u00e9 en 2022 une s\u00e9rie de taux progressifs pour l\u2019\u00e9valuation de l\u2019avantage en nature voiture, bas\u00e9s sur la date d\u2019immatriculation et le type de motorisation. L\u2019objectif \u00e0 l\u2019horizon 2025 \u00e9tait de r\u00e9duire l\u2019incitation \u00e0 l\u2019utilisation des voitures de soci\u00e9t\u00e9. Toutefois, afin de soutenir le march\u00e9 des v\u00e9hicules \u00e0 faibles \u00e9missions, un projet de r\u00e8glement grand-ducal a \u00e9t\u00e9 propos\u00e9 pour prolonger l\u2019\u00e9valuation avantageuse des v\u00e9hicules \u00e9cologiques. Ainsi, les v\u00e9hicules \u00e9lectriques ou \u00e0 hydrog\u00e8ne immatricul\u00e9s avant le 1er janvier 2027, ou dont le contrat de leasing est sign\u00e9 avant cette date et l\u2019immatriculation r\u00e9alis\u00e9e avant le 1er janvier 2028, b\u00e9n\u00e9ficieraient d\u2019un taux mensuel de 0,5% ou 0,6% du prix d\u2019achat (au lieu de 1% ou 1,2% initialement pr\u00e9vus). En revanche, pour les v\u00e9hicules thermiques immatricul\u00e9s \u00e0 partir du 1er janvier 2025, et dont le contrat n\u2019a pas \u00e9t\u00e9 sign\u00e9 avant cette date, le taux d\u2019\u00e9valuation sera fix\u00e9 \u00e0 2%, conform\u00e9ment aux pr\u00e9visions.<\/span><\/p>","protected":false},"excerpt":{"rendered":"<p>Dans le cadre du plan national int\u00e9gr\u00e9 en mati\u00e8re d\u2019\u00e9nergie et de climat, le gouvernement avait instaur\u00e9 en 2022 une s\u00e9rie de taux progressifs pour l\u2019\u00e9valuation de l\u2019avantage en nature voiture, bas\u00e9s sur la date d\u2019immatriculation et le type de motorisation. L\u2019objectif \u00e0 l\u2019horizon 2025 \u00e9tait de r\u00e9duire l\u2019incitation \u00e0 l\u2019utilisation des voitures de soci\u00e9t\u00e9. [&hellip;]<\/p>\n","protected":false},"author":3,"featured_media":1334,"comment_status":"open","ping_status":"closed","sticky":false,"template":"","format":"standard","meta":{"_acf_changed":false,"footnotes":""},"categories":[1],"tags":[],"service_lie":[38,29],"type_contenu":[21],"class_list":["post-1165","post","type-post","status-publish","format-standard","has-post-thumbnail","hentry","category-uncategorized","service_lie-fiscalite-tva","service_lie-rh_payroll","type_contenu-actualites"],"acf":[],"_links":{"self":[{"href":"https:\/\/www.omnitrust.lu\/en\/wp-json\/wp\/v2\/posts\/1165","targetHints":{"allow":["GET"]}}],"collection":[{"href":"https:\/\/www.omnitrust.lu\/en\/wp-json\/wp\/v2\/posts"}],"about":[{"href":"https:\/\/www.omnitrust.lu\/en\/wp-json\/wp\/v2\/types\/post"}],"author":[{"embeddable":true,"href":"https:\/\/www.omnitrust.lu\/en\/wp-json\/wp\/v2\/users\/3"}],"replies":[{"embeddable":true,"href":"https:\/\/www.omnitrust.lu\/en\/wp-json\/wp\/v2\/comments?post=1165"}],"version-history":[{"count":1,"href":"https:\/\/www.omnitrust.lu\/en\/wp-json\/wp\/v2\/posts\/1165\/revisions"}],"predecessor-version":[{"id":1388,"href":"https:\/\/www.omnitrust.lu\/en\/wp-json\/wp\/v2\/posts\/1165\/revisions\/1388"}],"wp:featuredmedia":[{"embeddable":true,"href":"https:\/\/www.omnitrust.lu\/en\/wp-json\/wp\/v2\/media\/1334"}],"wp:attachment":[{"href":"https:\/\/www.omnitrust.lu\/en\/wp-json\/wp\/v2\/media?parent=1165"}],"wp:term":[{"taxonomy":"category","embeddable":true,"href":"https:\/\/www.omnitrust.lu\/en\/wp-json\/wp\/v2\/categories?post=1165"},{"taxonomy":"post_tag","embeddable":true,"href":"https:\/\/www.omnitrust.lu\/en\/wp-json\/wp\/v2\/tags?post=1165"},{"taxonomy":"service_lie","embeddable":true,"href":"https:\/\/www.omnitrust.lu\/en\/wp-json\/wp\/v2\/service_lie?post=1165"},{"taxonomy":"type_contenu","embeddable":true,"href":"https:\/\/www.omnitrust.lu\/en\/wp-json\/wp\/v2\/type_contenu?post=1165"}],"curies":[{"name":"wp","href":"https:\/\/api.w.org\/{rel}","templated":true}]}}