{"id":1172,"date":"2024-10-08T12:19:00","date_gmt":"2024-10-08T12:19:00","guid":{"rendered":"https:\/\/omnitrust.lu\/verifications-par-rapport-au-respect-de-la-legislation-concernant-le-registre-des-beneficiaires-effectifs-rbe\/"},"modified":"2026-03-18T15:02:16","modified_gmt":"2026-03-18T15:02:16","slug":"rbe-beneficial-owners-compliance-check","status":"publish","type":"post","link":"https:\/\/www.omnitrust.lu\/en\/blog\/verifications-par-rapport-au-respect-de-la-legislation-concernant-le-registre-des-beneficiaires-effectifs-rbe\/","title":{"rendered":"V\u00e9rifications par rapport au respect de la l\u00e9gislation concernant le Registre des B\u00e9n\u00e9ficiaires Effectifs (RBE)"},"content":{"rendered":"<p style=\"text-align: justify;\"><span style=\"font-family: Arial,Helvetica,sans-serif;\"><span style=\"font-size: 18px;\">Pour information, la police nationale luxembourgeoise effectue actuellement des contr\u00f4les relatifs au respect de la loi 1<sup>er<\/sup> mars 2019 concernant les inscriptions des b\u00e9n\u00e9ficiaires effectifs au Registre des B\u00e9n\u00e9ficiaires Effectifs (RBE) de Luxembourg pour toutes les entit\u00e9s (soci\u00e9t\u00e9s, ASBL, etc\u2026) qui ont l\u2019obligation d\u2019inscrire leur b\u00e9n\u00e9ficiaires effectifs.<\/span><\/span><\/p>\n<p style=\"text-align: justify;\"><span style=\"font-family: Arial,Helvetica,sans-serif;\"><span style=\"font-size: 18px;\">Vous trouverez sur le lien suivant le communiqu\u00e9 de la police sur ce point\u00a0:<\/span><\/span><\/p>\n<p style=\"text-align: justify;\"><span style=\"font-family: Arial,Helvetica,sans-serif;\"><span style=\"font-size: 18px;\"><a style=\"color: #0563c1; text-decoration: underline;\" href=\"https:\/\/police.public.lu\/fr\/actualites\/2024\/09\/semaine-37\/rbe.html\" target=\"_blank\" rel=\"noopener\">https:\/\/police.public.lu\/fr\/actualites\/2024\/09\/semaine-37\/rbe.html<\/a><\/span><\/span><\/p>\n<p style=\"text-align: justify;\"><span style=\"font-family: Arial,Helvetica,sans-serif;\"><span style=\"font-size: 18px;\">Si vous n\u2019avez toujours pas proc\u00e9d\u00e9 aux d\u00e9marches d\u2019inscription ou que les b\u00e9n\u00e9ficiaires effectifs d\u00e9clar\u00e9s ne sont plus \u00e0 jour, il convient de proc\u00e9der rapidement aux inscriptions de fa\u00e7on \u00e0 \u00e9viter une amende qui peut allez de 1.250 EUR \u00e0 1.250.000 EUR.<\/span><\/span><\/p>\n<p style=\"text-align: justify;\"><span style=\"font-family: Arial,Helvetica,sans-serif;\"><span style=\"font-size: 18px;\">Nous restons \u00e0 votre disposition pour toute d\u00e9marche que vous souhaiteriez r\u00e9aliser aupr\u00e8s du RBE.<\/span><\/span><\/p>\n<p><span style=\"font-family: Arial,Helvetica,sans-serif;\"><span style=\"font-size: 18px;\">Pour information, la police nationale luxembourgeoise effectue actuellement des contr\u00f4les relatifs au respect de la loi 1<sup>er<\/sup> mars 2019 concernant les inscriptions des b\u00e9n\u00e9ficiaires effectifs au Registre des B\u00e9n\u00e9ficiaires Effectifs (RBE) de Luxembourg pour toutes les entit\u00e9s (soci\u00e9t\u00e9s, ASBL, etc\u2026) qui ont l\u2019obligation d\u2019inscrire leur b\u00e9n\u00e9ficiaires effectifs.<\/span><\/span><\/p>\n<p><span style=\"font-family: Arial,Helvetica,sans-serif;\"><span style=\"font-size: 18px;\">Vous trouverez sur le lien suivant le communiqu\u00e9 de la police sur ce point\u00a0:<\/span><\/span><\/p>\n<p><span style=\"font-family: Arial,Helvetica,sans-serif;\"><span style=\"font-size: 18px;\"><a style=\"color: #0563c1; text-decoration: underline;\" href=\"https:\/\/police.public.lu\/fr\/actualites\/2024\/09\/semaine-37\/rbe.html\" target=\"_blank\" rel=\"noopener\">https:\/\/police.public.lu\/fr\/actualites\/2024\/09\/semaine-37\/rbe.html<\/a><\/span><\/span><\/p>\n<p><span style=\"font-family: Arial,Helvetica,sans-serif;\"><span style=\"font-size: 18px;\">Si vous n\u2019avez toujours pas proc\u00e9d\u00e9 aux d\u00e9marches d\u2019inscription ou que les b\u00e9n\u00e9ficiaires effectifs d\u00e9clar\u00e9s ne sont plus \u00e0 jour, il convient de proc\u00e9der rapidement aux inscriptions de fa\u00e7on \u00e0 \u00e9viter une amende qui peut allez de 1.250 EUR \u00e0 1.250.000 EUR.<\/span><\/span><\/p>\n<p><span style=\"font-family: Arial,Helvetica,sans-serif;\"><span style=\"font-size: 18px;\">Nous restons \u00e0 votre disposition pour toute d\u00e9marche que vous souhaiteriez r\u00e9aliser aupr\u00e8s du RBE.<\/span><\/span><\/p>","protected":false},"excerpt":{"rendered":"<p>Pour information, la police nationale luxembourgeoise effectue actuellement des contr\u00f4les relatifs au respect de la loi 1er mars 2019 concernant les inscriptions des b\u00e9n\u00e9ficiaires effectifs au Registre des B\u00e9n\u00e9ficiaires Effectifs (RBE) de Luxembourg pour toutes les entit\u00e9s (soci\u00e9t\u00e9s, ASBL, etc\u2026) qui ont l\u2019obligation d\u2019inscrire leur b\u00e9n\u00e9ficiaires effectifs. Vous trouverez sur le lien suivant le communiqu\u00e9 [&hellip;]<\/p>\n","protected":false},"author":3,"featured_media":1278,"comment_status":"open","ping_status":"closed","sticky":false,"template":"","format":"standard","meta":{"_acf_changed":false,"footnotes":""},"categories":[1],"tags":[],"service_lie":[39],"type_contenu":[21],"class_list":["post-1172","post","type-post","status-publish","format-standard","has-post-thumbnail","hentry","category-uncategorized","service_lie-autre","type_contenu-actualites"],"acf":[],"_links":{"self":[{"href":"https:\/\/www.omnitrust.lu\/en\/wp-json\/wp\/v2\/posts\/1172","targetHints":{"allow":["GET"]}}],"collection":[{"href":"https:\/\/www.omnitrust.lu\/en\/wp-json\/wp\/v2\/posts"}],"about":[{"href":"https:\/\/www.omnitrust.lu\/en\/wp-json\/wp\/v2\/types\/post"}],"author":[{"embeddable":true,"href":"https:\/\/www.omnitrust.lu\/en\/wp-json\/wp\/v2\/users\/3"}],"replies":[{"embeddable":true,"href":"https:\/\/www.omnitrust.lu\/en\/wp-json\/wp\/v2\/comments?post=1172"}],"version-history":[{"count":1,"href":"https:\/\/www.omnitrust.lu\/en\/wp-json\/wp\/v2\/posts\/1172\/revisions"}],"predecessor-version":[{"id":1371,"href":"https:\/\/www.omnitrust.lu\/en\/wp-json\/wp\/v2\/posts\/1172\/revisions\/1371"}],"wp:featuredmedia":[{"embeddable":true,"href":"https:\/\/www.omnitrust.lu\/en\/wp-json\/wp\/v2\/media\/1278"}],"wp:attachment":[{"href":"https:\/\/www.omnitrust.lu\/en\/wp-json\/wp\/v2\/media?parent=1172"}],"wp:term":[{"taxonomy":"category","embeddable":true,"href":"https:\/\/www.omnitrust.lu\/en\/wp-json\/wp\/v2\/categories?post=1172"},{"taxonomy":"post_tag","embeddable":true,"href":"https:\/\/www.omnitrust.lu\/en\/wp-json\/wp\/v2\/tags?post=1172"},{"taxonomy":"service_lie","embeddable":true,"href":"https:\/\/www.omnitrust.lu\/en\/wp-json\/wp\/v2\/service_lie?post=1172"},{"taxonomy":"type_contenu","embeddable":true,"href":"https:\/\/www.omnitrust.lu\/en\/wp-json\/wp\/v2\/type_contenu?post=1172"}],"curies":[{"name":"wp","href":"https:\/\/api.w.org\/{rel}","templated":true}]}}