{"id":1174,"date":"2024-09-20T12:19:00","date_gmt":"2024-09-20T12:19:00","guid":{"rendered":"https:\/\/omnitrust.lu\/nouvelle-convention-collective-du-secteur-bancaire-2024-2026\/"},"modified":"2026-03-18T15:08:01","modified_gmt":"2026-03-18T15:08:01","slug":"banking-sector-collective-agreement-2024-2026","status":"publish","type":"post","link":"https:\/\/www.omnitrust.lu\/en\/blog\/nouvelle-convention-collective-du-secteur-bancaire-2024-2026\/","title":{"rendered":"Nouvelle convention collective du secteur bancaire 2024 \u2013 2026"},"content":{"rendered":"<p><span style=\"font-size: 18px;\"><span style=\"font-family: Aptos,sans-serif;\">Le 1er ao\u00fbt 2024, une nouvelle convention collective de travail a \u00e9t\u00e9 sign\u00e9e pour le secteur bancaire luxembourgeois. Cette convention, qui s&rsquo;\u00e9tend sur une dur\u00e9e de trois ans, couvrira la p\u00e9riode allant du 1er janvier 2024 au 31 d\u00e9cembre 2026. Elle introduit plusieurs am\u00e9liorations significatives pour les employ\u00e9s du secteur.<\/span><\/span><\/p>\n<p><span style=\"font-size: 18px;\"><span style=\"font-family: Aptos,sans-serif;\">Parmi les mesures phares de cette convention, une prime de 500 euros sera accord\u00e9e \u00e0 tous les salari\u00e9s, cette somme devant \u00eatre vers\u00e9e avec les salaires de janvier 2025. De plus, la prime de fid\u00e9lit\u00e9, qui r\u00e9compense l&rsquo;anciennet\u00e9 au sein de l&rsquo;entreprise, a \u00e9t\u00e9 augment\u00e9e, renfor\u00e7ant ainsi l&rsquo;engagement \u00e0 long terme des employ\u00e9s.<\/span><\/span><\/p>\n<p><span style=\"font-size: 18px;\"><span style=\"font-family: Aptos,sans-serif;\">Un autre point important de cette convention est l&rsquo;enveloppe financi\u00e8re allou\u00e9e pour les ann\u00e9es 2024, 2025 et 2026. Cette enveloppe sera utilis\u00e9e pour r\u00e9compenser l&rsquo;engagement des salari\u00e9s sous diverses formes, ce qui t\u00e9moigne de la volont\u00e9 de valoriser leur contribution au succ\u00e8s des institutions bancaires.<\/span><\/span><\/p>\n<p><span style=\"font-size: 18px;\"><span style=\"font-family: Aptos,sans-serif;\">Les montants de d\u00e9part et les seuils de r\u00e9mun\u00e9ration pour les quatre groupes de salari\u00e9s, class\u00e9s de A \u00e0 D, ont \u00e9galement \u00e9t\u00e9 augment\u00e9s, garantissant ainsi une meilleure r\u00e9mun\u00e9ration pour chacun de ces groupes. Cette revalorisation est accompagn\u00e9e d&rsquo;une reconnaissance accrue des comp\u00e9tences acquises par les employ\u00e9s, facilitant ainsi leur progression professionnelle et leurs perspectives d&rsquo;augmentation salariale.<\/span><\/span><\/p>\n<p><span style=\"font-size: 18px;\"><span style=\"font-family: Aptos,sans-serif;\">Par ailleurs, un accent particulier a \u00e9t\u00e9 mis sur la formation continue des salari\u00e9s. Le budget annuel d\u00e9di\u00e9 \u00e0 la formation a \u00e9t\u00e9 rehauss\u00e9 de 10 %, t\u00e9moignant de l&rsquo;importance accord\u00e9e \u00e0 la mont\u00e9e en comp\u00e9tences dans un secteur en constante \u00e9volution. Chaque salari\u00e9 se verra \u00e9galement attribuer une allocation individuelle de formation d&rsquo;au moins 16 heures par an, qui devra \u00eatre utilis\u00e9e avant la fin de chaque ann\u00e9e civile.<\/span><\/span><\/p>\n<p><span style=\"font-size: 18px;\"><span style=\"font-family: 'Aptos',sans-serif;\">Cette nouvelle convention collective repr\u00e9sente une avanc\u00e9e importante pour les salari\u00e9s du secteur bancaire au Luxembourg, en renfor\u00e7ant non seulement leur r\u00e9mun\u00e9ration et leurs avantages, mais aussi en leur offrant de meilleures opportunit\u00e9s de d\u00e9veloppement professionnel.<\/span><\/span><\/p>","protected":false},"excerpt":{"rendered":"<p>Le 1er ao\u00fbt 2024, une nouvelle convention collective de travail a \u00e9t\u00e9 sign\u00e9e pour le secteur bancaire luxembourgeois. Cette convention, qui s&rsquo;\u00e9tend sur une dur\u00e9e de trois ans, couvrira la p\u00e9riode allant du 1er janvier 2024 au 31 d\u00e9cembre 2026. Elle introduit plusieurs am\u00e9liorations significatives pour les employ\u00e9s du secteur. Parmi les mesures phares de [&hellip;]<\/p>\n","protected":false},"author":3,"featured_media":1369,"comment_status":"open","ping_status":"closed","sticky":false,"template":"","format":"standard","meta":{"_acf_changed":false,"footnotes":""},"categories":[1],"tags":[],"service_lie":[29],"type_contenu":[21],"class_list":["post-1174","post","type-post","status-publish","format-standard","has-post-thumbnail","hentry","category-uncategorized","service_lie-rh_payroll","type_contenu-actualites"],"acf":[],"_links":{"self":[{"href":"https:\/\/www.omnitrust.lu\/en\/wp-json\/wp\/v2\/posts\/1174","targetHints":{"allow":["GET"]}}],"collection":[{"href":"https:\/\/www.omnitrust.lu\/en\/wp-json\/wp\/v2\/posts"}],"about":[{"href":"https:\/\/www.omnitrust.lu\/en\/wp-json\/wp\/v2\/types\/post"}],"author":[{"embeddable":true,"href":"https:\/\/www.omnitrust.lu\/en\/wp-json\/wp\/v2\/users\/3"}],"replies":[{"embeddable":true,"href":"https:\/\/www.omnitrust.lu\/en\/wp-json\/wp\/v2\/comments?post=1174"}],"version-history":[{"count":1,"href":"https:\/\/www.omnitrust.lu\/en\/wp-json\/wp\/v2\/posts\/1174\/revisions"}],"predecessor-version":[{"id":1373,"href":"https:\/\/www.omnitrust.lu\/en\/wp-json\/wp\/v2\/posts\/1174\/revisions\/1373"}],"wp:featuredmedia":[{"embeddable":true,"href":"https:\/\/www.omnitrust.lu\/en\/wp-json\/wp\/v2\/media\/1369"}],"wp:attachment":[{"href":"https:\/\/www.omnitrust.lu\/en\/wp-json\/wp\/v2\/media?parent=1174"}],"wp:term":[{"taxonomy":"category","embeddable":true,"href":"https:\/\/www.omnitrust.lu\/en\/wp-json\/wp\/v2\/categories?post=1174"},{"taxonomy":"post_tag","embeddable":true,"href":"https:\/\/www.omnitrust.lu\/en\/wp-json\/wp\/v2\/tags?post=1174"},{"taxonomy":"service_lie","embeddable":true,"href":"https:\/\/www.omnitrust.lu\/en\/wp-json\/wp\/v2\/service_lie?post=1174"},{"taxonomy":"type_contenu","embeddable":true,"href":"https:\/\/www.omnitrust.lu\/en\/wp-json\/wp\/v2\/type_contenu?post=1174"}],"curies":[{"name":"wp","href":"https:\/\/api.w.org\/{rel}","templated":true}]}}