{"id":1175,"date":"2024-09-19T12:19:00","date_gmt":"2024-09-19T12:19:00","guid":{"rendered":"https:\/\/omnitrust.lu\/reduction-du-taux-de-tva-sur-les-oeuvres-dart\/"},"modified":"2026-03-18T15:23:01","modified_gmt":"2026-03-18T15:23:01","slug":"vat-reduction-artworks","status":"publish","type":"post","link":"https:\/\/www.omnitrust.lu\/en\/blog\/reduction-du-taux-de-tva-sur-les-oeuvres-dart\/","title":{"rendered":"R\u00e9duction du taux de TVA sur les \u0153uvres d\u2019Art"},"content":{"rendered":"<p><span style=\"font-family: Arial,Helvetica,sans-serif;\"><span style=\"font-size: 18px;\">Le conseil de gouvernement a approuv\u00e9 un projet de loi visant \u00e0 r\u00e9duire le taux de TVA sur la vente d&rsquo;\u0153uvres d&rsquo;art \u00e0 8%. Cette d\u00e9cision est accueillie positivement par le secteur.<\/span><\/span><\/p>\n<p><span style=\"font-family: Arial,Helvetica,sans-serif;\"><span style=\"font-size: 18px;\">Le 26 juin dernier, le conseil de gouvernement a valid\u00e9 le projet de loi proposant un taux r\u00e9duit de 8% pour la TVA sur les transactions d&rsquo;\u0153uvres d&rsquo;art, de collection et d&rsquo;antiquit\u00e9s, contre 17% auparavant.<\/span><\/span><\/p>\n<p><span style=\"font-family: Arial,Helvetica,sans-serif;\"><span style=\"font-size: 18px;\">Cette r\u00e9forme, soutenue par la Lafa (Luxembourg Association for Art Galleries &amp; Practitioners) et la soci\u00e9t\u00e9 VAT Solutions sp\u00e9cialis\u00e9e en TVA, r\u00e9sulte de discussions fructueuses avec les minist\u00e8res de la Culture et des Finances pour souligner l&rsquo;importance de cette mesure pour le march\u00e9 de l&rsquo;art au Luxembourg.<\/span><\/span><\/p>\n<p><span style=\"font-family: Arial,Helvetica,sans-serif;\"><span style=\"font-size: 18px;\">Elle r\u00e9pond \u00e9galement \u00e0 la Directive 2022\/542 de l&rsquo;Union europ\u00e9enne, qui vise \u00e0 harmoniser les taux de TVA parmi les 27 \u00c9tats membres. Une application stricte de cette directive aurait pu augmenter la TVA sur les importations et ventes d&rsquo;\u0153uvres d&rsquo;art, rendant ces transactions plus co\u00fbteuses et d\u00e9courageant ainsi les acheteurs, ce qui aurait affect\u00e9 les ventes locales en galeries et foires, selon la Lafa. Une telle hausse aurait impact\u00e9 le chiffre d&rsquo;affaires des galeries et r\u00e9duit les recettes fiscales.<\/span><\/span><\/p>\n<p><span style=\"font-family: Arial,Helvetica,sans-serif;\"><span style=\"font-size: 18px;\">En adoptant un taux de TVA de 8% pour les \u0153uvres d&rsquo;art, le Luxembourg s&rsquo;aligne davantage avec les taux de ses voisins : 5,5% en France, 6% en Belgique et 7% en Allemagne. Cette mesure sera mise en place une fois que la vente d&rsquo;objets d&rsquo;art, de collection ou d&rsquo;antiquit\u00e9 sera ajout\u00e9e \u00e0 l&rsquo;annexe A de la loi TVA.<\/span><\/span><\/p>\n<p><span style=\"font-family: Arial,Helvetica,sans-serif;\"><span style=\"font-size: 18px;\">Apr\u00e8s l&rsquo;approbation du conseil de gouvernement, le projet de r\u00e9forme suivra le processus l\u00e9gislatif habituel. La nouvelle TVA \u00e0 8% devrait entrer en vigueur le 1er janvier 2025.<\/span><\/span><\/p>","protected":false},"excerpt":{"rendered":"<p>Le conseil de gouvernement a approuv\u00e9 un projet de loi visant \u00e0 r\u00e9duire le taux de TVA sur la vente d&rsquo;\u0153uvres d&rsquo;art \u00e0 8%. Cette d\u00e9cision est accueillie positivement par le secteur. Le 26 juin dernier, le conseil de gouvernement a valid\u00e9 le projet de loi proposant un taux r\u00e9duit de 8% pour la TVA [&hellip;]<\/p>\n","protected":false},"author":3,"featured_media":1399,"comment_status":"open","ping_status":"closed","sticky":false,"template":"","format":"standard","meta":{"_acf_changed":false,"footnotes":""},"categories":[1],"tags":[],"service_lie":[38],"type_contenu":[21],"class_list":["post-1175","post","type-post","status-publish","format-standard","has-post-thumbnail","hentry","category-uncategorized","service_lie-fiscalite-tva","type_contenu-actualites"],"acf":[],"_links":{"self":[{"href":"https:\/\/www.omnitrust.lu\/en\/wp-json\/wp\/v2\/posts\/1175","targetHints":{"allow":["GET"]}}],"collection":[{"href":"https:\/\/www.omnitrust.lu\/en\/wp-json\/wp\/v2\/posts"}],"about":[{"href":"https:\/\/www.omnitrust.lu\/en\/wp-json\/wp\/v2\/types\/post"}],"author":[{"embeddable":true,"href":"https:\/\/www.omnitrust.lu\/en\/wp-json\/wp\/v2\/users\/3"}],"replies":[{"embeddable":true,"href":"https:\/\/www.omnitrust.lu\/en\/wp-json\/wp\/v2\/comments?post=1175"}],"version-history":[{"count":1,"href":"https:\/\/www.omnitrust.lu\/en\/wp-json\/wp\/v2\/posts\/1175\/revisions"}],"predecessor-version":[{"id":1400,"href":"https:\/\/www.omnitrust.lu\/en\/wp-json\/wp\/v2\/posts\/1175\/revisions\/1400"}],"wp:featuredmedia":[{"embeddable":true,"href":"https:\/\/www.omnitrust.lu\/en\/wp-json\/wp\/v2\/media\/1399"}],"wp:attachment":[{"href":"https:\/\/www.omnitrust.lu\/en\/wp-json\/wp\/v2\/media?parent=1175"}],"wp:term":[{"taxonomy":"category","embeddable":true,"href":"https:\/\/www.omnitrust.lu\/en\/wp-json\/wp\/v2\/categories?post=1175"},{"taxonomy":"post_tag","embeddable":true,"href":"https:\/\/www.omnitrust.lu\/en\/wp-json\/wp\/v2\/tags?post=1175"},{"taxonomy":"service_lie","embeddable":true,"href":"https:\/\/www.omnitrust.lu\/en\/wp-json\/wp\/v2\/service_lie?post=1175"},{"taxonomy":"type_contenu","embeddable":true,"href":"https:\/\/www.omnitrust.lu\/en\/wp-json\/wp\/v2\/type_contenu?post=1175"}],"curies":[{"name":"wp","href":"https:\/\/api.w.org\/{rel}","templated":true}]}}