{"id":1186,"date":"2024-02-23T12:19:00","date_gmt":"2024-02-23T12:19:00","guid":{"rendered":"https:\/\/omnitrust.lu\/recapitulatif-des-nouveautes-sociales-au-1er-janvier-2024\/"},"modified":"2026-03-18T14:43:38","modified_gmt":"2026-03-18T14:43:38","slug":"social-updates-summary-2024","status":"publish","type":"post","link":"https:\/\/www.omnitrust.lu\/en\/blog\/recapitulatif-des-nouveautes-sociales-au-1er-janvier-2024\/","title":{"rendered":"R\u00e9capitulatif des nouveaut\u00e9s sociales au 1er janvier 2024"},"content":{"rendered":"<p><u><span style=\"font-size: 18px;\"><span style=\"font-family: Calibri,sans-serif;\"><strong><span style=\"font-family: 'Calibri',sans-serif;\">Adaptation du bar\u00e8me de l\u2019imp\u00f4t sur le revenu<\/span><\/strong><\/span><\/span><\/u><\/p>\n<p><span style=\"font-size: 18px;\"><span style=\"font-family: Calibri,sans-serif;\">A partir du 1er janvier 2024 les tranches du bar\u00e8me de l\u2019imp\u00f4t sur le revenu augmentent de 10,38 % (par rapport au tarif applicable depuis 2017). Cela correspond \u00e0 4 tranches indiciaires. Cela entraine donc un all\u00e8gement de la charge fiscale qui p\u00e8se sur les m\u00e9nages.<\/span><\/span><\/p>\n<p><span style=\"font-size: 18px;\"><span style=\"font-family: Calibri,sans-serif;\">Les salari\u00e9s frontaliers mari\u00e9s, pour b\u00e9n\u00e9ficier de cet all\u00e8gement, peuvent effectuer une r\u00e9\u00e9valuation de leur taux d\u2019imposition sur MyGuichet.lu \u00e0 partir du lien suivant\u00a0:<\/span><\/span><\/p>\n<p><span style=\"font-size: 18px;\"><span style=\"font-family: Calibri,sans-serif;\"><a style=\"color: #0563c1; text-decoration: underline;\" href=\"https:\/\/guichet.public.lu\/fr\/citoyens\/fiscalite\/declaration-impot-decompte\/fiche-retenue-impot\/imposition-collective-individuelle.html\" target=\"_blank\" rel=\"noopener\">https:\/\/guichet.public.lu\/fr\/citoyens\/fiscalite\/declaration-impot-decompte\/fiche-retenue-impot\/imposition-collective-individuelle.html<\/a><\/span><\/span><\/p>\n<p><u><span style=\"font-size: 18px;\"><span style=\"font-family: Calibri,sans-serif;\"><strong><span style=\"font-family: 'Calibri',sans-serif;\">Cr\u00e9ation du cr\u00e9dit d\u2019imp\u00f4t CO2<\/span><\/strong><\/span><\/span><\/u><\/p>\n<p><span style=\"font-size: 18px;\"><span style=\"font-family: Calibri,sans-serif;\">Afin d\u2019aider les familles et les retrait\u00e9s aux revenus les plus modestes le cr\u00e9dit d\u2019imp\u00f4t CO2 a \u00e9t\u00e9 introduit \u00e0 partir du 1er janvier 2024 pour compenser l\u2019augmentation de la taxe CO2. <\/span><\/span><\/p>\n<p><span style=\"font-size: 18px;\"><span style=\"font-family: Calibri,sans-serif;\">Ce cr\u00e9dit d\u2019imp\u00f4t s\u2019\u00e9l\u00e8ve \u00e0 14 euros par mois, soit un total de 168 euros par an pour les personnes qui ont un salaire brut ou une pension qui ne d\u00e9passe pas 40.000 euros par an. Au-del\u00e0 de 40.000 euros par an et jusqu\u2019\u00e0 80.000 euros par an, ce cr\u00e9dit d\u2019imp\u00f4t est d\u00e9gressif.<\/span><\/span><\/p>\n<p><span style=\"font-size: 18px;\"><span style=\"font-family: Calibri,sans-serif;\">Au-del\u00e0 de 80.000 euros par an les salari\u00e9s ne b\u00e9n\u00e9ficient pas de ce cr\u00e9dit d\u2019imp\u00f4ts.<\/span><\/span><\/p>\n<p><span style=\"font-size: 18px;\"><span style=\"font-family: Calibri,sans-serif;\"><span style=\"color: black;\">Nouveau cr\u00e9dit d\u2019imp\u00f4t CO2 (CI \u2013 CO2) en fonction du revenu brut<\/span><\/span><\/span><\/p>\n<p><span style=\"font-size: 18px;\"><span style=\"font-family: Calibri,sans-serif;\"><span style=\"color: black;\">Mensuel<\/span><\/span><\/span><\/p>\n<p><span style=\"font-size: 18px;\"><span style=\"font-family: Calibri,sans-serif;\"><span style=\"color: black;\">78<\/span><\/span><\/span><\/p>\n<p><span style=\"font-size: 18px;\"><span style=\"font-family: Calibri,sans-serif;\"><span style=\"color: black;\">939<\/span><\/span><\/span><\/p>\n<p><span style=\"font-size: 18px;\"><span style=\"font-family: Calibri,sans-serif;\"><span style=\"color: black;\">3333<\/span><\/span><\/span><\/p>\n<p><span style=\"font-size: 18px;\"><span style=\"font-family: Calibri,sans-serif;\"><span style=\"color: black;\">3750<\/span><\/span><\/span><\/p>\n<p><span style=\"font-size: 18px;\"><span style=\"font-family: Calibri,sans-serif;\"><span style=\"color: black;\">4167<\/span><\/span><\/span><\/p>\n<p><span style=\"font-size: 18px;\"><span style=\"font-family: Calibri,sans-serif;\"><span style=\"color: black;\">4583<\/span><\/span><\/span><\/p>\n<p><span style=\"font-size: 18px;\"><span style=\"font-family: Calibri,sans-serif;\"><span style=\"color: black;\">5000<\/span><\/span><\/span><\/p>\n<p><span style=\"font-size: 18px;\"><span style=\"font-family: Calibri,sans-serif;\"><span style=\"color: black;\">5417<\/span><\/span><\/span><\/p>\n<p><span style=\"font-size: 18px;\"><span style=\"font-family: Calibri,sans-serif;\"><span style=\"color: black;\">5833<\/span><\/span><\/span><\/p>\n<p><span style=\"font-size: 18px;\"><span style=\"font-family: Calibri,sans-serif;\"><span style=\"color: black;\">6250<\/span><\/span><\/span><\/p>\n<p><span style=\"font-size: 18px;\"><span style=\"font-family: Calibri,sans-serif;\"><span style=\"color: black;\">6667<\/span><\/span><\/span><\/p>\n<p><span style=\"font-size: 18px;\"><span style=\"font-family: Calibri,sans-serif;\"><span style=\"color: black;\">Annuel<\/span><\/span><\/span><\/p>\n<p><span style=\"font-size: 18px;\"><span style=\"font-family: Calibri,sans-serif;\"><span style=\"color: black;\">936<\/span><\/span><\/span><\/p>\n<p><span style=\"font-size: 18px;\"><span style=\"font-family: Calibri,sans-serif;\"><span style=\"color: black;\">11265<\/span><\/span><\/span><\/p>\n<p><span style=\"font-size: 18px;\"><span style=\"font-family: Calibri,sans-serif;\"><span style=\"color: black;\">40000<\/span><\/span><\/span><\/p>\n<p><span style=\"font-size: 18px;\"><span style=\"font-family: Calibri,sans-serif;\"><span style=\"color: black;\">45000<\/span><\/span><\/span><\/p>\n<p><span style=\"font-size: 18px;\"><span style=\"font-family: Calibri,sans-serif;\"><span style=\"color: black;\">50000<\/span><\/span><\/span><\/p>\n<p><span style=\"font-size: 18px;\"><span style=\"font-family: Calibri,sans-serif;\"><span style=\"color: black;\">55000<\/span><\/span><\/span><\/p>\n<p><span style=\"font-size: 18px;\"><span style=\"font-family: Calibri,sans-serif;\"><span style=\"color: black;\">60000<\/span><\/span><\/span><\/p>\n<p><span style=\"font-size: 18px;\"><span style=\"font-family: Calibri,sans-serif;\"><span style=\"color: black;\">65000<\/span><\/span><\/span><\/p>\n<p><span style=\"font-size: 18px;\"><span style=\"font-family: Calibri,sans-serif;\"><span style=\"color: black;\">70000<\/span><\/span><\/span><\/p>\n<p><span style=\"font-size: 18px;\"><span style=\"font-family: Calibri,sans-serif;\"><span style=\"color: black;\">75000<\/span><\/span><\/span><\/p>\n<p><span style=\"font-size: 18px;\"><span style=\"font-family: Calibri,sans-serif;\"><span style=\"color: black;\">80000<\/span><\/span><\/span><\/p>\n<p><span style=\"font-size: 18px;\"><span style=\"font-family: Calibri,sans-serif;\"><span style=\"color: black;\">CI CO2<\/span><\/span><\/span><\/p>\n<p><span style=\"font-size: 18px;\"><span style=\"font-family: Calibri,sans-serif;\"><span style=\"color: black;\">168<\/span><\/span><\/span><\/p>\n<p><span style=\"font-size: 18px;\"><span style=\"font-family: Calibri,sans-serif;\"><span style=\"color: black;\">168<\/span><\/span><\/span><\/p>\n<p><span style=\"font-size: 18px;\"><span style=\"font-family: Calibri,sans-serif;\"><span style=\"color: black;\">168<\/span><\/span><\/span><\/p>\n<p><span style=\"font-size: 18px;\"><span style=\"font-family: Calibri,sans-serif;\"><span style=\"color: black;\">147<\/span><\/span><\/span><\/p>\n<p><span style=\"font-size: 18px;\"><span style=\"font-family: Calibri,sans-serif;\"><span style=\"color: black;\">126<\/span><\/span><\/span><\/p>\n<p><span style=\"font-size: 18px;\"><span style=\"font-family: Calibri,sans-serif;\"><span style=\"color: black;\">105<\/span><\/span><\/span><\/p>\n<p><span style=\"font-size: 18px;\"><span style=\"font-family: Calibri,sans-serif;\"><span style=\"color: black;\">84<\/span><\/span><\/span><\/p>\n<p><span style=\"font-size: 18px;\"><span style=\"font-family: Calibri,sans-serif;\"><span style=\"color: black;\">63<\/span><\/span><\/span><\/p>\n<p><span style=\"font-size: 18px;\"><span style=\"font-family: Calibri,sans-serif;\"><span style=\"color: black;\">42<\/span><\/span><\/span><\/p>\n<p><span style=\"font-size: 18px;\"><span style=\"font-family: Calibri,sans-serif;\"><span style=\"color: black;\">21<\/span><\/span><\/span><\/p>\n<p><span style=\"font-size: 18px;\"><span style=\"font-family: Calibri,sans-serif;\"><span style=\"color: black;\">0<\/span><\/span><\/span><\/p>\n<p><span style=\"font-size: 18px;\"><span style=\"font-family: Calibri,sans-serif;\">Entre 40.001 euros et 80.000, le calcul s\u2019\u00e9tablit comme suit\u00a0:<\/span><\/span><\/p>\n<p><span style=\"font-size: 18px;\"><span style=\"font-family: Calibri,sans-serif;\">(168 \u2013 (salaire brut \u2013 40.000) x 0,0042)<\/span><\/span><\/p>\n<p><u><span style=\"font-size: 18px;\"><span style=\"font-family: Calibri,sans-serif;\"><strong><span style=\"font-family: 'Calibri',sans-serif;\">R\u00e9duction du cr\u00e9dit d\u2019imp\u00f4t pour salari\u00e9 (CIS)<\/span><\/strong><\/span><\/span><\/u><\/p>\n<p><span style=\"font-size: 18px;\"><span style=\"font-family: Calibri,sans-serif;\">A partir du 1<sup>er<\/sup> janvier 2024, le CIS se calcule comme suit\u00a0: <\/span><\/span><\/p>\n<p><span style=\"font-size: 18px;\"><span style=\"font-family: Calibri,sans-serif;\"><span style=\"color: black;\">Salaire annuel<\/span><\/span><\/span><\/p>\n<p><span style=\"font-size: 18px;\"><span style=\"font-family: Calibri,sans-serif;\"><span style=\"color: black;\">CIS (2024)<\/span><\/span><\/span><\/p>\n<p><span style=\"font-size: 18px;\"><span style=\"font-family: Calibri,sans-serif;\"><span style=\"color: black;\">Entre 936 EUR et 11.265 EUR<\/span><\/span><\/span><\/p>\n<p><span style=\"font-size: 18px;\"><span style=\"font-family: Calibri,sans-serif;\"><span style=\"color: black;\">De 0 euros \u00e0 300 EUR \/an<\/span><\/span><\/span><\/p>\n<p><span style=\"font-size: 18px;\"><span style=\"font-family: Calibri,sans-serif;\"><span style=\"color: black;\">(300 + (salaire brut &#8211; 936) x 0 ,029)<\/span><\/span><\/span><\/p>\n<p><span style=\"font-size: 18px;\"><span style=\"font-family: Calibri,sans-serif;\"><span style=\"color: black;\">Entre 11.266 EUR et 40.000 EUR<\/span><\/span><\/span><\/p>\n<p><span style=\"font-size: 18px;\"><span style=\"font-family: Calibri,sans-serif;\"><span style=\"color: black;\">600 EUR \/ an<\/span><\/span><\/span><\/p>\n<p><span style=\"font-size: 18px;\"><span style=\"font-family: Calibri,sans-serif;\"><span style=\"color: black;\">Entre 40.001 EUR et 80.000 EUR<\/span><\/span><\/span><\/p>\n<p><span style=\"font-size: 18px;\"><span style=\"font-family: Calibri,sans-serif;\"><span style=\"color: black;\">De 600 EUR \u00e0 0 EUR \/ an<\/span><\/span><\/span><\/p>\n<p><span style=\"font-size: 18px;\"><span style=\"font-family: Calibri,sans-serif;\"><span style=\"color: black;\">(600 \u2013 (salaire brut \u2013 40.000) x 0,015)<\/span><\/span><\/span><\/p>\n<p><u><span style=\"font-size: 18px;\"><span style=\"font-family: Calibri,sans-serif;\"><strong><span style=\"font-family: 'Calibri',sans-serif;\">Cotisations sociales des associ\u00e9s de soci\u00e9t\u00e9s affili\u00e9s comme ind\u00e9pendants <\/span><\/strong><\/span><\/span><\/u><\/p>\n<p><span style=\"font-size: 18px;\"><span style=\"font-family: Calibri,sans-serif;\"><span style=\"font-family: 'Calibri',sans-serif;\">Les cotisations sociales auxquelles sont soumises les associ\u00e9s de soci\u00e9t\u00e9s luxembourgeoises sont des dettes priv\u00e9es, cela sous-entend qu\u2019elles doivent en principe \u00eatre pay\u00e9es par l\u2019associ\u00e9 lui-m\u00eame.<\/span><\/span><\/span><\/p>\n<p><span style=\"font-size: 18px;\"><span style=\"font-family: Calibri,sans-serif;\"><span style=\"font-family: 'Calibri',sans-serif;\">Il r\u00e9sultait cependant d\u2019une circulaire L.I.R. n\u00b0 46\/2 du 23.03.1998 que ces cotisations sociales pouvaient \u00eatre pay\u00e9es par la soci\u00e9t\u00e9 pour le compte de l\u2019associ\u00e9. Ceci entrainait la d\u00e9ductibilit\u00e9 de ces cotisations comme d\u00e9penses d\u2019exploitation pour la soci\u00e9t\u00e9 et l\u2019adjonction d\u2019un avantage en nature sur la fiche de paie pour l\u2019associ\u00e9 qui en b\u00e9n\u00e9ficiait.<\/span><\/span><\/span><\/p>\n<p><span style=\"font-size: 18px;\"><span style=\"font-family: Calibri,sans-serif;\"><span style=\"font-family: 'Calibri',sans-serif;\">Cette circulaire a \u00e9t\u00e9 abolie le 26 juillet 2023.<\/span><\/span><\/span><\/p>\n<p><span style=\"font-size: 18px;\"><span style=\"font-family: Calibri,sans-serif;\"><span style=\"font-family: 'Calibri',sans-serif;\">A partir de cette date, si une soci\u00e9t\u00e9 paie les cotisations sociales d\u2019un des associ\u00e9s en les comptabilisant dans un compte de charges, alors l\u2019administration consid\u00e8re d\u2019office qu\u2019il s\u2019agit d\u2019une distribution cach\u00e9e de dividendes (art.164 al. 3 L.I.R.).<\/span><\/span><\/span><\/p>\n<p><span style=\"font-size: 18px;\"><span style=\"font-family: Calibri,sans-serif;\"><span style=\"font-family: 'Calibri',sans-serif;\">L\u2019associ\u00e9 a la possibilit\u00e9 de d\u00e9duire les cotisations sociales qu\u2019il paie dans sa d\u00e9claration fiscale priv\u00e9e.<\/span><\/span><\/span><\/p>\n<p><span style=\"font-size: 18px;\"><span style=\"font-family: Calibri,sans-serif;\"><span style=\"font-family: 'Calibri',sans-serif;\">Cette d\u00e9duction peut aussi se faire de mani\u00e8re anticip\u00e9e par d\u00e9duction sur la fiche de paie. Pour pouvoir pr\u00e9c\u00e9der ainsi, l\u2019associ\u00e9 doit demander au bureau RTS d\u2019inscrire le montant estim\u00e9 de ses cotisations sociales annuelles sur la fiche de retenue d\u2019imp\u00f4t.<\/span><\/span><\/span><\/p>\n<p><u><span style=\"font-size: 18px;\"><span style=\"font-family: Calibri,sans-serif;\"><strong><span style=\"font-family: 'Calibri',sans-serif;\">Projet de r\u00e8glement grand-ducal pour la modification des b\u00e9n\u00e9ficiaires de la classe 1A<\/span><\/strong><\/span><\/span><\/u><\/p>\n<p><span style=\"font-size: 18px;\"><span style=\"font-family: Calibri,sans-serif;\"><span style=\"font-family: 'Calibri',sans-serif;\">Ce Projet vise \u00e0 actualiser la liste des contribuables pouvant b\u00e9n\u00e9ficier de la classe d\u2019imp\u00f4t 1a. Ainsi, comme indiqu\u00e9 dans l\u2019expos\u00e9 des motifs, le contribuable qui peut obtenir une mod\u00e9ration d\u2019imp\u00f4t est le contribuable qui, au d\u00e9but de l\u2019ann\u00e9e d\u2019imposition, a dans son m\u00e9nage : <\/span><\/span><\/span><\/p>\n<ol>\n<li style=\"text-align: justify;\"><span style=\"font-size: 18px;\"><span style=\"font-family: Calibri,sans-serif;\"><span style=\"font-family: 'Calibri',sans-serif;\">au moins un enfant pour lequel il est attributaire unique de l\u2019allocation familiale, <\/span><\/span><\/span><\/li>\n<li style=\"text-align: justify;\"><span style=\"font-size: 18px;\"><span style=\"font-family: Calibri,sans-serif;\"><span style=\"font-family: 'Calibri',sans-serif;\">un enfant majeur qui est lui-m\u00eame attributaire de l\u2019allocation familiale, <\/span><\/span><\/span><\/li>\n<li style=\"text-align: justify;\"><span style=\"font-size: 18px;\"><span style=\"font-family: Calibri,sans-serif;\"><span style=\"font-family: 'Calibri',sans-serif;\">un enfant qui est b\u00e9n\u00e9ficiaire d\u2019une aide financi\u00e8re de l\u2019\u00c9tat pour \u00e9tudes sup\u00e9rieures ou d\u2019une aide aux volontaires, ou qui donne droit \u00e0 une mod\u00e9ration d\u2019imp\u00f4t sous forme de d\u00e9gr\u00e8vement d\u2019imp\u00f4t,<\/span><\/span><\/span><\/li>\n<li style=\"text-align: justify;\"><span style=\"font-size: 18px;\"><span style=\"font-family: Calibri,sans-serif;\"><span style=\"font-family: 'Calibri',sans-serif;\">au moins un enfant pour lequel l\u2019attributaire ou un attributaire de l\u2019allocation familiale renonce, au titre de l\u2019ann\u00e9e d\u2019imposition, \u00e0 la mod\u00e9ration d\u2019imp\u00f4t,<\/span><\/span><\/span><\/li>\n<li style=\"text-align: justify;\"><span style=\"font-size: 18px;\"><span style=\"font-family: Calibri,sans-serif;\"><span style=\"font-family: 'Calibri',sans-serif;\">au moins un enfant majeur qui est lui-m\u00eame attributaire de l\u2019allocation familiale, un enfant qui est b\u00e9n\u00e9ficiaire d\u2019une aide financi\u00e8re de l\u2019\u00c9tat pour \u00e9tudes sup\u00e9rieures ou d\u2019une aide aux volontaires, ou un enfant qui donne droit \u00e0 une mod\u00e9ration d\u2019imp\u00f4t sous forme de d\u00e9gr\u00e8vement d\u2019imp\u00f4t, et pour lequel il a b\u00e9n\u00e9fici\u00e9 d\u2019une mod\u00e9ration d\u2019imp\u00f4t pour l\u2019ann\u00e9e d\u2019imposition pr\u00e9c\u00e9dente selon les conditions pr\u00e9vues au r\u00e8glement grand-ducal portant ex\u00e9cution de l\u2019article 123 alin\u00e9a 9 de la loi modifi\u00e9e du 4 d\u00e9cembre 1967 concernant l\u2019imp\u00f4t sur le revenu.<\/span><\/span><\/span><\/li>\n<\/ol>\n<p><u><span style=\"font-size: 18px;\"><span style=\"font-family: Calibri,sans-serif;\"><strong><span style=\"font-family: 'Calibri',sans-serif;\">T\u00e9l\u00e9travail des frontaliers allemands<\/span><\/strong><\/span><\/span><\/u><\/p>\n<p><span style=\"font-size: 18px;\"><span style=\"font-family: Calibri,sans-serif;\"><span style=\"font-family: 'Calibri',sans-serif;\">Les d\u00e9put\u00e9s luxembourgeois ont adopt\u00e9 le 14 d\u00e9cembre 2023 l&rsquo;Avenant modifiant la Convention du 23 avril 2012 entre le Grand-Duch\u00e9 de Luxembourg et la R\u00e9publique f\u00e9d\u00e9rale d&rsquo;Allemagne tendant \u00e0 \u00e9viter les doubles impositions et \u00e0 pr\u00e9venir la fraude fiscale en mati\u00e8re d&rsquo;imp\u00f4ts sur le revenu et sur la fortune, et le Protocole y relatif, fait \u00e0 Berlin, le 6 juillet 2023.<\/span><\/span><\/span><\/p>\n<p><span style=\"font-size: 18px;\"><span style=\"font-family: Calibri,sans-serif;\"><span style=\"font-family: 'Calibri',sans-serif;\">Cet avenant pr\u00e9voit notamment l\u2019augmentation du seuil de tol\u00e9rance en mati\u00e8re fiscale pour les frontaliers r\u00e9sidant en Allemagne et travaillant au Luxembourg.<\/span><\/span><\/span><\/p>\n<p><span style=\"font-size: 18px;\"><span style=\"font-family: Calibri,sans-serif;\"><span style=\"font-family: 'Calibri',sans-serif;\">Ainsi, le nombre de jours par an durant lesquels les travailleurs r\u00e9sidant en Allemagne et travaillant au Luxembourg peuvent travailler en dehors du territoire luxembourgeois s\u2019\u00e9l\u00e8ve d\u00e9sormais \u00e0 34. Durant ces 34 jours ils restent donc soumis \u00e0 l\u2019imp\u00f4t luxembourgeois.<\/span><\/span><\/span><\/p>\n<p><span style=\"font-size: 18px;\"><span style=\"font-family: Calibri,sans-serif;\"><span style=\"font-family: 'Calibri',sans-serif;\">Cette nouvelle r\u00e8gle s\u2019applique \u00e9galement depuis le 1er janvier 2024.<\/span><\/span><\/span><\/p>\n<p><u><span style=\"font-size: 18px;\"><span style=\"font-family: Calibri,sans-serif;\"><strong><span style=\"font-family: 'Calibri',sans-serif;\">Ch\u00e8ques repas<\/span><\/strong><\/span><\/span><\/u><\/p>\n<p><span style=\"font-size: 18px;\"><span style=\"font-family: Calibri,sans-serif;\"><span style=\"font-family: 'Calibri',sans-serif;\">Depuis le 1er janvier 2024, la valeur maximale d\u2019exemption des ch\u00e8ques repas augmentera de 8 \u00e0 12,20 euros. La contribution de l\u2019employ\u00e9 reste fix\u00e9e \u00e0 2,80 euros. La valeur du ch\u00e8que repas peut donc atteindre 15 euros. Cette augmentation de la valeur maximale d\u2019exemption ne signifie pas l\u2019obligation pour l\u2019employeur de passer le ch\u00e8que repas \u00e0 15 euros, c\u2019est uniquement une possibilit\u00e9. <\/span><\/span><\/span><\/p>\n<ul>\n<li style=\"text-align: justify;\"><span style=\"font-size: 18px;\"><span style=\"font-family: Calibri,sans-serif;\"><span style=\"font-family: 'Calibri',sans-serif;\">Le nombre de ch\u00e8ques repas utilisables par jour est de 5 ;<\/span><\/span><\/span><\/li>\n<li style=\"text-align: justify;\"><span style=\"font-size: 18px;\"><span style=\"font-family: Calibri,sans-serif;\"><span style=\"font-family: 'Calibri',sans-serif;\">La possibilit\u00e9 d\u2019utilisation des ch\u00e8ques repas est \u00e9largie aux achats alimentaires\u00a0;<\/span><\/span><\/span><\/li>\n<li style=\"text-align: justify;\"><span style=\"font-size: 18px;\"><span style=\"font-family: Calibri,sans-serif;\"><span style=\"font-family: 'Calibri',sans-serif;\">Les ch\u00e8ques repas sont utilisables \u00e9galement en fin de journ\u00e9e, les week-ends ou durant les cong\u00e9s\u00a0;<\/span><\/span><\/span><\/li>\n<li style=\"text-align: justify;\"><span style=\"font-size: 18px;\"><span style=\"font-family: Calibri,sans-serif;\"><span style=\"font-family: 'Calibri',sans-serif;\">Les ch\u00e8ques repas papier ont disparu au profit d\u2019une version digitale. Les anciens ch\u00e8ques papier\u00a0resteront utilisables jusqu\u2019\u00e0 la fin 2024.<\/span><\/span><\/span><\/li>\n<\/ul>\n<p><u><span style=\"font-size: 18px;\"><span style=\"font-family: Calibri,sans-serif;\"><strong><span style=\"font-family: 'Calibri',sans-serif;\">Elections sociales<\/span><\/strong><\/span><\/span><\/u><\/p>\n<p><span style=\"font-size: 18px;\"><span style=\"font-family: Calibri,sans-serif;\"><span style=\"font-family: 'Calibri',sans-serif;\">Un arr\u00eat\u00e9 minist\u00e9riel du 13 octobre 2023 a fix\u00e9 la date de renouvellement des d\u00e9l\u00e9gations du personnel pour la p\u00e9riode de 2024 \u00e0 2029. Le vote aura lieu le 12 mars 2024.<\/span><\/span><\/span><\/p>\n<p><span style=\"font-size: 18px;\"><span style=\"font-family: Calibri,sans-serif;\"><span style=\"font-family: 'Calibri',sans-serif;\">Ces \u00e9lections ont lieu tous les 5 ans. Toute entreprise qui, pendant les 12 mois pr\u00e9c\u00e9dant le premier jour du mois de l\u2019affichage annon\u00e7ant les \u00e9lections, a occup\u00e9 au moins 15 salari\u00e9s li\u00e9s par un contrat de travail, est oblig\u00e9e de proc\u00e9der \u00e0 l\u2019organisation de cette \u00e9lection.<\/span><\/span><\/span><\/p>\n<p><span style=\"font-size: 18px;\"><span style=\"font-family: Calibri,sans-serif;\"><span style=\"font-family: 'Calibri',sans-serif;\">Le calendrier et les \u00e9tapes \u00e0 respecter sont disponibles sur le lien suivant\u00a0: <\/span><\/span><\/span><\/p>\n<p><span style=\"font-size: 18px;\"><span style=\"font-family: Calibri,sans-serif;\"><a style=\"color: #0563c1; text-decoration: underline;\" href=\"https:\/\/itm.public.lu\/fr\/conditions-travail\/elections-sociales.html\" target=\"_blank\" rel=\"noopener\"><span style=\"font-family: 'Calibri',sans-serif;\">https:\/\/itm.public.lu\/fr\/conditions-travail\/elections-sociales.html<\/span><\/a><\/span><\/span><\/p>\n<p><strong><u><span style=\"font-size: 18px;\"><span style=\"font-family: Calibri,sans-serif;\"><span style=\"font-family: 'Calibri',sans-serif;\">Baisse des taux de cotisation \u00e0 la mutualit\u00e9 des employeurs<\/span><\/span><\/span><\/u><\/strong><\/p>\n<p><span style=\"font-size: 18px;\"><span style=\"font-family: Calibri,sans-serif;\"><span style=\"font-family: 'Calibri',sans-serif;\">Afin de compenser la troisi\u00e8me tranche indiciaire de 2023 les taux de cotisation \u00e0 la mutualit\u00e9 des employeurs diminuent et s\u2019\u00e9tablissent comme suit pour 2024\u00a0:<\/span><\/span><\/span><\/p>\n<p><span style=\"font-size: 18px;\"><span style=\"font-family: Calibri,sans-serif;\"><span style=\"color: black;\">Classe<\/span><\/span><\/span><\/p>\n<p><span style=\"font-size: 18px;\"><span style=\"font-family: Calibri,sans-serif;\"><span style=\"color: black;\">Taux d\u2019absent\u00e9isme financier<\/span><\/span><\/span><\/p>\n<p><span style=\"font-size: 18px;\"><span style=\"font-family: Calibri,sans-serif;\"><span style=\"color: black;\">Taux 2023<\/span><\/span><\/span><\/p>\n<p><span style=\"font-size: 18px;\"><span style=\"font-family: Calibri,sans-serif;\"><span style=\"color: black;\">Taux 2024<\/span><\/span><\/span><\/p>\n<p><span style=\"font-size: 18px;\"><span style=\"font-family: Calibri,sans-serif;\"><span style=\"color: black;\">Classe 1\u00a0<\/span><\/span><\/span><\/p>\n<p><span style=\"font-size: 18px;\"><span style=\"font-family: Calibri,sans-serif;\"><span style=\"color: black;\">&lt; 0,65 %<\/span><\/span><\/span><\/p>\n<p><span style=\"font-size: 18px;\"><span style=\"font-family: Calibri,sans-serif;\"><span style=\"color: black;\">0,72 %<\/span><\/span><\/span><\/p>\n<p><span style=\"font-size: 18px;\"><span style=\"font-family: Calibri,sans-serif;\"><span style=\"color: black;\">0,01 %<\/span><\/span><\/span><\/p>\n<p><span style=\"font-size: 18px;\"><span style=\"font-family: Calibri,sans-serif;\"><span style=\"color: black;\">Classe 2\u00a0<\/span><\/span><\/span><\/p>\n<p><span style=\"font-size: 18px;\"><span style=\"font-family: Calibri,sans-serif;\"><span style=\"color: black;\">\u2265 1,60 % et &lt; 1.65 %<\/span><\/span><\/span><\/p>\n<p><span style=\"font-size: 18px;\"><span style=\"font-family: Calibri,sans-serif;\"><span style=\"color: black;\">1,22 %<\/span><\/span><\/span><\/p>\n<p><span style=\"font-size: 18px;\"><span style=\"font-family: Calibri,sans-serif;\"><span style=\"color: black;\">0,01 %<\/span><\/span><\/span><\/p>\n<p><span style=\"font-size: 18px;\"><span style=\"font-family: Calibri,sans-serif;\"><span style=\"color: black;\">Classe 3<\/span><\/span><\/span><\/p>\n<p><span style=\"font-size: 18px;\"><span style=\"font-family: Calibri,sans-serif;\"><span style=\"color: black;\">\u2265 1,60 % et &lt; 2,50 %<\/span><\/span><\/span><\/p>\n<p><span style=\"font-size: 18px;\"><span style=\"font-family: Calibri,sans-serif;\"><span style=\"color: black;\">1,76 %<\/span><\/span><\/span><\/p>\n<p><span style=\"font-size: 18px;\"><span style=\"font-family: Calibri,sans-serif;\"><span style=\"color: black;\">0,42 %<\/span><\/span><\/span><\/p>\n<p><span style=\"font-size: 18px;\"><span style=\"font-family: Calibri,sans-serif;\"><span style=\"color: black;\">Classe 4<\/span><\/span><\/span><\/p>\n<p><span style=\"font-size: 18px;\"><span style=\"font-family: Calibri,sans-serif;\"><span style=\"color: black;\">\u2265 2,50 %<\/span><\/span><\/span><\/p>\n<p><span style=\"font-size: 18px;\"><span style=\"font-family: Calibri,sans-serif;\"><span style=\"color: black;\">2,84 %<\/span><\/span><\/span><\/p>\n<p><span style=\"font-size: 18px;\"><span style=\"font-family: Calibri,sans-serif;\"><span style=\"color: black;\">1,36 %<\/span><\/span><\/span><\/p>\n<p><u><span style=\"font-size: 18px;\"><span style=\"font-family: Calibri,sans-serif;\"><strong><span style=\"font-family: 'Calibri',sans-serif;\">Adaptation des frais de s\u00e9jour et des frais de route<\/span><\/strong><\/span><\/span><\/u><\/p>\n<p><span style=\"font-size: 18px;\"><span style=\"font-family: Calibri,sans-serif;\"><span style=\"font-family: 'Calibri',sans-serif;\">Les indemnit\u00e9s forfaitaires pour frais de s\u00e9jour :<\/span><\/span><\/span><\/p>\n<p><span style=\"font-size: 18px;\"><span style=\"font-family: Calibri,sans-serif;\"><span style=\"font-family: 'Calibri',sans-serif;\">Un r\u00e8glement du Gouvernement en Conseil du 18 d\u00e9cembre 2023 fixe les indemnit\u00e9s sur les frais de route et de s\u00e9jour ainsi que les indemnit\u00e9s de d\u00e9m\u00e9nagement des fonctionnaires et employ\u00e9s de l\u2019Etat \u00e0 partir du 1er janvier 2024 :<\/span><\/span><\/span><\/p>\n<p><span style=\"font-size: 18px;\"><span style=\"font-family: Calibri,sans-serif;\"><span style=\"font-family: 'Calibri',sans-serif;\">&#8211; L\u2019indemnit\u00e9 de jour est fix\u00e9e \u00e0 14 euros<\/span><\/span><\/span><\/p>\n<p><span style=\"font-size: 18px;\"><span style=\"font-family: Calibri,sans-serif;\"><span style=\"font-family: 'Calibri',sans-serif;\">&#8211; L\u2019indemnit\u00e9 de nuit est fix\u00e9e \u00e0 56 euros<\/span><\/span><\/span><\/p>\n<p><u><strong><span style=\"font-size: 18px;\"><span style=\"font-family: Calibri,sans-serif;\"><span style=\"font-family: 'Calibri',sans-serif;\">Clarification du traitement de la TVA sur les v\u00e9hicules de soci\u00e9t\u00e9s pour les salari\u00e9s r\u00e9sidents hors Luxembourg<\/span><\/span><\/span><\/strong><\/u><\/p>\n<p><span style=\"font-size: 18px;\"><span style=\"font-family: Calibri,sans-serif;\"><span style=\"font-family: 'Calibri',sans-serif;\">La mise \u00e0 disposition d&rsquo;un v\u00e9hicule par un employeur \u00e0 un salari\u00e9 est consid\u00e9r\u00e9e comme une location de v\u00e9hicule \u00e0 long terme et est assujettie \u00e0 la TVA si trois crit\u00e8res sont remplis :<\/span><\/span><\/span><\/p>\n<p><span style=\"font-size: 18px;\"><span style=\"font-family: Calibri,sans-serif;\"><span style=\"font-family: 'Calibri',sans-serif;\">&#8211; Le salari\u00e9 dispose du v\u00e9hicule pendant plus de 30 jours cons\u00e9cutifs.<\/span><\/span><\/span><\/p>\n<p><span style=\"font-size: 18px;\"><span style=\"font-family: Calibri,sans-serif;\"><span style=\"font-family: 'Calibri',sans-serif;\">&#8211; Le salari\u00e9 a un droit permanent et exclusif d&rsquo;utilisation \u00e0 des fins priv\u00e9es.<\/span><\/span><\/span><\/p>\n<p><span style=\"font-size: 18px;\"><span style=\"font-family: Calibri,sans-serif;\"><span style=\"font-family: 'Calibri',sans-serif;\">&#8211; La mise \u00e0 disposition est en contrepartie d&rsquo;un paiement, d&rsquo;une r\u00e9tention de r\u00e9mun\u00e9ration ou du choix d&rsquo;avantages offerts par l&#8217;employeur.<\/span><\/span><\/span><\/p>\n<p><span style=\"font-size: 18px;\"><span style=\"font-family: Calibri,sans-serif;\"><span style=\"font-family: 'Calibri',sans-serif;\">Si aucun paiement n&rsquo;est effectu\u00e9, aucune r\u00e9mun\u00e9ration n&rsquo;est retenue sur le salaire et aucun choix d&rsquo;avantages n&rsquo;est offert, la mise \u00e0 disposition du v\u00e9hicule n&rsquo;est pas consid\u00e9r\u00e9e comme une location \u00e0 titre on\u00e9reux.<\/span><\/span><\/span><\/p>\n<p><span style=\"font-size: 18px;\"><span style=\"font-family: Calibri,sans-serif;\"><span style=\"font-family: 'Calibri',sans-serif;\">Si la location est qualifi\u00e9e \u00e0 titre on\u00e9reux, elle est soumise \u00e0 la TVA dans le pays de r\u00e9sidence du salari\u00e9.<\/span><\/span><\/span><\/p>\n<p><u><span style=\"font-size: 18px;\"><span style=\"font-family: Calibri,sans-serif;\"><strong><span style=\"font-family: 'Calibri',sans-serif;\">Le t\u00e9l\u00e9travail transfrontalier\u00a0: impact en mati\u00e8re de s\u00e9curit\u00e9 sociale\u00a0<\/span><\/strong><\/span><\/span><\/u><\/p>\n<p><span style=\"font-size: 18px;\"><span style=\"font-family: Calibri,sans-serif;\"><span style=\"font-family: 'Calibri',sans-serif;\">Toute activit\u00e9 de t\u00e9l\u00e9travail exerc\u00e9e par un salari\u00e9 ne r\u00e9sidant pas sur le territoire luxembourgeois doit \u00eatre d\u00e9clar\u00e9e au CCSS, \u00e0 savoir :<\/span><\/span><\/span><\/p>\n<ul>\n<li style=\"text-align: justify;\"><span style=\"font-size: 18px;\"><span style=\"font-family: Calibri,sans-serif;\"><span style=\"font-family: 'Calibri',sans-serif;\">En cas de t\u00e9l\u00e9travail tombant sous le champ d\u2019application de l\u2019accord-cadre : t\u00e9l\u00e9travail repr\u00e9sentant entre 25 % et moins de 50 % du temps de travail<\/span><\/span><\/span><\/li>\n<li style=\"text-align: justify;\"><span style=\"font-size: 18px;\"><span style=\"font-family: Calibri,sans-serif;\"><span style=\"font-family: 'Calibri',sans-serif;\">En cas de t\u00e9l\u00e9travail exerc\u00e9 dans le cadre de la pluriactivit\u00e9, c\u2019est-\u00e0-dire lorsqu\u2019une personne exerce une activit\u00e9 dans deux ou plusieurs Etats membres conform\u00e9ment aux dispositions des r\u00e8glements europ\u00e9ens n\u00b0883\/2004 et n\u00b0987\/2009 : travail repr\u00e9sentant moins de 25 % ou 50 % et plus du temps de travail<\/span><\/span><\/span><\/li>\n<\/ul>\n<p><span style=\"font-size: 36px;\"><strong>R\u00e9forme de l\u2019article 152bis LIR (loi d\u2019imp\u00f4t sur le revenu) relatif aux bonifications d\u2019imp\u00f4t pour investissement<\/strong><\/span><\/p>\n<p><span style=\"font-size: 18px;\">Un projet de loi N\u00b08276 vot\u00e9 par la Chambre des D\u00e9put\u00e9s le 19 d\u00e9cembre 2023 a pour objet la modification de la loi modifi\u00e9e du 4 d\u00e9cembre 1967 concernant l\u2019imp\u00f4t sur le revenu.<\/span><\/p>\n<p><span style=\"font-size: 18px;\">Ce projet de loi vise plus pr\u00e9cis\u00e9ment \u00e0 r\u00e9former l\u2019article 152bis LIR sur les bonifications d\u2019imp\u00f4t pour investissement. Au programme\u00a0: un \u00e9largissement du champ d\u2019application de la bonification d&rsquo;imp\u00f4t pour investissement notamment aux investissements et aux d\u00e9penses effectu\u00e9s par les entreprises dans le cadre de la transformation digitale et de projets de transition \u00e9cologique et \u00e9nerg\u00e9tique. Ce nouveau r\u00e9gime sera applicable \u00e0 partir de l\u2019ann\u00e9e d\u2019imposition 2024.<\/span><\/p>\n<p><span style=\"font-size: 18px;\"><strong><u>Rappel du r\u00e9gime applicable jusqu\u2019\u00e0 l\u2019ann\u00e9e d\u2019imposition 2023<\/u><\/strong>\u00a0:<\/span><\/p>\n<p><span style=\"font-size: 18px;\">L\u2019article 152bis LIR pr\u00e9voit que les entreprises commerciales, industrielles, mini\u00e8res ou artisanales situ\u00e9es au Grand-Duch\u00e9 de Luxembourg qui effectuent des investissements b\u00e9n\u00e9ficient sur demande, d\u2019une bonification d\u2019imp\u00f4t pour investissement. Cette bonification comporte de 2 volets\u00a0:<\/span><\/p>\n<ul>\n<li><span style=\"font-size: 18px;\">Un investissement compl\u00e9mentaire<\/span><\/li>\n<li><span style=\"font-size: 18px;\">Un investissement global<\/span><\/li>\n<\/ul>\n<ol>\n<li><span style=\"font-size: 18px;\"><u>L\u2019investissement compl\u00e9mentaire <\/u><\/span><\/li>\n<\/ol>\n<p><span style=\"font-size: 18px;\">La premi\u00e8re bonification s\u2019\u00e9l\u00e8ve depuis 2017 \u00e0 13% de l\u2019investissement compl\u00e9mentaire en biens amortissables corporels autres que les b\u00e2timents, le cheptel agricole et les gisements min\u00e9raux et fossiles, effectu\u00e9s au cours de l\u2019exercice d\u2019exploitation concern\u00e9.<\/span><\/p>\n<p><span style=\"font-size: 18px;\">L&rsquo;investissement compl\u00e9mentaire d&rsquo;un exercice est \u00e9gal \u00e0 la valeur attribu\u00e9e, lors de la cl\u00f4ture de cet exercice, \u00e0 la cat\u00e9gorie de biens vis\u00e9s, diminu\u00e9e de la valeur de r\u00e9f\u00e9rence de la m\u00eame cat\u00e9gorie de biens. Les biens suivants, acquis pendant l&rsquo;exercice, sont toutefois \u00e0 \u00e9liminer :<\/span><\/p>\n<p><span style=\"font-size: 18px;\">&#8211;\u00a0\u00a0 les biens amortissables au cours d&rsquo;une p\u00e9riode inf\u00e9rieure \u00e0 3 ans,<\/span><\/p>\n<p><span style=\"font-size: 18px;\">&#8211;\u00a0\u00a0\u00a0 les biens acquis par transmission en bloc et \u00e0 titre on\u00e9reux d&rsquo;une entreprise,<\/span><\/p>\n<p><span style=\"font-size: 18px;\">&#8211;\u00a0\u00a0\u00a0 les biens usag\u00e9s,<\/span><\/p>\n<p><span style=\"font-size: 18px;\">&#8211;\u00a0\u00a0 \u00a0les biens isol\u00e9s acquis \u00e0 titre gratuit,<\/span><\/p>\n<p><span style=\"font-size: 18px;\">&#8211;\u00a0\u00a0\u00a0 certains v\u00e9hicules automoteurs.<\/span><\/p>\n<p><span style=\"font-size: 18px;\">L&rsquo;investissement ainsi d\u00e9termin\u00e9 est \u00e0 augmenter de l&rsquo;amortissement pratiqu\u00e9 sur les biens \u00e9ligibles acquis au cours de l&rsquo;exercice.<\/span><\/p>\n<p><span style=\"font-size: 18px;\">La valeur de r\u00e9f\u00e9rence, qui s&rsquo;\u00e9l\u00e8ve au minimum \u00e0 1.850 \u20ac, est d\u00e9termin\u00e9e par la moyenne arithm\u00e9tique des valeurs que ces biens ont respectivement atteintes \u00e0 la cl\u00f4ture des 5 exercices pr\u00e9c\u00e9dents.<\/span><\/p>\n<p><span style=\"font-size: 18px;\">L&rsquo;investissement compl\u00e9mentaire ainsi calcul\u00e9 ne peut pas d\u00e9passer l&rsquo;investissement \u00e9ligible r\u00e9alis\u00e9 au cours de l&rsquo;exercice concern\u00e9.<\/span><\/p>\n<p><span style=\"font-size: 18px;\">2. <u>L\u2019investissement global<\/u><\/span><\/p>\n<p><span style=\"font-size: 18px;\">La 2e bonification est accord\u00e9e en raison de l&rsquo;investissement effectu\u00e9 au cours de l&rsquo;exercice d&rsquo;exploitation.<\/span><\/p>\n<ul>\n<li><span style=\"font-size: 18px;\">Cette bonification s&rsquo;\u00e9l\u00e8ve depuis 2017 \u00e0 8% pour la 1\u00e8re tranche ne d\u00e9passant pas 150.000 \u20ac et depuis 2013 \u00e0 2% pour la tranche d&rsquo;investissement d\u00e9passant 150.000 \u20ac en ce qui concerne<\/span><\/li>\n<\/ul>\n<p><span style=\"font-size: 18px;\">&#8211; les investissements en biens amortissables corporels autres que les b\u00e2timents, le cheptel vif agricole et les gisements min\u00e9raux et fossiles,<\/span><\/p>\n<p><span style=\"font-size: 18px;\">&#8211; les investissements en installations sanitaires et de chauffage central incorpor\u00e9s aux b\u00e2timents h\u00f4teliers et<\/span><\/p>\n<p><span style=\"font-size: 18px;\">&#8211; les investissements en b\u00e2timents \u00e0 caract\u00e8re social ;<\/span><\/p>\n<ul>\n<li><span style=\"font-size: 18px;\">depuis 2017 \u00e0 9% pour la 1\u00e8re tranche ne d\u00e9passant pas 150.000 \u20ac et \u00e0 4% pour la tranche d&rsquo;investissement d\u00e9passant 150.000 \u20ac en ce qui concerne les investissements en immobilisations agr\u00e9\u00e9es pour \u00eatre admises \u00e0 l&rsquo;amortissement sp\u00e9cial<\/span><\/li>\n<\/ul>\n<ul>\n<li><span style=\"font-size: 18px;\">\u00e0 partir de 2018, la bonification d\u2019imp\u00f4t pour l\u2019acquisition de logiciels est de 8% pour la 1\u00e8re tranche d\u2019investissement ne d\u00e9passant pas 150 000 \u20ac et de 2% pour la tranche d\u2019investissement d\u00e9passant 150 000 \u20ac. Elle ne peut pas d\u00e9passer 10% de l\u2019imp\u00f4t d\u00fb pour l\u2019ann\u00e9e d\u2019imposition au cours de laquelle est cl\u00f4tur\u00e9 l\u2019exercice pendant lequel les acquisitions de logiciels sont r\u00e9alis\u00e9es.<\/span><\/li>\n<\/ul>\n<p><span style=\"font-size: 18px;\">Sont cependant exclus:<\/span><\/p>\n<ul>\n<li><span style=\"font-size: 18px;\">les biens amortissables normalement au cours d&rsquo;une p\u00e9riode inf\u00e9rieure \u00e0 3 ann\u00e9es,<\/span><\/li>\n<li><span style=\"font-size: 18px;\">les biens acquis par transmission en bloc d&rsquo;une entreprise,<\/span><\/li>\n<li><span style=\"font-size: 18px;\">les biens usag\u00e9s,<\/span><\/li>\n<li><span style=\"font-size: 18px;\">certains v\u00e9hicules automoteurs.<\/span><\/li>\n<\/ul>\n<p><span style=\"font-size: 18px;\">Toutefois, les biens usag\u00e9s sont \u00e9ligibles \u00e0 la bonification d&rsquo;imp\u00f4t pour investissements jusqu&rsquo;\u00e0 concurrence d&rsquo;un montant de 250.000 \u20ac lorsqu&rsquo;ils sont investis par le contribuable dans le cadre d&rsquo;un 1er \u00e9tablissement.<\/span><\/p>\n<p><span style=\"font-size: 18px;\"><strong><u>Nouveau r\u00e9gime applicable \u00e0 partir de l\u2019ann\u00e9e d\u2019imposition 2024<\/u>\u00a0:<\/strong><\/span><\/p>\n<ul>\n<li><span style=\"font-size: 18px;\">La bonification d\u2019imp\u00f4t pour investissement compl\u00e9mentaire disparait.<\/span><\/li>\n<\/ul>\n<ul>\n<li><span style=\"font-size: 18px;\">Le taux de base de la bonification d\u2019imp\u00f4t pour investissement global dans des biens corporels amortissables autres que les b\u00e2timents, le cheptel vif agricole et les gisements min\u00e9raux et fossiles sera augment\u00e9 de 8% \u00e0 12% et la condition de la tranche d\u2019investissement de 150.000 euros est supprim\u00e9e. Pour les investissements \u00e9ligibles pour l\u2019amortissement sp\u00e9cial pr\u00e9vu \u00e0 l\u2019article 32bis LIR, le taux de la bonification d\u2019imp\u00f4t pour investissement global est port\u00e9 \u00e0 14%.<\/span><\/li>\n<\/ul>\n<ul>\n<li><span style=\"font-size: 18px;\">La bonification d\u2019imp\u00f4t s\u2019\u00e9l\u00e8ve \u00e0 18 % des investissements et des d\u00e9penses d\u2019ex\u00adploitation r\u00e9alis\u00e9s dans le cadre d\u2019un projet de transformation digitale ou dans le cadre d\u2019un projet de transition \u00e9cologique et \u00e9nerg\u00e9tique de l\u2019entreprise, \u00e0 l\u2019exception des investissements en biens amortis\u00adsables corporels pour lesquels la bonification d\u2019imp\u00f4t s\u2019\u00e9l\u00e8ve \u00e0 6 pour cent.<\/span><\/li>\n<\/ul>\n<ul>\n<li><span style=\"font-size: 18px;\">Extension du champ d\u2019application de la bonification d\u2019imp\u00f4t pour investissement aux investissements et d\u00e9penses effectu\u00e9s par les entreprises luxembourgeoises dans le cadre de projets de transformation digitale ou de transition \u00e9cologique et \u00e9nerg\u00e9tique. Les investissements en biens amortissables corporels r\u00e9alis\u00e9s dans le cadre d\u2019une transformation digitale ou d\u2019une transition \u00e9cologique et \u00e9nerg\u00e9tique seront \u00e9ligibles \u00e0 une bonification d\u2019imp\u00f4t suppl\u00e9mentaire de 6%. Ainsi, un tel investissement aura droit \u00e0 une bonification d\u2019imp\u00f4t totale de 18%.<\/span><\/li>\n<\/ul>\n<p><span style=\"font-size: 18px;\"><u>D\u00e9finitions<\/u>\u00a0:<\/span><\/p>\n<ul>\n<li><span style=\"font-size: 18px;\">D\u00e9finition de la transformation digitale\u00a0: le projet de loi d\u00e9finit la transformation digitale\u00a0comme la r\u00e9alisation d\u2019une innovation de proc\u00e9d\u00e9 ou d\u2019une innovation d\u2019organisation moyennant l\u2019impl\u00e9mentation et l\u2019utilisation de technologies num\u00e9riques.<\/span><\/li>\n<\/ul>\n<ul>\n<li><span style=\"font-size: 18px;\">D\u00e9finition de l\u2019innovation de proc\u00e9d\u00e9\u00a0: le projet de loi d\u00e9finit l\u2019innovation de proc\u00e9d\u00e9 comme \u00e9tant la mise en \u0153uvre d\u2019une m\u00e9thode de production ou de distribution nouvelle ou sensiblement am\u00e9lior\u00e9e, cette notion impliquant des changements significatifs d\u2019ordre technique, mat\u00e9riel ou logiciel. Sont exclus de la pr\u00e9sente d\u00e9finition les changements ou am\u00e9liorations mineurs, les accroissements des moyens de production ou de service par l\u2019adjonction de syst\u00e8mes de fabrication ou de syst\u00e8mes logistiques qui sont tr\u00e8s analogues \u00e0 ceux d\u00e9j\u00e0 en usage, la cessation de l\u2019utilisation d\u2019un proc\u00e9d\u00e9, le simple remplacement ou l\u2019extension de l\u2019\u00e9quipement, les changements d\u00e9coulant uniquement de variations du prix des facteurs, la production personnalis\u00e9e, l\u2019adaptation aux march\u00e9s locaux, le modifications saisonni\u00e8res r\u00e9guli\u00e8res et autres changements cycliques et le commerce de produits nouveaux ou sensiblement am\u00e9lior\u00e9s.<\/span><\/li>\n<\/ul>\n<ul>\n<li><span style=\"font-size: 18px;\">D\u00e9finition de l\u2019innovation d\u2019organisation\u00a0: le projet de loi d\u00e9finit l\u2019innovation d\u2019organisation comme la mise en \u0153uvre d\u2019une nouvelle m\u00e9thode organisationnelle, l\u2019organisation du lieu de travail ou les relations ext\u00e9rieures de l\u2019entreprise. Sont exclus de la pr\u00e9sente d\u00e9finition les changements s\u2019appuyant sur des m\u00e9thodes organisationnelles d\u00e9j\u00e0 utilis\u00e9es dans l\u2019entreprise, les changements dans les pratiques commerciales, les fusions et les acquisitions, la cessation de l\u2019utilisation d\u2019un proc\u00e9d\u00e9, le simple remplacement ou l\u2019extension de l\u2019\u00e9quipement, les changements d\u00e9coulant uniquement de variations du prix des facteurs, la production personnalis\u00e9e, l\u2019adaptation aux march\u00e9s locaux, les modifications saisonni\u00e8res r\u00e9guli\u00e8res et autres changements cycliques ainsi que le commerce de produits nouveaux ou sensiblement am\u00e9lior\u00e9s.<\/span><\/li>\n<\/ul>\n<ul>\n<li><span style=\"font-size: 18px;\">D\u00e9finition Economie circulaire\u00a0: le projet de loi d\u00e9finit l\u2019\u00e9conomie circulaire comme un mod\u00e8le \u00e9conomique dans lequel la valeur des produits, des mati\u00e8res et autres ressources est maintenue dans l\u2019\u00e9conomie aussi longtemps que possible pour am\u00e9liorer leur utilisation efficace dans la production et la consommation, r\u00e9duisant ainsi l\u2019impact environnemental de leur utilisation, et r\u00e9duisant \u00e0 un minimum les d\u00e9chets et le rejet de substances dangereuses \u00e0 toutes les \u00e9tapes de leur cycle de vie, notamment par l\u2019application de la hi\u00e9rarchie des d\u00e9chets.<\/span><\/li>\n<\/ul>\n<ul>\n<li><span style=\"font-size: 18px;\">D\u00e9finition de la transition \u00e9cologique et \u00e9nerg\u00e9tique\u00a0: le projet de loi d\u00e9finit la transition \u00e9cologique et \u00e9nerg\u00e9tique comme tout changement r\u00e9duisant l\u2019impact environnemental, dans la production et la consommation de l\u2019\u00e9nergie ou l\u2019utilisation des ressources, ledit changement devant \u00eatre significatif et d\u2019ordre technique ou mat\u00e9riel. Sont exclus de la pr\u00e9sente d\u00e9finition la cessation de l\u2019utilisation d\u2019un proc\u00e9d\u00e9, le simple remplacement ou l\u2019extension de l\u2019\u00e9quipement, les changements d\u00e9coulant uniquement de variations du prix des facteurs, les modifications saisonni\u00e8res r\u00e9guli\u00e8res et autres changements cycliques ainsi que le commerce de produits nouveaux ou sensiblement am\u00e9lior\u00e9s.<\/span><\/li>\n<\/ul>\n<p><span style=\"font-size: 18px;\"><u>Conditions<\/u>\u00a0:<\/span><\/p>\n<p><span style=\"font-size: 18px;\">Les investissements et d\u00e9penses d\u2019exploitation relatifs \u00e0 la transformation digitale ou \u00e0 la transition \u00e9conomique sont les suivants\u00a0:<\/span><\/p>\n<ul>\n<li><span style=\"font-size: 18px;\">Les investissements en biens amortissables corporels autres que les b\u00e2timents, le cheptel vif agricole et les gisements min\u00e9raux et fossiles\u00a0;<\/span><\/li>\n<li><span style=\"font-size: 18px;\">Les investissements en logiciels ou en brevets autres que ceux acquis d\u2019une entreprise li\u00e9e au sens de l\u2019article 56 LIR\u00a0;<\/span><\/li>\n<li><span style=\"font-size: 18px;\">Les d\u00e9penses faites pour l\u2019usage ou la concession de l\u2019usage de brevets ou de logiciels, sauf lorsque cet usage ou cette concession de l\u2019usage est accord\u00e9 par une entreprise li\u00e9e au sens de l\u2019article 56 LIR\u00a0;<\/span><\/li>\n<li><span style=\"font-size: 18px;\">Les d\u00e9penses en services de conseil, de diagnostic et d\u2019appui technique fournis par des prestataires ext\u00e9rieurs qui ne sont pas en rapport avec les d\u00e9penses de fonctionnement normales de l\u2019entreprise, telles que les services r\u00e9guliers de conseil fiscal ou juridique, ou la publicit\u00e9\u00a0;<\/span><\/li>\n<li><span style=\"font-size: 18px;\">Les d\u00e9penses de personnel directement affect\u00e9 \u00e0 la transformation digitale ou \u00e0 la transition \u00e9cologique et \u00e9nerg\u00e9tique de l\u2019entreprise\u00a0;<\/span><\/li>\n<li><span style=\"font-size: 18px;\">Les d\u00e9penses en formation du personnel directement affect\u00e9 \u00e0 la transformation digitale ou \u00e0 la transition \u00e9cologique et \u00e9nerg\u00e9tique de l\u2019entreprise<\/span><\/li>\n<\/ul>\n<p><span style=\"font-size: 18px;\">Les investissements et d\u00e9penses d\u2019exploitation inh\u00e9rents \u00e0 la transformation digitale sont ceux qui en cas de transformation digitale r\u00e9pondent au moins \u00e0 l\u2019un des objectifs suivants\u00a0:<\/span><\/p>\n<ul>\n<li><span style=\"font-size: 18px;\">Am\u00e9liorer de mani\u00e8re significative l\u2019efficacit\u00e9 \u00e9nerg\u00e9tique d\u2019un proc\u00e9d\u00e9 de production de l\u2019entreprise de fa\u00e7on \u00e0 \u00e9conomiser au moins 20 % de la quantit\u00e9 d\u2019\u00e9nergie utilis\u00e9e, d\u00e9termin\u00e9e par rapport \u00e0 la performance \u00e9nerg\u00e9tique moyenne dudit proc\u00e9d\u00e9 durant une p\u00e9riode de r\u00e9f\u00e9rence de cinq exercices d\u2019exploitation pr\u00e9c\u00e9dant celui du d\u00e9but de la transition \u00e9cologique et \u00e9nerg\u00e9tique<\/span><\/li>\n<li><span style=\"font-size: 18px;\">Mettre en \u0153uvre un mod\u00e8le \u00e9conomique innovant au sein de l\u2019entreprise, y compris en mati\u00e8re d\u2019\u00e9conomie circulaire, de mani\u00e8re \u00e0 cr\u00e9er une nouvelle valeur pour les parties prenantes de l\u2019entreprise<\/span><\/li>\n<li><span style=\"font-size: 18px;\">Red\u00e9finir de mani\u00e8re significative l\u2019ensemble de la prestation des services rendus par l\u2019entreprise de mani\u00e8re \u00e0 cr\u00e9er une nouvelle valeur pour les parties prenantes de l\u2019entreprise\u00a0;<\/span><\/li>\n<li><span style=\"font-size: 18px;\">Transformer de mani\u00e8re significative l\u2019organisation de l\u2019entreprise de sorte \u00e0 cr\u00e9er une nouvelle valeur pour les parties prenantes de l\u2019entreprise\u00a0;<\/span><\/li>\n<li><span style=\"font-size: 18px;\">Red\u00e9finir de mani\u00e8re significative l\u2019ensemble des proc\u00e9d\u00e9s de l\u2019entreprise afin de substantiellement accroitre l\u2019identification et la mitigation des risques num\u00e9riques des activit\u00e9s de l\u2019entreprise<\/span><\/li>\n<\/ul>\n<p><span style=\"font-size: 18px;\">Les investissements et d\u00e9penses d\u2019exploitation inh\u00e9rent \u00e0 la transition \u00e9cologique et \u00e9nerg\u00e9tique sont ceux qui r\u00e9pondent au moins \u00e0 l\u2019un des objectifs suivants\u00a0:<\/span><\/p>\n<ul>\n<li><span style=\"font-size: 18px;\">am\u00e9liorer de mani\u00e8re significative l\u2019efficacit\u00e9 \u00e9nerg\u00e9tique d\u2019un proc\u00e9d\u00e9 de production de l\u2019entreprise de fa\u00e7on \u00e0 \u00e9conomiser au moins 20 pour cent de la quantit\u00e9 d\u2019\u00e9nergie utilis\u00e9e, d\u00e9termin\u00e9e par rapport \u00e0 la performance \u00e9nerg\u00e9tique moyenne dudit proc\u00e9d\u00e9 durant une p\u00e9riode de r\u00e9f\u00e9rence de cinq exercices d\u2019exploitation pr\u00e9c\u00e9dant celui du d\u00e9but de la transition \u00e9cologique et \u00e9nerg\u00e9tique ;<\/span><\/li>\n<\/ul>\n<ul>\n<li><span style=\"font-size: 18px;\">d\u00e9carboner de mani\u00e8re significative un proc\u00e9d\u00e9 de production de l\u2019entreprise de mani\u00e8re \u00e0 r\u00e9duire d\u2019au moins 40 % les \u00e9missions de gaz \u00e0 effet de serre, d\u00e9termin\u00e9es par rapport aux \u00e9missions moyennes produites dudit proc\u00e9d\u00e9 durant une p\u00e9riode de r\u00e9f\u00e9rence des cinq exercices d\u2019exploitation pr\u00e9c\u00e9dant celui du d\u00e9but de la transition \u00e9cologique et \u00e9nerg\u00e9tique ;<\/span><\/li>\n<\/ul>\n<ul>\n<li><span style=\"font-size: 18px;\">produire ou stocker de l\u2019\u00e9nergie produite \u00e0 partir de sources non fossiles renouvelables de mani\u00e8re \u00e0 assurer les besoins \u00e9nerg\u00e9tiques de l\u2019entreprise par l\u2019autoconsommation. Par \u00e9nergie produite \u00e0 partir de sources non fossiles renouvelables, on entend l\u2019\u00e9nergie \u00e9olienne, l\u2019\u00e9nergie solaire thermique et photovolta\u00efque, l\u2019\u00e9nergie g\u00e9othermique, l\u2019\u00e9nergie ambiante, l\u2019\u00e9nergie mar\u00e9motrice, houlomotrice et d\u2019autres \u00e9nergies marines, l\u2019\u00e9nergie hydro\u00e9lectrique, la biomasse, les gaz de d\u00e9charge, les gaz des stations d\u2019\u00e9puration d\u2019eaux us\u00e9es, le biogaz, ainsi que l\u2019hydrog\u00e8ne renouvelable et ses d\u00e9riv\u00e9s renouvelables ;<\/span><\/li>\n<\/ul>\n<ul>\n<li><span style=\"font-size: 18px;\">r\u00e9duire la pollution de l\u2019air du site de production de l\u2019entreprise au-del\u00e0 des limites des \u00e9missions des polluants vis\u00e9s par le r\u00e8glement grand-ducal du 27 juin 2018 concernant la r\u00e9duction des \u00e9missions nationales de certains polluants atmosph\u00e9riques et le r\u00e8glement grand-ducal du 30 mai 2005 portant application de la directive 2004\/107\/CE du Parlement europ\u00e9en et du Conseil du 15 d\u00e9cembre 2004 concernant l\u2019arsenic, le cadmium, le mercure, le nickel et les hydrocarbures aromatiques polycycliques dans l\u2019air ambiant. Le potentiel de r\u00e9duction des \u00e9missions de l\u2019activit\u00e9 \u00e9conomique est d\u00e9termin\u00e9 par rapport aux \u00e9missions moyennes dudit site de production durant une p\u00e9riode de r\u00e9f\u00e9rence des cinq exercices d\u2019exploitation pr\u00e9c\u00e9dant celui du d\u00e9but de la transition \u00e9cologique et \u00e9nerg\u00e9tique ;<\/span><\/li>\n<\/ul>\n<ul>\n<li><span style=\"font-size: 18px;\">am\u00e9liorer de mani\u00e8re significative l\u2019efficacit\u00e9 mati\u00e8res d\u2019un proc\u00e9d\u00e9 de production de l\u2019entreprise de mani\u00e8re \u00e0 r\u00e9duire l\u2019utilisation des mati\u00e8res premi\u00e8res primaires d\u2019au moins 15 % ou \u00e0 remplacer des mati\u00e8res premi\u00e8res primaires par au moins 20 % par des sous-produits ou des mati\u00e8res premi\u00e8res secondaires. L\u2019am\u00e9lioration de l\u2019efficacit\u00e9 mati\u00e8res est d\u00e9termin\u00e9e par rapport \u00e0 la consommation moyenne des mati\u00e8res premi\u00e8res primaires dudit proc\u00e9d\u00e9 durant une p\u00e9riode de r\u00e9f\u00e9rence des cinq derniers exercices d\u2019exploitation pr\u00e9c\u00e9dant celui du d\u00e9but de la transition \u00e9cologique et \u00e9nerg\u00e9tique ;<\/span><\/li>\n<\/ul>\n<ul>\n<li><span style=\"font-size: 18px;\">mettre en \u0153uvre un proc\u00e9d\u00e9 de production permettant de prolonger l\u2019utilisation des produits par leur r\u00e9emploi.<\/span><\/li>\n<\/ul>\n<p><span style=\"font-size: 18px;\"><u>Proc\u00e9dure<\/u>\u00a0:<\/span><\/p>\n<p><span style=\"font-size: 18px;\">La proc\u00e9dure \u00e0 respecter pour l\u2019obtention de la bonification d\u2019imp\u00f4t pour investissements et d\u00e9penses d\u2019exploitation inh\u00e9rents \u00e0 la transformation digitale et la transition \u00e9cologiques et \u00e9nerg\u00e9tique est la suivante\u00a0:<\/span><\/p>\n<ol>\n<li><span style=\"font-size: 18px;\">obtention d\u2019une attestation d\u2019\u00e9ligibilit\u00e9 des investissements et d\u00e9penses d\u2019exploitation relative \u00e0 un projet de transformation digitale ou de transition \u00e9cologique et \u00e9nerg\u00e9tique. La demande pour obtenir cette attestation est \u00e0 adresser au Ministre de l\u2019Economie<\/span><\/li>\n<li><span style=\"font-size: 18px;\">obtention d\u2019un certificat d\u00e9livr\u00e9 par le Ministre de l\u2019Economie qui atteste\u00a0 au titre d\u2019un exercice d\u2019exploitation, la r\u00e9alit\u00e9 des investissements et des d\u00e9penses d\u2019exploitation effectu\u00e9s au cours de cet exercice d\u2019exploitation, ainsi que leur conformit\u00e9 aux investissements et d\u00e9penses \u00e9ligibles.<\/span><\/li>\n<\/ol>\n<p><span style=\"font-size: 18px;\"><u>Etapes d\u00e9taill\u00e9es<\/u>\u00a0:<\/span><\/p>\n<ol>\n<li><span style=\"font-size: 18px;\">envoi de la demande d\u2019attestation d\u2019\u00e9ligibilit\u00e9 au ministre de l\u2019Economie<\/span><\/li>\n<li><span style=\"font-size: 18px;\">commencement des investissements et d\u00e9penses d\u2019exploitation<\/span><\/li>\n<li><span style=\"font-size: 18px;\">avis rendu par une commission consultative<\/span><\/li>\n<li><span style=\"font-size: 18px;\">d\u00e9livrance de l\u2019attestation d\u2019\u00e9ligibilit\u00e9 par le ministre de l\u2019Economie<\/span><\/li>\n<li><span style=\"font-size: 18px;\">demande du certificat au ministre de l\u2019Economie qui atteste la r\u00e9alit\u00e9 des investissements et des d\u00e9penses d\u2019exploitation ainsi que leur conformit\u00e9 (\u00e0 renouveler pour chaque exercice d\u2019exploitation)<\/span><\/li>\n<li><span style=\"font-size: 18px;\">d\u00e9livrance dudit certificat par le ministre de l\u2019Economie<\/span><\/li>\n<li><span style=\"font-size: 18px;\">demande de la bonification d\u2019imp\u00f4t dans le cadre de la d\u00e9claration fiscale en joignant l\u2019attestation d\u2019\u00e9ligibilit\u00e9<\/span><\/li>\n<\/ol>","protected":false},"excerpt":{"rendered":"<p>Adaptation du bar\u00e8me de l\u2019imp\u00f4t sur le revenu A partir du 1er janvier 2024 les tranches du bar\u00e8me de l\u2019imp\u00f4t sur le revenu augmentent de 10,38 % (par rapport au tarif applicable depuis 2017). Cela correspond \u00e0 4 tranches indiciaires. Cela entraine donc un all\u00e8gement de la charge fiscale qui p\u00e8se sur les m\u00e9nages. Les [&hellip;]<\/p>\n","protected":false},"author":3,"featured_media":1258,"comment_status":"open","ping_status":"closed","sticky":false,"template":"","format":"standard","meta":{"_acf_changed":false,"footnotes":""},"categories":[1],"tags":[],"service_lie":[38,29],"type_contenu":[21],"class_list":["post-1186","post","type-post","status-publish","format-standard","has-post-thumbnail","hentry","category-uncategorized","service_lie-fiscalite-tva","service_lie-rh_payroll","type_contenu-actualites"],"acf":[],"_links":{"self":[{"href":"https:\/\/www.omnitrust.lu\/en\/wp-json\/wp\/v2\/posts\/1186","targetHints":{"allow":["GET"]}}],"collection":[{"href":"https:\/\/www.omnitrust.lu\/en\/wp-json\/wp\/v2\/posts"}],"about":[{"href":"https:\/\/www.omnitrust.lu\/en\/wp-json\/wp\/v2\/types\/post"}],"author":[{"embeddable":true,"href":"https:\/\/www.omnitrust.lu\/en\/wp-json\/wp\/v2\/users\/3"}],"replies":[{"embeddable":true,"href":"https:\/\/www.omnitrust.lu\/en\/wp-json\/wp\/v2\/comments?post=1186"}],"version-history":[{"count":1,"href":"https:\/\/www.omnitrust.lu\/en\/wp-json\/wp\/v2\/posts\/1186\/revisions"}],"predecessor-version":[{"id":1349,"href":"https:\/\/www.omnitrust.lu\/en\/wp-json\/wp\/v2\/posts\/1186\/revisions\/1349"}],"wp:featuredmedia":[{"embeddable":true,"href":"https:\/\/www.omnitrust.lu\/en\/wp-json\/wp\/v2\/media\/1258"}],"wp:attachment":[{"href":"https:\/\/www.omnitrust.lu\/en\/wp-json\/wp\/v2\/media?parent=1186"}],"wp:term":[{"taxonomy":"category","embeddable":true,"href":"https:\/\/www.omnitrust.lu\/en\/wp-json\/wp\/v2\/categories?post=1186"},{"taxonomy":"post_tag","embeddable":true,"href":"https:\/\/www.omnitrust.lu\/en\/wp-json\/wp\/v2\/tags?post=1186"},{"taxonomy":"service_lie","embeddable":true,"href":"https:\/\/www.omnitrust.lu\/en\/wp-json\/wp\/v2\/service_lie?post=1186"},{"taxonomy":"type_contenu","embeddable":true,"href":"https:\/\/www.omnitrust.lu\/en\/wp-json\/wp\/v2\/type_contenu?post=1186"}],"curies":[{"name":"wp","href":"https:\/\/api.w.org\/{rel}","templated":true}]}}