{"id":1188,"date":"2024-01-30T12:19:00","date_gmt":"2024-01-30T12:19:00","guid":{"rendered":"https:\/\/omnitrust.lu\/mise-a-jour-des-parametres-sociaux-au-1er-janvier-2024\/"},"modified":"2026-03-18T14:34:01","modified_gmt":"2026-03-18T14:34:01","slug":"social-parameters-update-2024","status":"publish","type":"post","link":"https:\/\/www.omnitrust.lu\/en\/blog\/mise-a-jour-des-parametres-sociaux-au-1er-janvier-2024\/","title":{"rendered":"Mise \u00e0 jour des param\u00e8tres sociaux au 1er janvier 2024"},"content":{"rendered":"<p><strong><span style=\"font-size: 36px;\">Bar\u00e8mes sociaux au 1er janvier 2024<\/span><\/strong><\/p>\n<p><span style=\"font-size: 18px;\">Les nouveaux bar\u00e8mes sociaux viennent d&rsquo;\u00eatre publi\u00e9s. Nous vous proposons d&rsquo;en prendre connaissance ci-dessous. La cote d&rsquo;indice reste inchang\u00e9e \u00e0 944,43. Les modifications concernent les nouvelles pensions attribu\u00e9es en 2024 et les limites sup\u00e9rieures du revenu annuel pour l&rsquo;octroi de l&rsquo;allocation de vie ch\u00e8re et du compl\u00e9ment prime d&rsquo;\u00e9nergie.<\/span><\/p>\n<p><img decoding=\"async\" data-src=\"https:\/\/www.omnitrust.lu\/uploads\/actualites\/4951b116ae1d8aa4c28a8fc4c44392d7.jpeg\" src=\"data:image\/svg+xml;base64,PHN2ZyB3aWR0aD0iMSIgaGVpZ2h0PSIxIiB4bWxucz0iaHR0cDovL3d3dy53My5vcmcvMjAwMC9zdmciPjwvc3ZnPg==\" class=\"lazyload\" \/><\/p>\n<p><img decoding=\"async\" data-src=\"https:\/\/www.omnitrust.lu\/uploads\/actualites\/a83efa5117c48c9d5301aee6d0566186.jpeg\" src=\"data:image\/svg+xml;base64,PHN2ZyB3aWR0aD0iMSIgaGVpZ2h0PSIxIiB4bWxucz0iaHR0cDovL3d3dy53My5vcmcvMjAwMC9zdmciPjwvc3ZnPg==\" class=\"lazyload\" \/><\/p>\n<p><img decoding=\"async\" data-src=\"https:\/\/www.omnitrust.lu\/uploads\/actualites\/d49e0f3534799491135e5a5f20253fe7.jpeg\" src=\"data:image\/svg+xml;base64,PHN2ZyB3aWR0aD0iMSIgaGVpZ2h0PSIxIiB4bWxucz0iaHR0cDovL3d3dy53My5vcmcvMjAwMC9zdmciPjwvc3ZnPg==\" class=\"lazyload\" \/><\/p>\n<p><img decoding=\"async\" data-src=\"https:\/\/www.omnitrust.lu\/uploads\/actualites\/04eefefe588e25c1c4ede5d73ddfd4de.jpeg\" src=\"data:image\/svg+xml;base64,PHN2ZyB3aWR0aD0iMSIgaGVpZ2h0PSIxIiB4bWxucz0iaHR0cDovL3d3dy53My5vcmcvMjAwMC9zdmciPjwvc3ZnPg==\" class=\"lazyload\" \/><\/p>\n<p><img decoding=\"async\" data-src=\"https:\/\/www.omnitrust.lu\/uploads\/actualites\/c65d141be4a5534555e80faa45040391.jpeg\" src=\"data:image\/svg+xml;base64,PHN2ZyB3aWR0aD0iMSIgaGVpZ2h0PSIxIiB4bWxucz0iaHR0cDovL3d3dy53My5vcmcvMjAwMC9zdmciPjwvc3ZnPg==\" class=\"lazyload\" \/><\/p>\n<p><img decoding=\"async\" data-src=\"https:\/\/www.omnitrust.lu\/uploads\/actualites\/0039449ee0b264f345303ed73047ef16.jpeg\" src=\"data:image\/svg+xml;base64,PHN2ZyB3aWR0aD0iMSIgaGVpZ2h0PSIxIiB4bWxucz0iaHR0cDovL3d3dy53My5vcmcvMjAwMC9zdmciPjwvc3ZnPg==\" class=\"lazyload\" \/><\/p>\n<p><img decoding=\"async\" data-src=\"https:\/\/www.omnitrust.lu\/uploads\/actualites\/9b7772d5ccf08934e8809e712fb8dfa7.jpeg\" src=\"data:image\/svg+xml;base64,PHN2ZyB3aWR0aD0iMSIgaGVpZ2h0PSIxIiB4bWxucz0iaHR0cDovL3d3dy53My5vcmcvMjAwMC9zdmciPjwvc3ZnPg==\" class=\"lazyload\" \/><\/p>\n\n\n<figure class=\"wp-block-image size-large\"><img fetchpriority=\"high\" decoding=\"async\" width=\"1024\" height=\"509\" src=\"https:\/\/omnitrust.lu\/wp-content\/uploads\/2024\/01\/image-1024x509.png\" alt=\"\" class=\"wp-image-1338\" srcset=\"https:\/\/www.omnitrust.lu\/wp-content\/uploads\/2024\/01\/image-1024x509.png 1024w, https:\/\/www.omnitrust.lu\/wp-content\/uploads\/2024\/01\/image-300x149.png 300w, https:\/\/www.omnitrust.lu\/wp-content\/uploads\/2024\/01\/image-768x382.png 768w, https:\/\/www.omnitrust.lu\/wp-content\/uploads\/2024\/01\/image-18x9.png 18w, https:\/\/www.omnitrust.lu\/wp-content\/uploads\/2024\/01\/image.png 1355w\" sizes=\"(max-width: 1024px) 100vw, 1024px\" \/><\/figure>","protected":false},"excerpt":{"rendered":"<p>Bar\u00e8mes sociaux au 1er janvier 2024 Les nouveaux bar\u00e8mes sociaux viennent d&rsquo;\u00eatre publi\u00e9s. Nous vous proposons d&rsquo;en prendre connaissance ci-dessous. La cote d&rsquo;indice reste inchang\u00e9e \u00e0 944,43. Les modifications concernent les nouvelles pensions attribu\u00e9es en 2024 et les limites sup\u00e9rieures du revenu annuel pour l&rsquo;octroi de l&rsquo;allocation de vie ch\u00e8re et du compl\u00e9ment prime d&rsquo;\u00e9nergie.<\/p>","protected":false},"author":3,"featured_media":1280,"comment_status":"open","ping_status":"closed","sticky":false,"template":"","format":"standard","meta":{"_acf_changed":false,"footnotes":""},"categories":[1],"tags":[],"service_lie":[29],"type_contenu":[21],"class_list":["post-1188","post","type-post","status-publish","format-standard","has-post-thumbnail","hentry","category-uncategorized","service_lie-rh_payroll","type_contenu-actualites"],"acf":[],"_links":{"self":[{"href":"https:\/\/www.omnitrust.lu\/en\/wp-json\/wp\/v2\/posts\/1188","targetHints":{"allow":["GET"]}}],"collection":[{"href":"https:\/\/www.omnitrust.lu\/en\/wp-json\/wp\/v2\/posts"}],"about":[{"href":"https:\/\/www.omnitrust.lu\/en\/wp-json\/wp\/v2\/types\/post"}],"author":[{"embeddable":true,"href":"https:\/\/www.omnitrust.lu\/en\/wp-json\/wp\/v2\/users\/3"}],"replies":[{"embeddable":true,"href":"https:\/\/www.omnitrust.lu\/en\/wp-json\/wp\/v2\/comments?post=1188"}],"version-history":[{"count":2,"href":"https:\/\/www.omnitrust.lu\/en\/wp-json\/wp\/v2\/posts\/1188\/revisions"}],"predecessor-version":[{"id":1340,"href":"https:\/\/www.omnitrust.lu\/en\/wp-json\/wp\/v2\/posts\/1188\/revisions\/1340"}],"wp:featuredmedia":[{"embeddable":true,"href":"https:\/\/www.omnitrust.lu\/en\/wp-json\/wp\/v2\/media\/1280"}],"wp:attachment":[{"href":"https:\/\/www.omnitrust.lu\/en\/wp-json\/wp\/v2\/media?parent=1188"}],"wp:term":[{"taxonomy":"category","embeddable":true,"href":"https:\/\/www.omnitrust.lu\/en\/wp-json\/wp\/v2\/categories?post=1188"},{"taxonomy":"post_tag","embeddable":true,"href":"https:\/\/www.omnitrust.lu\/en\/wp-json\/wp\/v2\/tags?post=1188"},{"taxonomy":"service_lie","embeddable":true,"href":"https:\/\/www.omnitrust.lu\/en\/wp-json\/wp\/v2\/service_lie?post=1188"},{"taxonomy":"type_contenu","embeddable":true,"href":"https:\/\/www.omnitrust.lu\/en\/wp-json\/wp\/v2\/type_contenu?post=1188"}],"curies":[{"name":"wp","href":"https:\/\/api.w.org\/{rel}","templated":true}]}}