{"id":1205,"date":"2023-08-31T12:19:00","date_gmt":"2023-08-31T12:19:00","guid":{"rendered":"https:\/\/omnitrust.lu\/nouvelle-indexation-des-salaires-a-partir-du-1er-septembre-2023\/"},"modified":"2026-03-18T14:12:22","modified_gmt":"2026-03-18T14:12:22","slug":"salary-indexation-september-2023","status":"publish","type":"post","link":"https:\/\/www.omnitrust.lu\/en\/blog\/nouvelle-indexation-des-salaires-a-partir-du-1er-septembre-2023\/","title":{"rendered":"Nouvelle indexation des salaires \u00e0 partir du 1er septembre 2023"},"content":{"rendered":"<p><span style=\"font-size:48px\"><strong>Nouvelle indexation des salaires<\/strong><\/span><\/p>\n<p><span style=\"font-size:24px\"><span style=\"font-family:Calibri,sans-serif\"><u>Application<\/u><\/span><\/span><\/p>\n<p><span style=\"font-size:24px\"><span style=\"font-family:Calibri,sans-serif\">L\u2019Institut national de la statistique et des \u00e9tudes \u00e9conomiques (STATEC) vient d&rsquo;annoncer qu&rsquo;une nouvelle indexation des salaires aura lieu le 1er septembre 2023 au Luxembourg.<\/span><\/span><\/p>\n<p><span style=\"font-size:24px\"><span style=\"font-family:Calibri,sans-serif\">D\u2019apr\u00e8s le r\u00e9sultat provisoire publi\u00e9 par le STATEC, le taux d\u2019inflation annuel de l\u2019indice des prix \u00e0 la consommation national (IPCN) s\u2019\u00e9l\u00e8ve \u00e0 4,2 % pour le mois d\u2019ao\u00fbt 2023. Suite \u00e0 ce r\u00e9sultat, la moyenne semestrielle de l\u2019indice raccord\u00e9 \u00e0 la base 1.1.1948 du mois d\u2019ao\u00fbt d\u00e9passe le seuil de 988,75 points, entrainant ainsi une nouvelle indexation.<\/span><\/span><\/p>\n<p><span style=\"font-size:24px\"><span style=\"font-family:Calibri,sans-serif\">La nouvelle cote d&rsquo;application de l&rsquo;\u00e9chelle mobile des salaires de 944,43 points s&rsquo;appliquera \u00e0 compter du 1er septembre 2023. En cons\u00e9quence les salaires, traitements et pensions feront l&rsquo;objet d&rsquo;une majoration de 2,5 % \u00e0 cette m\u00eame date.<\/span><\/span><\/p>\n<p><span style=\"font-size:24px\"><span style=\"font-family:Calibri,sans-serif\"><u>Compensation<\/u><\/span><\/span><\/p>\n<p><span style=\"font-size:24px\"><span style=\"font-family:Calibri,sans-serif\">Pour rappel l\u2019application de la nouvelle tranche indiciaire sera compens\u00e9e pour les employeurs par une baisse du taux de cotisation dans chacune des quatre classes de cotisation de la Mutualit\u00e9 des employeurs. L\u2019adaptation des taux jouera \u00e0 partir de l\u2019exercice 2024.<\/span><\/span><\/p>\n<p><span style=\"font-size:24px\"><span style=\"font-family:Calibri,sans-serif\">Les modalit\u00e9s de cette compensation ont \u00e9t\u00e9 fix\u00e9es par la loi du 26 juillet 2023. Ceci correspondrait \u00e0 une r\u00e9duction du taux dans chaque classe de 1,34 points de pourcentage.<\/span><\/span><\/p>\n<p><span style=\"font-size:24px\"><span style=\"font-family:Calibri,sans-serif\">Cette r\u00e9duction repr\u00e9sente le co\u00fbt de l\u2019indexation en question rapport\u00e9 \u00e0 la somme des assiettes de cotisation. Pour rappel, l\u2019assiette de cotisation, d\u00e9finie \u00e0 l\u2019article 3 des statuts de la Mutualit\u00e9 des employeurs, est constitu\u00e9e de la r\u00e9mun\u00e9ration de base ainsi que des compl\u00e9ments et accessoires payables mensuellement en esp\u00e8ces, \u00e0 l\u2019exception de la r\u00e9mun\u00e9ration des heures suppl\u00e9mentaires. Ne sont pas non plus pris en compte les gratifications, participations et autres avantages m\u00eame non exprim\u00e9s en esp\u00e8ces dont l\u2019assur\u00e9 jouit en raison de son occupation.<\/span><\/span><\/p>\n<p><span style=\"font-size:24px\"><span style=\"font-family:Calibri,sans-serif\">A noter que le co\u00fbt de l\u2019indexation \u00e0 compenser par le m\u00e9canisme de la loi du 26 juillet 2023 prend en compte le salaire total (y inclus la r\u00e9mun\u00e9ration des heures suppl\u00e9mentaires et les gratifications) sans tenir compte du maximum cotisable annuel.<\/span><\/span><\/p>\n<p><span style=\"font-size:24px\"><span style=\"font-family:Calibri,sans-serif\">Afin d\u2019\u00e9viter que les taux des classes ne deviennent n\u00e9gatifs, l\u2019adaptation des taux pourra, le cas \u00e9ch\u00e9ant, \u00eatre \u00e9tal\u00e9e sur plusieurs exercices.<\/span><\/span><\/p>\n<p><span style=\"font-size:24px\"><span style=\"font-family:Calibri,sans-serif\">C\u2019est ainsi que la loi a pr\u00e9vu l\u2019\u00e9talement suivant pour les taux r\u00e9duits dans les quatre classes de cotisation :<\/span><\/span><\/p>\n<p><span style=\"font-size:24px\"><span style=\"font-family:Calibri,sans-serif\">\u00a0\u00a0\u00a0 Pour la classe 1, l\u2019\u00e9talement se fera sur 3 exercices avec un taux de cotisation de 0,01% pour l\u2019exercice 2024, de 0,04% pour l\u2019exercice 2025 et de 0,35% pour l\u2019exercice 2026 ;<\/span><\/span><\/p>\n<p><span style=\"font-size:24px\"><span style=\"font-family:Calibri,sans-serif\">\u00a0\u00a0\u00a0 Pour la classe 2, l\u2019\u00e9talement se fera sur 2 exercices avec un taux de cotisation de 0,01% pour l\u2019exercice 2024 et de 1,10% pour l\u2019exercice 2025 ;<\/span><\/span><\/p>\n<p><span style=\"font-size:24px\"><span style=\"font-family:Calibri,sans-serif\">\u00a0\u00a0\u00a0 Les classes 3 et 4 pourront \u00eatre int\u00e9gralement compens\u00e9es lors de l\u2019exercice 2024 avec un taux de cotisation de 0,42% respectivement de 1,36%.<\/span><\/span><\/p>\n<p><span style=\"font-size:24px\"><span style=\"font-family:Calibri,sans-serif\">Ces taux sont actuellement estim\u00e9s et la loi pr\u00e9voit une baisse des taux, les taux des 4 classes \u00e9tant calcul\u00e9s annuellement et communiqu\u00e9s aux entreprises. En d\u2019autres termes, les taux ne sont pas encore fig\u00e9s et pourront faire l\u2019objet d\u2019une modification l\u00e9gale ult\u00e9rieure. Le calcul d\u00e9finitif des taux de cotisation pour l\u2019exercice 2024 se fera en fin d\u2019ann\u00e9e 2023.<\/span><\/span><\/p>\n<p><span style=\"font-size:24px\"><span style=\"font-family:Calibri,sans-serif\">En fonction de l\u2019\u00e9ch\u00e9ance effective de la tranche indiciaire, les r\u00e9ductions fix\u00e9es dans la loi du 26 juillet 2023 pourront \u00eatre revues, tel qu\u2019indiqu\u00e9 dans l\u2019expos\u00e9 des motifs du projet de loi. Il s\u2019ensuit que les taux de 2024 pourront \u00e9voluer en fonction de l\u2019application effective, ainsi que des derniers chiffres disponibles sur la masse salariale et l\u2019absent\u00e9isme financier dans les quatre classes de cotisation.<\/span><\/span><\/p>\n<p><span style=\"font-size:24px\"><span style=\"font-family:Calibri,sans-serif\"><u>Nouveaux seuils et plafonds<\/u>\u00a0:<\/span><\/span><\/p>\n<p><span style=\"font-size:24px\"><span style='font-family:\"Calibri\",sans-serif'>Suite \u00e0 l\u2019augmentation de l\u2019indice vous trouverez ci-apr\u00e8s l\u2019adaptation des diff\u00e9rents seuils et plafond l\u00e9gaux. Les chiffres officiels n\u2019\u00e9tant pas encore parus, ces montants sont donn\u00e9s \u00e0 titre indicatif\u00a0:<\/span><\/span><\/p>\n<p><span style=\"font-size:24px\"><span style=\"font-family:Calibri,sans-serif\"><span style='font-family:\"Arial\",sans-serif'><span style=\"color:#4a4a49\">A partir du 1<sup>er<\/sup> septembre 2023 (montants\u00a0<strong>bruts<\/strong>, indice 944.43)\u00a0:<\/span><\/span><\/span><\/span><\/p>\n<p><span style=\"font-size:24px\"><span style=\"font-family:Calibri,sans-serif\">\u00a0<\/span><\/span><\/p>\n<p><span style=\"font-size:24px\"><span style=\"font-family:Calibri,sans-serif\"><strong><span style='font-family:\"Arial\",sans-serif'><span style=\"color:#4a4a49\">Salaire social minimum (SSM) mensuel<\/span><\/span><\/strong><\/span><\/span><\/p>\n<p><span style=\"font-size:24px\"><span style=\"font-family:Calibri,sans-serif\"><em><span style='font-family:\"Arial\",sans-serif'><span style=\"color:#4a4a49\">(art. L. 222-9 et L. 223-1 du Code du travail)<\/span><\/span><\/em><\/span><\/span><\/p>\n<p><span style=\"font-size:24px\"><span style=\"font-family:Calibri,sans-serif\">\u00a0<\/span><\/span><\/p>\n<p><span style=\"font-size:24px\"><span style=\"font-family:Calibri,sans-serif\"><strong><span style='font-family:\"Arial\",sans-serif'><span style=\"color:#4a4a49\">Pour les salari\u00e9s de 18 ans et plus <\/span><\/span><\/strong><\/span><\/span><\/p>\n<p><span style=\"font-size:24px\"><span style=\"font-family:Calibri,sans-serif\"><strong><span style='font-family:\"Arial\",sans-serif'><span style=\"color:#4a4a49\">2.570,93<\/span><\/span><\/strong><span style='font-family:\"Arial\",sans-serif'><span style=\"color:#4a4a49\">.- EUR (salari\u00e9 non qualifi\u00e9)<\/span><\/span><\/span><\/span><\/p>\n<p><span style=\"font-size:24px\"><span style=\"font-family:Calibri,sans-serif\"><strong><span style='font-family:\"Arial\",sans-serif'><span style=\"color:#4a4a49\">3.085,11<\/span><\/span><\/strong><span style='font-family:\"Arial\",sans-serif'><span style=\"color:#4a4a49\">.- EUR (salari\u00e9 qualifi\u00e9)<\/span><\/span><\/span><\/span><\/p>\n<p><span style=\"font-size:24px\"><span style=\"font-family:Calibri,sans-serif\">\u00a0<\/span><\/span><\/p>\n<ul>\n<li><span style=\"font-size:24px\"><span style=\"color:#4a4a49\"><span style=\"font-family:Calibri,sans-serif\"><strong><span style='font-family:\"Arial\",sans-serif'>Indemnit\u00e9 transactionnelle<\/span><\/strong><\/span><\/span><\/span><\/li>\n<li><span style=\"font-size:24px\"><span style=\"color:#4a4a49\"><span style=\"font-family:Calibri,sans-serif\"><strong><span style='font-family:\"Arial\",sans-serif'>Dommages et int\u00e9r\u00eats<\/span><\/strong><span style='font-family:\"Arial\",sans-serif'>\u00a0pour licenciement abusif fix\u00e9s par la juridiction du travail,<\/span><\/span><\/span><\/span><\/li>\n<li><span style=\"font-size:24px\"><span style=\"color:#4a4a49\"><span style=\"font-family:Calibri,sans-serif\"><strong><span style='font-family:\"Arial\",sans-serif'>Indemnit\u00e9 b\u00e9n\u00e9vole<\/span><\/strong><span style='font-family:\"Arial\",sans-serif'>\u00a0en cas de d\u00e9mission ou r\u00e9siliation d\u2019un commun accord<\/span><\/span><\/span><\/span><\/li>\n<\/ul>\n<p><span style=\"font-size:24px\"><span style=\"font-family:Calibri,sans-serif\"><em><span style='font-family:\"Arial\",sans-serif'><span style=\"color:#4a4a49\">(art. 115 al. 1 point 9 de la L.I.R.)<\/span><\/span><\/em><\/span><\/span><\/p>\n<p><span style=\"font-size:24px\"><span style=\"font-family:Calibri,sans-serif\">\u00a0<\/span><\/span><\/p>\n<p><span style=\"font-size:24px\"><span style=\"font-family:Calibri,sans-serif\">\u00a0<\/span><\/span><\/p>\n<p><span style=\"font-size:24px\"><span style=\"font-family:Calibri,sans-serif\"><span style='font-family:\"Arial\",sans-serif'><span style=\"color:#4a4a49\">D\u2019office exon\u00e9r\u00e9s d\u2019imp\u00f4ts jusqu\u2019\u00e0\u00a0:<\/span><\/span><\/span><\/span><\/p>\n<p><span style=\"font-size:24px\"><span style=\"font-family:Calibri,sans-serif\">\u00a0<\/span><\/span><\/p>\n<p><span style=\"font-size:24px\"><span style=\"font-family:Calibri,sans-serif\"><strong><span style='font-family:\"Arial\",sans-serif'><span style=\"color:#4a4a49\">28.648,80<\/span><\/span><\/strong><span style='font-family:\"Arial\",sans-serif'><span style=\"color:#4a4a49\">.- EUR\u00a0(inchang\u00e9)<\/span><\/span><\/span><\/span><\/p>\n<p><span style=\"font-size:24px\"><span style=\"font-family:Calibri,sans-serif\">\u00a0<\/span><\/span><\/p>\n<p><span style=\"font-size:24px\"><span style=\"font-family:Calibri,sans-serif\"><span style='font-family:\"Arial\",sans-serif'><span style=\"color:#4a4a49\">(12 x le SSM pour travailleurs non qualifi\u00e9s applicable au 1<\/span><\/span><sup><span style='font-family:\"Arial\",sans-serif'><span style=\"color:#4a4a49\">er<\/span><\/span><\/sup><span style='font-family:\"Arial\",sans-serif'><span style=\"color:#4a4a49\">\u00a0janvier de l\u2019ann\u00e9e d\u2019imposition)<\/span><\/span><\/span><\/span><\/p>\n<p><span style=\"font-size:24px\"><span style=\"font-family:Calibri,sans-serif\">\u00a0<\/span><\/span><\/p>\n<p><span style=\"font-size:24px\"><span style=\"font-family:Calibri,sans-serif\">\u00a0<\/span><\/span><\/p>\n<p><span style=\"font-size:24px\"><span style=\"font-family:Calibri,sans-serif\"><span style='font-family:\"Arial\",sans-serif'><span style=\"color:#4a4a49\">Salaire mensuel minimum de d\u00e9but requis pour appliquer une\u00a0<strong>p\u00e9riode d\u2019essai de 7 \u00e0 12 mois<\/strong><\/span><\/span><\/span><\/span><\/p>\n<p><span style=\"font-size:24px\"><span style=\"font-family:Calibri,sans-serif\"><em><span style='font-family:\"Arial\",sans-serif'><span style=\"color:#4a4a49\">(art. L.121-5 (2) du Code du Travail)<\/span><\/span><\/em><\/span><\/span><\/p>\n<p><span style=\"font-size:24px\"><span style=\"font-family:Calibri,sans-serif\">\u00a0<\/span><\/span><\/p>\n<p><span style=\"font-size:24px\"><span style=\"font-family:Calibri,sans-serif\"><strong><span style='font-family:\"Arial\",sans-serif'><span style=\"color:#4a4a49\">5.062,14<\/span><\/span><\/strong><span style='font-family:\"Arial\",sans-serif'><span style=\"color:#4a4a49\">.- EUR<\/span><\/span><\/span><\/span><\/p>\n<p><span style=\"font-size:24px\"><span style=\"font-family:Calibri,sans-serif\">\u00a0<\/span><\/span><\/p>\n<p><span style=\"font-size:24px\"><span style=\"font-family:Calibri,sans-serif\"><span style='font-family:\"Arial\",sans-serif'><span style=\"color:#4a4a49\">Salaire annuel minimum brut requis en fin de contrat pour appliquer une\u00a0<strong>clause de non concurrence<\/strong>\u00a0apr\u00e8s la fin du contrat de travail<\/span><\/span><\/span><\/span><\/p>\n<p><span style=\"font-size:24px\"><span style=\"font-family:Calibri,sans-serif\"><em><span style='font-family:\"Arial\",sans-serif'><span style=\"color:#4a4a49\">(art. L. 125-8 (3) du Code du travail)<\/span><\/span><\/em><\/span><\/span><\/p>\n<p><span style=\"font-size:24px\"><span style=\"font-family:Calibri,sans-serif\">\u00a0<\/span><\/span><\/p>\n<p><span style=\"font-size:24px\"><span style=\"font-family:Calibri,sans-serif\"><strong><span style='font-family:\"Arial\",sans-serif'><span style=\"color:#4a4a49\">64.382,45<\/span><\/span><\/strong><span style='font-family:\"Arial\",sans-serif'><span style=\"color:#4a4a49\">.- EUR<\/span><\/span><\/span><\/span><\/p>","protected":false},"excerpt":{"rendered":"<p>Nouvelle indexation des salaires Application L\u2019Institut national de la statistique et des \u00e9tudes \u00e9conomiques (STATEC) vient d&rsquo;annoncer qu&rsquo;une nouvelle indexation des salaires aura lieu le 1er septembre 2023 au Luxembourg. D\u2019apr\u00e8s le r\u00e9sultat provisoire publi\u00e9 par le STATEC, le taux d\u2019inflation annuel de l\u2019indice des prix \u00e0 la consommation national (IPCN) s\u2019\u00e9l\u00e8ve \u00e0 4,2 % [&hellip;]<\/p>\n","protected":false},"author":3,"featured_media":0,"comment_status":"open","ping_status":"closed","sticky":false,"template":"","format":"standard","meta":{"_acf_changed":false,"footnotes":""},"categories":[1],"tags":[],"service_lie":[29],"type_contenu":[21],"class_list":["post-1205","post","type-post","status-publish","format-standard","hentry","category-uncategorized","service_lie-rh_payroll","type_contenu-actualites"],"acf":[],"_links":{"self":[{"href":"https:\/\/www.omnitrust.lu\/en\/wp-json\/wp\/v2\/posts\/1205","targetHints":{"allow":["GET"]}}],"collection":[{"href":"https:\/\/www.omnitrust.lu\/en\/wp-json\/wp\/v2\/posts"}],"about":[{"href":"https:\/\/www.omnitrust.lu\/en\/wp-json\/wp\/v2\/types\/post"}],"author":[{"embeddable":true,"href":"https:\/\/www.omnitrust.lu\/en\/wp-json\/wp\/v2\/users\/3"}],"replies":[{"embeddable":true,"href":"https:\/\/www.omnitrust.lu\/en\/wp-json\/wp\/v2\/comments?post=1205"}],"version-history":[{"count":1,"href":"https:\/\/www.omnitrust.lu\/en\/wp-json\/wp\/v2\/posts\/1205\/revisions"}],"predecessor-version":[{"id":1311,"href":"https:\/\/www.omnitrust.lu\/en\/wp-json\/wp\/v2\/posts\/1205\/revisions\/1311"}],"wp:attachment":[{"href":"https:\/\/www.omnitrust.lu\/en\/wp-json\/wp\/v2\/media?parent=1205"}],"wp:term":[{"taxonomy":"category","embeddable":true,"href":"https:\/\/www.omnitrust.lu\/en\/wp-json\/wp\/v2\/categories?post=1205"},{"taxonomy":"post_tag","embeddable":true,"href":"https:\/\/www.omnitrust.lu\/en\/wp-json\/wp\/v2\/tags?post=1205"},{"taxonomy":"service_lie","embeddable":true,"href":"https:\/\/www.omnitrust.lu\/en\/wp-json\/wp\/v2\/service_lie?post=1205"},{"taxonomy":"type_contenu","embeddable":true,"href":"https:\/\/www.omnitrust.lu\/en\/wp-json\/wp\/v2\/type_contenu?post=1205"}],"curies":[{"name":"wp","href":"https:\/\/api.w.org\/{rel}","templated":true}]}}