{"id":1206,"date":"2023-07-13T12:19:00","date_gmt":"2023-07-13T12:19:00","guid":{"rendered":"https:\/\/omnitrust.lu\/nouvelle-aide-a-la-primo-creation-dentreprise\/"},"modified":"2026-03-18T14:11:09","modified_gmt":"2026-03-18T14:11:09","slug":"new-business-creation-aid","status":"publish","type":"post","link":"https:\/\/www.omnitrust.lu\/en\/blog\/nouvelle-aide-a-la-primo-creation-dentreprise\/","title":{"rendered":"Nouvelle aide \u00e0 la primo-cr\u00e9ation d&rsquo;entreprise"},"content":{"rendered":"<p><strong><span style=\"font-size:48px\">Modalit\u00e9s de l&rsquo;aide \u00e0 la primo-cr\u00e9ation d&rsquo;entreprise<\/span><\/strong><\/p>\n<p><span style=\"font-size:24px\"><span style=\"font-family:Calibri,sans-serif\">La loi du 5 juillet 2023 a institu\u00e9 un nouveau r\u00e9gime d\u2019aide en faveur de la primo-cr\u00e9ation d\u2019entreprise.<\/span><\/span><\/p>\n<p><span style=\"font-size:26px\"><span style=\"font-family:Calibri,sans-serif\"><strong><u>Formes de l\u2019aide<\/u><\/strong>\u00a0:<\/span><\/span><\/p>\n<p><span style=\"font-size:24px\"><span style=\"font-family:Calibri,sans-serif\">Il s\u2019agit d\u2019une subvention en capital forfaitaire unique par entreprise unique vers\u00e9e par tranches de 2.000 euros mensuels pendant une dur\u00e9e de 6 mois au maximum.<\/span><\/span><\/p>\n<p><span style=\"font-size:24px\"><span style=\"font-family:Calibri,sans-serif\">Le montant de l\u2019aide ne peut d\u00e9passer 12.000 euros par entreprise unique.<\/span><\/span><\/p>\n<p><span style=\"font-size:26px\"><span style=\"font-family:Calibri,sans-serif\"><strong><u>Entreprises \u00e9ligibles<\/u><\/strong><\/span><\/span><span style=\"font-size:24px\"><span style=\"font-family:Calibri,sans-serif\">\u00a0:<\/span><\/span><\/p>\n<p><span style=\"font-size:24px\"><span style=\"font-family:Calibri,sans-serif\">Seules les micro-entreprises peuvent y pr\u00e9tendre. <\/span><\/span><\/p>\n<p><span style=\"font-size:24px\"><span style=\"font-family:Calibri,sans-serif\">D\u00e9finition de la micro-entreprise\u00a0: c\u2019est toute entreprise qui occupe moins de 10 personnes et dont le chiffre d\u2019affaires annuel ou le total du bilan annuel n\u2019exc\u00e8de pas 2 millions d\u2019euros.<\/span><\/span><\/p>\n<p><strong><span style=\"font-size:26px\"><span style=\"font-family:Calibri,sans-serif\"><u>Activit\u00e9s exclues de l\u2019aide\u00a0:<\/u><\/span><\/span><\/strong><\/p>\n<ul>\n<li style=\"text-align:justify\"><span style=\"font-size:24px\"><span style=\"background-color:white\"><span style=\"color:#444444\"><span style=\"font-family:Calibri,sans-serif\">les centres commerciaux ou surfaces commerciales d\u2019une surface de vente sup\u00e9rieure \u00e0 400 m2\u00a0;<\/span><\/span><\/span><\/span><\/li>\n<li style=\"text-align:justify\"><span style=\"font-size:24px\"><span style=\"background-color:white\"><span style=\"color:#444444\"><span style=\"font-family:Calibri,sans-serif\">les magasins sp\u00e9cialis\u00e9s ayant une surface de vente sup\u00e9rieure \u00e0 400 m2, hormis les magasins d\u2019ameublement\u00a0;<\/span><\/span><\/span><\/span><\/li>\n<li style=\"text-align:justify\"><span style=\"font-size:24px\"><span style=\"background-color:white\"><span style=\"color:#444444\"><span style=\"font-family:Calibri,sans-serif\">les implantations dans les centres commerciaux, \u00e0 l\u2019exception des entreprises d\u2019une surface de vente inf\u00e9rieure \u00e0 400m2\u00a0;<\/span><\/span><\/span><\/span><\/li>\n<li style=\"text-align:justify\"><span style=\"font-size:24px\"><span style=\"background-color:white\"><span style=\"color:#444444\"><span style=\"font-family:Calibri,sans-serif\">les auxiliaires de transports\u00a0;<\/span><\/span><\/span><\/span><\/li>\n<li style=\"text-align:justify\"><span style=\"font-size:24px\"><span style=\"background-color:white\"><span style=\"color:#444444\"><span style=\"font-family:Calibri,sans-serif\">les c\u00e2blodistributeurs\u00a0;<\/span><\/span><\/span><\/span><\/li>\n<li style=\"text-align:justify\"><span style=\"font-size:24px\"><span style=\"background-color:white\"><span style=\"color:#444444\"><span style=\"font-family:Calibri,sans-serif\">les centres et instituts de formation\u00a0;<\/span><\/span><\/span><\/span><\/li>\n<li style=\"text-align:justify\"><span style=\"font-size:24px\"><span style=\"background-color:white\"><span style=\"color:#444444\"><span style=\"font-family:Calibri,sans-serif\">les centres de bien-\u00eatre, des exploitations de solarium et de sauna ;<\/span><\/span><\/span><\/span><\/li>\n<li style=\"text-align:justify\"><span style=\"font-size:24px\"><span style=\"background-color:white\"><span style=\"color:#444444\"><span style=\"font-family:Calibri,sans-serif\">les cin\u00e9mas et des entreprises actives dans la production d\u2019\u0153uvre cin\u00e9matographique\u00a0;<\/span><\/span><\/span><\/span><\/li>\n<li style=\"text-align:justify\"><span style=\"font-size:24px\"><span style=\"background-color:white\"><span style=\"color:#444444\"><span style=\"font-family:Calibri,sans-serif\">les entreprises de s\u00e9curit\u00e9 et de gardiennage\u00a0;<\/span><\/span><\/span><\/span><\/li>\n<li style=\"text-align:justify\"><span style=\"font-size:24px\"><span style=\"background-color:white\"><span style=\"color:#444444\"><span style=\"font-family:Calibri,sans-serif\">les entreprises actives dans le secteur forestier\u00a0;<\/span><\/span><\/span><\/span><\/li>\n<li style=\"text-align:justify\"><span style=\"font-size:24px\"><span style=\"background-color:white\"><span style=\"color:#444444\"><span style=\"font-family:Calibri,sans-serif\">les entreprises de taxi et de location de voiture avec chauffeur\u00a0;<\/span><\/span><\/span><\/span><\/li>\n<li style=\"text-align:justify\"><span style=\"font-size:24px\"><span style=\"background-color:white\"><span style=\"color:#444444\"><span style=\"font-family:Calibri,sans-serif\">les entreprises dont l\u2019activit\u00e9 est r\u00e9gie par une concession \u00e9tatique\u00a0;<\/span><\/span><\/span><\/span><\/li>\n<li style=\"text-align:justify\"><span style=\"font-size:24px\"><span style=\"background-color:white\"><span style=\"color:#444444\"><span style=\"font-family:Calibri,sans-serif\">les magasins de liquidation apr\u00e8s faillite\u00a0;<\/span><\/span><\/span><\/span><\/li>\n<li style=\"text-align:justify\"><span style=\"font-size:24px\"><span style=\"background-color:white\"><span style=\"color:#444444\"><span style=\"font-family:Calibri,sans-serif\">les organisateurs de spectacles de tout genre\u00a0;<\/span><\/span><\/span><\/span><\/li>\n<li style=\"text-align:justify\"><span style=\"font-size:24px\"><span style=\"background-color:white\"><span style=\"color:#444444\"><span style=\"font-family:Calibri,sans-serif\">les salles d\u2019exposition pour v\u00e9hicules \u00e0 moteur\u00a0;<\/span><\/span><\/span><\/span><\/li>\n<li style=\"text-align:justify\"><span style=\"font-size:24px\"><span style=\"background-color:white\"><span style=\"color:#444444\"><span style=\"font-family:Calibri,sans-serif\">la restauration d\u2019appoint\u00a0;<\/span><\/span><\/span><\/span><\/li>\n<li style=\"text-align:justify\"><span style=\"font-size:24px\"><span style=\"background-color:white\"><span style=\"color:#444444\"><span style=\"font-family:Calibri,sans-serif\">les salons de piercing et des salons de tatouage\u00a0;<\/span><\/span><\/span><\/span><\/li>\n<li style=\"text-align:justify\"><span style=\"font-size:24px\"><span style=\"background-color:white\"><span style=\"color:#444444\"><span style=\"font-family:Calibri,sans-serif\">les magasins vendant du mat\u00e9riel pornographique\u00a0;<\/span><\/span><\/span><\/span><\/li>\n<li style=\"text-align:justify\"><span style=\"font-size:24px\"><span style=\"background-color:white\"><span style=\"color:#444444\"><span style=\"font-family:Calibri,sans-serif\">les \u00e9tablissements de spectacle \u00e9rotique\u00a0;<\/span><\/span><\/span><\/span><\/li>\n<li style=\"text-align:justify\"><span style=\"font-size:24px\"><span style=\"background-color:white\"><span style=\"color:#444444\"><span style=\"font-family:Calibri,sans-serif\">les magasins vendant principalement du tabac ou des cigarettes \u00e9lectroniques\u00a0;<\/span><\/span><\/span><\/span><\/li>\n<li style=\"text-align:justify\"><span style=\"font-size:24px\"><span style=\"background-color:white\"><span style=\"color:#444444\"><span style=\"font-family:Calibri,sans-serif\">les commerces de carburants\u00a0;<\/span><\/span><\/span><\/span><\/li>\n<li style=\"text-align:justify\"><span style=\"font-size:24px\"><span style=\"background-color:white\"><span style=\"color:#444444\"><span style=\"font-family:Calibri,sans-serif\">les entreprises de transport\u00a0;<\/span><\/span><\/span><\/span><\/li>\n<li style=\"text-align:justify\"><span style=\"font-size:24px\"><span style=\"background-color:white\"><span style=\"color:#444444\"><span style=\"font-family:Calibri,sans-serif\">les promoteurs immobiliers, des syndics de copropri\u00e9t\u00e9s, des g\u00e9rances d\u2019immeubles, des agences immobili\u00e8res\u00a0;<\/span><\/span><\/span><\/span><\/li>\n<li style=\"text-align:justify\"><span style=\"font-size:24px\"><span style=\"background-color:white\"><span style=\"color:#444444\"><span style=\"font-family:Calibri,sans-serif\">les entreprises comptables, d\u2019experts comptable et de conseil, et des fiduciaires\u00a0;<\/span><\/span><\/span><\/span><\/li>\n<li style=\"text-align:justify\"><span style=\"font-size:24px\"><span style=\"background-color:white\"><span style=\"color:#444444\"><span style=\"font-family:Calibri,sans-serif\">les professions lib\u00e9rales<\/span><\/span><\/span><\/span><\/li>\n<\/ul>\n<p><span style=\"font-size:26px\"><strong><span style=\"font-family:Calibri,sans-serif\"><u>Secteurs et aides exlcus<\/u>\u00a0:<\/span><\/strong><\/span><\/p>\n<ul>\n<li style=\"text-align:justify\"><span style=\"font-size:24px\"><span style=\"background-color:white\"><span style=\"color:#444444\"><span style=\"font-family:Calibri,sans-serif\">le secteur de la p\u00eache et de l\u2019aquaculture, exception faite des aides \u00e0 la formation, des aides visant \u00e0 favoriser l&rsquo;acc\u00e8s des PME au financement, des aides \u00e0 la recherche et au d\u00e9veloppement, des aides \u00e0 l&rsquo;innovation en faveur des PME et des aides en faveur des salari\u00e9s d\u00e9favoris\u00e9s et des salari\u00e9s handicap\u00e9s ;\u00a0\u00a0<\/span><\/span><\/span><\/span><\/li>\n<li style=\"text-align:justify\"><span style=\"font-size:24px\"><span style=\"background-color:white\"><span style=\"color:#444444\"><span style=\"font-family:Calibri,sans-serif\">le secteur de la production agricole primaire, exception faite des aides aux services de conseil en faveur des PME, des aides \u00e0 l&rsquo;innovation en faveur des PME ;<\/span><\/span><\/span><\/span><\/li>\n<li style=\"text-align:justify\"><span style=\"font-size:24px\"><span style=\"background-color:white\"><span style=\"color:#444444\"><span style=\"font-family:Calibri,sans-serif\">le secteur de la transformation et de la commercialisation de produits agricoles ;<\/span><\/span><\/span><\/span><\/li>\n<li style=\"text-align:justify\"><span style=\"font-size:24px\"><span style=\"background-color:white\"><span style=\"color:#444444\"><span style=\"font-family:Calibri,sans-serif\">si l\u2019aide est fix\u00e9e sur la base du prix ou de la quantit\u00e9 des produits de ce type achet\u00e9s \u00e0 des producteurs primaires ou mis sur le march\u00e9 par les entreprises concern\u00e9es ou ;<\/span><\/span><\/span><\/span><\/li>\n<li style=\"text-align:justify\"><span style=\"font-size:24px\"><span style=\"background-color:white\"><span style=\"color:#444444\"><span style=\"font-family:Calibri,sans-serif\">si l\u2019aide est conditionn\u00e9e au fait d\u2019\u00eatre partiellement ou enti\u00e8rement c\u00e9d\u00e9e \u00e0 des producteurs primaires\u00a0;<\/span><\/span><\/span><\/span><\/li>\n<li style=\"text-align:justify\"><span style=\"font-size:24px\"><span style=\"background-color:white\"><span style=\"color:#444444\"><span style=\"font-family:Calibri,sans-serif\">les aides en faveur d\u2019activit\u00e9s li\u00e9es \u00e0 l\u2019exportation vers des pays tiers ou Etats membres\u00a0;<\/span><\/span><\/span><\/span><\/li>\n<li style=\"text-align:justify\"><span style=\"font-size:24px\"><span style=\"background-color:white\"><span style=\"color:#444444\"><span style=\"font-family:Calibri,sans-serif\">les aides subordonn\u00e9es \u00e0 l\u2019utilisation de produits nationaux de pr\u00e9f\u00e9rence aux produits import\u00e9s\u00a0;<\/span><\/span><\/span><\/span><\/li>\n<li style=\"text-align:justify\"><span style=\"font-size:24px\"><span style=\"background-color:white\"><span style=\"color:#444444\"><span style=\"font-family:Calibri,sans-serif\">les aides aux entreprises en difficult\u00e9, exception faite des aides destin\u00e9es \u00e0 rem\u00e9dier aux dommages caus\u00e9s par certaines calamit\u00e9s naturelles et des aides en faveur des jeunes entreprises, pour autant que ces r\u00e9gimes ne traitent pas les entreprises en difficult\u00e9 plus favorablement que les autres\u00a0;<\/span><\/span><\/span><\/span><\/li>\n<li style=\"text-align:justify\"><span style=\"font-size:24px\"><span style=\"background-color:white\"><span style=\"color:#444444\"><span style=\"font-family:Calibri,sans-serif\">les aides octroy\u00e9es dans le secteur de la transformation et de la commercialisation de produits agricoles, dans les cas suivants :<\/span><\/span><\/span><\/span><\/li>\n<li style=\"text-align:justify\"><span style=\"font-size:24px\"><span style=\"background-color:white\"><span style=\"color:#444444\"><span style=\"font-family:Calibri,sans-serif\">lorsque le montant d\u2019aide est fix\u00e9 sur base du prix ou de la quantit\u00e9 des produits de ce type achet\u00e9s \u00e0 des producteurs primaires ou mis sur le march\u00e9 par les entreprises ou\u00a0;<\/span><\/span><\/span><\/span><\/li>\n<li style=\"text-align:justify\"><span style=\"font-size:24px\"><span style=\"background-color:white\"><span style=\"color:#444444\"><span style=\"font-family:Calibri,sans-serif\">lorsque l\u2019aide est conditionn\u00e9e au fait d\u2019\u00eatre partiellement ou enti\u00e8rement c\u00e9d\u00e9e \u00e0 des producteurs primaires.<\/span><\/span><\/span><\/span><\/li>\n<\/ul>\n<p><span style=\"font-size:26px\"><strong><span style=\"font-family:Calibri,sans-serif\"><u>Personnes exclues de l\u2019aide\u00a0:<\/u><\/span><\/strong><\/span><\/p>\n<p><span style=\"font-size:24px\"><span style=\"font-family:Calibri,sans-serif\">Les employeurs qui ont \u00e9t\u00e9 condamn\u00e9s \u00e0 au moins deux reprises pour contraventions aux dispositions interdisant le travail clandestin ou aux dispositions interdisant l\u2019emploi des ressortissants de pays tiers en s\u00e9jour irr\u00e9gulier, au cours des quatre derni\u00e8res ann\u00e9es pr\u00e9c\u00e9dant le jugement de la juridiction comp\u00e9tente, pendant une dur\u00e9e de trois ann\u00e9es \u00e0 compter de la date de ce jugement.<\/span><\/span><\/p>\n<p><span style=\"font-size:26px\"><strong><span style=\"font-family:Calibri,sans-serif\"><u>Conditions d\u2019obtention<\/u>\u00a0:<\/span><\/strong><\/span><\/p>\n<ul>\n<li style=\"text-align:justify\"><span style=\"font-size:24px\"><span style=\"font-family:Calibri,sans-serif\">L\u2019entreprise qui souhaite b\u00e9n\u00e9ficier de l\u2019aide doit \u00eatre nouvellement cr\u00e9\u00e9e et avoir une autorisation d\u2019\u00e9tablissement depuis 6 mois ou moins.<\/span><\/span><\/li>\n<li style=\"text-align:justify\"><span style=\"font-size:24px\"><span style=\"font-family:Calibri,sans-serif\">L\u2019entrepreneur ou ses associ\u00e9s (en cas de soci\u00e9t\u00e9) doivent respecter les crit\u00e8res suivants\u00a0:<\/span><\/span><\/li>\n<\/ul>\n<ol>\n<li style=\"text-align:justify\"><span style=\"font-size:24px\"><span style=\"background-color:white\"><span style=\"font-family:Calibri,sans-serif\">ne pas avoir d\u00e9tenu une autorisation d\u2019\u00e9tablissement\u00a0en nom propre ou en qualit\u00e9 d\u2019associ\u00e9 pour l\u2019exercice de la\u00a0m\u00eame activit\u00e9\u00a0ou d\u2019une autre activit\u00e9 au cours des 10 derni\u00e8res ann\u00e9es, ni avoir exerc\u00e9, au cours de cette p\u00e9riode et en ces qualit\u00e9s, des activit\u00e9s \u00e9conomiques \u00e0 l\u2019\u00e9tranger ;<\/span><\/span><\/span><\/li>\n<li style=\"text-align:justify\"><span style=\"font-size:24px\"><span style=\"background-color:white\"><span style=\"font-family:Calibri,sans-serif\">ne pas d\u00e9tenir plus de 25 % de parts sociales dans une autre soci\u00e9t\u00e9\u00a0qui a son si\u00e8ge social au Luxembourg ou \u00e0 l\u2019\u00e9tranger ;\u00a0et<\/span><\/span><\/span><\/li>\n<li style=\"text-align:justify\"><span style=\"font-size:24px\"><span style=\"background-color:white\"><span style=\"font-family:Calibri,sans-serif\">ne pas percevoir\u00a0une pension de vieillesse ou d\u2019invalidit\u00e9, un salaire ou un autre revenu professionnel, une indemnit\u00e9 de ch\u00f4mage, un revenu d\u2019inclusion sociale ou un autre revenu de remplacement au Luxembourg ou \u00e0 l&rsquo;\u00e9tranger ;<\/span><\/span><\/span><\/li>\n<\/ol>\n<ul>\n<li style=\"text-align:justify\"><span style=\"font-size:24px\"><span style=\"font-family:Calibri,sans-serif\">Le dirigeant de l\u2019entreprise doit avoir suivi une formation sur la gestion d\u2019entreprise organis\u00e9e ou reconnue par la chambre professionnelle (les titulaires d\u2019un dipl\u00f4me universitaire en gestion d\u2019entreprise, d\u2019un brevet de maitrise ou d\u2019un dipl\u00f4me \u00e9tranger reconnu comme \u00e9quivalent au brevet de ma\u00eetrise sont dispens\u00e9s de l\u2019accomplissement de la formation) ;<\/span><\/span><\/li>\n<li style=\"text-align:justify\"><span style=\"font-size:24px\"><span style=\"font-family:Calibri,sans-serif\">L\u2019entreprise doit disposer de locaux propres ne servant pas \u00e0 des fins d\u2019habitation.<\/span><\/span><\/li>\n<\/ul>\n<p><span style=\"font-size:26px\"><strong><span style=\"font-family:Calibri,sans-serif\"><u>Forme de la demande<\/u>\u00a0:<\/span><\/strong><\/span><\/p>\n<p><span style=\"font-size:24px\"><span style=\"font-family:Calibri,sans-serif\">La demande peut \u00eatre faite via la plateforme MyGuichet.lu et doit comporter les informations et documents suivants\u00a0:<\/span><\/span><\/p>\n<ul>\n<li style=\"text-align:justify\"><span style=\"font-size:24px\"><span style=\"font-family:Calibri,sans-serif\">le nom et la taille de l\u2019entreprise ;<\/span><\/span><\/li>\n<li style=\"text-align:justify\"><span style=\"font-size:24px\"><span style=\"font-family:Calibri,sans-serif\">les \u00e9ventuelles relations qui forment une entreprise unique (par exemple : majorit\u00e9 des droits de vote, droit de nomination de la majorit\u00e9 des membres de l&rsquo;organe d&rsquo;administration, etc.)<\/span><\/span><\/li>\n<li style=\"text-align:justify\"><span style=\"font-size:24px\"><span style=\"font-family:Calibri,sans-serif\">un relev\u00e9 des affiliations des associ\u00e9s ou de l\u2019entrepreneur en nom propre aupr\u00e8s du Centre commun de la s\u00e9curit\u00e9 sociale au cours des dix derni\u00e8res ann\u00e9es pr\u00e9c\u00e9dant la d\u00e9livrance de l\u2019autorisation d\u2019\u00e9tablissement ;<\/span><\/span><\/li>\n<li style=\"text-align:justify\"><span style=\"font-size:24px\"><span style=\"font-family:Calibri,sans-serif\">une pi\u00e8ce \u00e9tablie par la chambre professionnelle comp\u00e9tente attestant de l\u2019accomplissement de la formation sur la gestion d\u2019entreprise, ou, si la personne est titulaire d\u2019un dipl\u00f4me la dispensant de l\u2019accomplissement de cette formation, une copie du dipl\u00f4me ;<\/span><\/span><\/li>\n<li style=\"text-align:justify\"><span style=\"font-size:24px\"><span style=\"font-family:Calibri,sans-serif\">une d\u00e9claration sur l\u2019honneur \u00e9crite et sign\u00e9e de chaque associ\u00e9 ou de l\u2019entrepreneur en nom propre attestant qu\u2019il ne d\u00e9tient pas plus de 25 pour cent de parts dans une autre soci\u00e9t\u00e9 ayant son si\u00e8ge social au Grand-Duch\u00e9 de Luxembourg ou \u00e0 l\u2019\u00e9tranger ;<\/span><\/span><\/li>\n<li style=\"text-align:justify\"><span style=\"font-size:24px\"><span style=\"font-family:Calibri,sans-serif\">un extrait de casier judiciaire \u00e9mis par le ou les \u00c9tats o\u00f9 les associ\u00e9s ou l\u2019entrepreneur en nom propre ont r\u00e9sid\u00e9 au cours des dix ann\u00e9es pr\u00e9c\u00e9dant la demande d\u2019aide ;<\/span><\/span><\/li>\n<li style=\"text-align:justify\"><span style=\"font-size:24px\"><span style=\"font-family:Calibri,sans-serif\">un certificat de revenu de chaque associ\u00e9 ou de l\u2019entrepreneur en nom propre \u00e9tabli par l\u2019autorit\u00e9 comp\u00e9tente dans le pays dans lequel il a per\u00e7u son dernier revenu ;<\/span><\/span><\/li>\n<li style=\"text-align:justify\"><span style=\"font-size:24px\"><span style=\"font-family:Calibri,sans-serif\">une d\u00e9claration sur l\u2019honneur \u00e9crite et sign\u00e9e de chaque associ\u00e9 ou de l\u2019entrepreneur en nom propre attestant qu\u2019il ne per\u00e7oit pas une pension de vieillesse ou d\u2019invalidit\u00e9, un salaire ou autre revenu professionnel, une indemnit\u00e9 de ch\u00f4mage, un revenu d\u2019inclusion sociale ou autre revenu de remplacement ;<\/span><\/span><\/li>\n<li style=\"text-align:justify\"><span style=\"font-size:24px\"><span style=\"font-family:Calibri,sans-serif\">une d\u00e9claration sur l\u2019honneur \u00e9crite et sign\u00e9e de chaque associ\u00e9 ou de l\u2019entrepreneur en nom propre attestant qu\u2019il n\u2019a pas exerc\u00e9 des activit\u00e9s \u00e9conomiques \u00e0 l\u2019\u00e9tranger au cours des dix derni\u00e8res ann\u00e9es ;<\/span><\/span><\/li>\n<li style=\"text-align:justify\"><span style=\"font-size:24px\"><span style=\"font-family:Calibri,sans-serif\">une copie du contrat de bail commercial ou du titre de propri\u00e9t\u00e9 sur le local.<\/span><\/span><\/li>\n<\/ul>\n<p><span style=\"font-size:26px\"><strong><span style=\"font-family:Calibri,sans-serif\"><u>D\u00e9lai de r\u00e9ponse du minist\u00e8re<\/u>\u00a0:<\/span><\/strong><\/span><\/p>\n<p><span style=\"font-size:24px\"><span style=\"font-family:Calibri,sans-serif\">La d\u00e9cision minist\u00e9rielle portant octroi ou refus de l\u2019aide doit intervenir dans un d\u00e9lai d\u2019un mois \u00e0 compter de la r\u00e9ception de la demande et accompagn\u00e9e de toutes les informations et pi\u00e8ces mentionn\u00e9es.<\/span><\/span><\/p>\n<p><span style=\"font-size:24px\"><span style=\"font-family:Calibri,sans-serif\">L\u2019absence de d\u00e9cision dans ce d\u00e9lai vaut acceptation de la demande.<\/span><\/span><\/p>\n<p><span style=\"font-size:26px\"><strong><span style=\"font-family:Calibri,sans-serif\"><u>Remboursement de l\u2019aide<\/u>\u00a0:<\/span><\/strong><\/span><\/p>\n<p><span style=\"font-size:24px\"><span style=\"font-family:Calibri,sans-serif\">L\u2019entreprise doit rembourser le montant ind\u00fbment touch\u00e9 lorsqu\u2019apr\u00e8s l\u2019octroi de l\u2019aide, une incompatibilit\u00e9 avec la loi est constat\u00e9e.<\/span><\/span><\/p>\n<p><span style=\"font-size:24px\"><span style=\"font-family:Calibri,sans-serif\">Le remboursement doit \u00e9galement avoir lieu en cas de transfert de l\u2019entreprise en nom propre ou en cas de cession de plus de 50 pour cent des parts sociales de la soci\u00e9t\u00e9, end\u00e9ans un d\u00e9lai d\u2019un an \u00e0 partir de la d\u00e9cision d\u2019octroi de l\u2019aide.<\/span><\/span><\/p>\n<p><span style=\"font-size:26px\"><strong><span style=\"font-family:Calibri,sans-serif\"><u>Cumul<\/u>\u00a0:<\/span><\/strong><\/span><\/p>\n<p><span style=\"font-size:24px\"><span style=\"font-family:Calibri,sans-serif\">Cette aide peut se cumuler avec d\u2019autres aides.<\/span><\/span><\/p>","protected":false},"excerpt":{"rendered":"<p>Modalit\u00e9s de l&rsquo;aide \u00e0 la primo-cr\u00e9ation d&rsquo;entreprise La loi du 5 juillet 2023 a institu\u00e9 un nouveau r\u00e9gime d\u2019aide en faveur de la primo-cr\u00e9ation d\u2019entreprise. Formes de l\u2019aide\u00a0: Il s\u2019agit d\u2019une subvention en capital forfaitaire unique par entreprise unique vers\u00e9e par tranches de 2.000 euros mensuels pendant une dur\u00e9e de 6 mois au maximum. Le [&hellip;]<\/p>\n","protected":false},"author":3,"featured_media":1309,"comment_status":"open","ping_status":"closed","sticky":false,"template":"","format":"standard","meta":{"_acf_changed":false,"footnotes":""},"categories":[1],"tags":[],"service_lie":[26],"type_contenu":[21],"class_list":["post-1206","post","type-post","status-publish","format-standard","has-post-thumbnail","hentry","category-uncategorized","service_lie-creation-entreprise","type_contenu-actualites"],"acf":[],"_links":{"self":[{"href":"https:\/\/www.omnitrust.lu\/en\/wp-json\/wp\/v2\/posts\/1206","targetHints":{"allow":["GET"]}}],"collection":[{"href":"https:\/\/www.omnitrust.lu\/en\/wp-json\/wp\/v2\/posts"}],"about":[{"href":"https:\/\/www.omnitrust.lu\/en\/wp-json\/wp\/v2\/types\/post"}],"author":[{"embeddable":true,"href":"https:\/\/www.omnitrust.lu\/en\/wp-json\/wp\/v2\/users\/3"}],"replies":[{"embeddable":true,"href":"https:\/\/www.omnitrust.lu\/en\/wp-json\/wp\/v2\/comments?post=1206"}],"version-history":[{"count":1,"href":"https:\/\/www.omnitrust.lu\/en\/wp-json\/wp\/v2\/posts\/1206\/revisions"}],"predecessor-version":[{"id":1310,"href":"https:\/\/www.omnitrust.lu\/en\/wp-json\/wp\/v2\/posts\/1206\/revisions\/1310"}],"wp:featuredmedia":[{"embeddable":true,"href":"https:\/\/www.omnitrust.lu\/en\/wp-json\/wp\/v2\/media\/1309"}],"wp:attachment":[{"href":"https:\/\/www.omnitrust.lu\/en\/wp-json\/wp\/v2\/media?parent=1206"}],"wp:term":[{"taxonomy":"category","embeddable":true,"href":"https:\/\/www.omnitrust.lu\/en\/wp-json\/wp\/v2\/categories?post=1206"},{"taxonomy":"post_tag","embeddable":true,"href":"https:\/\/www.omnitrust.lu\/en\/wp-json\/wp\/v2\/tags?post=1206"},{"taxonomy":"service_lie","embeddable":true,"href":"https:\/\/www.omnitrust.lu\/en\/wp-json\/wp\/v2\/service_lie?post=1206"},{"taxonomy":"type_contenu","embeddable":true,"href":"https:\/\/www.omnitrust.lu\/en\/wp-json\/wp\/v2\/type_contenu?post=1206"}],"curies":[{"name":"wp","href":"https:\/\/api.w.org\/{rel}","templated":true}]}}