{"id":1208,"date":"2023-07-07T12:19:00","date_gmt":"2023-07-07T12:19:00","guid":{"rendered":"https:\/\/omnitrust.lu\/application-du-credit-dimpot-conjoncture-et-du-nouveau-bareme-dimposition\/"},"modified":"2026-03-18T14:07:53","modified_gmt":"2026-03-18T14:07:53","slug":"tax-credit-conjuncture-new-tax-scale","status":"publish","type":"post","link":"https:\/\/www.omnitrust.lu\/en\/blog\/application-du-credit-dimpot-conjoncture-et-du-nouveau-bareme-dimposition\/","title":{"rendered":"Application du cr\u00e9dit d\u2019imp\u00f4t conjoncture et du nouveau bar\u00e8me d\u2019imposition"},"content":{"rendered":"<p><span style=\"font-size:48px\">Cr\u00e9dit d\u2019imp\u00f4t conjoncture et nouveau bar\u00e8me d\u2019imposition<\/span><\/p>\n<p><span style=\"font-size:22px\"><span style=\"font-family:Calibri,sans-serif\">Le 29 juin, les d\u00e9put\u00e9s ont valid\u00e9 plusieurs mesures pour soutenir les m\u00e9nages face \u00e0 l\u2019inflation :<\/span><\/span><\/p>\n<ul>\n<li style=\"text-align:justify\"><span style=\"font-size:22px\"><span style=\"font-family:Calibri,sans-serif\">Le cr\u00e9dit d\u2019imp\u00f4t conjoncture<\/span><\/span><\/li>\n<li style=\"text-align:justify\"><span style=\"font-size:22px\"><span style=\"font-family:Calibri,sans-serif\">L\u2019adaptation du bar\u00e8me d\u2019imposition pour 2024<\/span><\/span><\/li>\n<li style=\"text-align:justify\"><span style=\"font-size:22px\"><span style=\"font-family:Calibri,sans-serif\">Le rel\u00e8vement des plafonds des int\u00e9r\u00eats d\u00e9ductibles de pr\u00eats immobiliers<\/span><\/span><\/li>\n<li style=\"text-align:justify\"><span style=\"font-size:22px\"><span style=\"font-family:Calibri,sans-serif\">L\u2019augmentation de la tranche exempt\u00e9e du revenu net de location des logements sociaux<\/span><\/span><\/li>\n<\/ul>\n<p><span style=\"font-size:22px\"><span style=\"font-family:Calibri,sans-serif\">Le cr\u00e9dit d\u2019imp\u00f4t conjoncture aura un impact sur l\u2019\u00e9tablissement des fiches de paie de juillet 2023 au sein des entreprises. Il se traduira par une hausse des salaires nets qui devrait correspondre \u00e0 l\u2019\u00e9quivalent de deux tranches indiciaires de 2,5 %, soit 5 %.<\/span><\/span><\/p>\n<p><span style=\"font-size:22px\"><span style=\"font-family:Calibri,sans-serif\">L\u2019effet sera r\u00e9troactif au 1<sup>er<\/sup> janvier 2023. Ce cr\u00e9dit d\u2019imp\u00f4t conjoncture s\u2019appliquera jusqu\u2019\u00e0 la fin de l\u2019ann\u00e9e 2023.<\/span><\/span><\/p>\n<p><span style=\"font-size:22px\"><span style='font-family:\"Calibri\",sans-serif'>Ensuite il y aura une adaptation du bar\u00e8me de l\u2019imp\u00f4t qui entrera en vigueur en 2024 il devrait correspondre \u00e0 l\u2019\u00e9quivalent de deux tranches et demi soit 6,25 %.<\/span><\/span><\/p>","protected":false},"excerpt":{"rendered":"<p>Cr\u00e9dit d\u2019imp\u00f4t conjoncture et nouveau bar\u00e8me d\u2019imposition Le 29 juin, les d\u00e9put\u00e9s ont valid\u00e9 plusieurs mesures pour soutenir les m\u00e9nages face \u00e0 l\u2019inflation : Le cr\u00e9dit d\u2019imp\u00f4t conjoncture L\u2019adaptation du bar\u00e8me d\u2019imposition pour 2024 Le rel\u00e8vement des plafonds des int\u00e9r\u00eats d\u00e9ductibles de pr\u00eats immobiliers L\u2019augmentation de la tranche exempt\u00e9e du revenu net de location des [&hellip;]<\/p>\n","protected":false},"author":3,"featured_media":1246,"comment_status":"open","ping_status":"closed","sticky":false,"template":"","format":"standard","meta":{"_acf_changed":false,"footnotes":""},"categories":[1],"tags":[],"service_lie":[29],"type_contenu":[21],"class_list":["post-1208","post","type-post","status-publish","format-standard","has-post-thumbnail","hentry","category-uncategorized","service_lie-rh_payroll","type_contenu-actualites"],"acf":[],"_links":{"self":[{"href":"https:\/\/www.omnitrust.lu\/en\/wp-json\/wp\/v2\/posts\/1208","targetHints":{"allow":["GET"]}}],"collection":[{"href":"https:\/\/www.omnitrust.lu\/en\/wp-json\/wp\/v2\/posts"}],"about":[{"href":"https:\/\/www.omnitrust.lu\/en\/wp-json\/wp\/v2\/types\/post"}],"author":[{"embeddable":true,"href":"https:\/\/www.omnitrust.lu\/en\/wp-json\/wp\/v2\/users\/3"}],"replies":[{"embeddable":true,"href":"https:\/\/www.omnitrust.lu\/en\/wp-json\/wp\/v2\/comments?post=1208"}],"version-history":[{"count":1,"href":"https:\/\/www.omnitrust.lu\/en\/wp-json\/wp\/v2\/posts\/1208\/revisions"}],"predecessor-version":[{"id":1307,"href":"https:\/\/www.omnitrust.lu\/en\/wp-json\/wp\/v2\/posts\/1208\/revisions\/1307"}],"wp:featuredmedia":[{"embeddable":true,"href":"https:\/\/www.omnitrust.lu\/en\/wp-json\/wp\/v2\/media\/1246"}],"wp:attachment":[{"href":"https:\/\/www.omnitrust.lu\/en\/wp-json\/wp\/v2\/media?parent=1208"}],"wp:term":[{"taxonomy":"category","embeddable":true,"href":"https:\/\/www.omnitrust.lu\/en\/wp-json\/wp\/v2\/categories?post=1208"},{"taxonomy":"post_tag","embeddable":true,"href":"https:\/\/www.omnitrust.lu\/en\/wp-json\/wp\/v2\/tags?post=1208"},{"taxonomy":"service_lie","embeddable":true,"href":"https:\/\/www.omnitrust.lu\/en\/wp-json\/wp\/v2\/service_lie?post=1208"},{"taxonomy":"type_contenu","embeddable":true,"href":"https:\/\/www.omnitrust.lu\/en\/wp-json\/wp\/v2\/type_contenu?post=1208"}],"curies":[{"name":"wp","href":"https:\/\/api.w.org\/{rel}","templated":true}]}}