{"id":1209,"date":"2023-06-28T12:19:00","date_gmt":"2023-06-28T12:19:00","guid":{"rendered":"https:\/\/omnitrust.lu\/attention-nouveau-delai-pour-lobligation-declarative-des-proprietaires-dun-bien-immobilier-en-france\/"},"modified":"2026-03-18T13:01:48","modified_gmt":"2026-03-18T13:01:48","slug":"france-real-estate-declaration-deadline-update","status":"publish","type":"post","link":"https:\/\/www.omnitrust.lu\/en\/blog\/attention-nouveau-delai-pour-lobligation-declarative-des-proprietaires-dun-bien-immobilier-en-france\/","title":{"rendered":"Attention : Nouveau d\u00e9lai pour l\u2019obligation d\u00e9clarative des propri\u00e9taires d\u2019un bien immobilier en France"},"content":{"rendered":"<p><strong><span style=\"font-size:48px\">Nouveau d\u00e9lai pour l\u2019obligation d\u00e9clarative des propri\u00e9taires d\u2019un bien immobilier en France<\/span><\/strong><\/p>\n<p><span style=\"font-size:24px\"><span style=\"font-family:Calibri,sans-serif\">Depuis le 1<sup>er<\/sup> janvier 2023, si vous \u00eates propri\u00e9taire d\u2019un bien immobilier en France, vous avez l\u2019obligation de faire une d\u00e9claration d\u2019occupation dans l\u2019espace \u00ab\u00a0G\u00e9rer mes biens immobiliers\u00a0\u00bb sur impots.gouv.fr.<\/span><\/span><\/p>\n<p><span style=\"font-size:24px\"><span style=\"font-family:Calibri,sans-serif\">En 2023, la taxe d\u2019habitation sur la r\u00e9sidence principale est supprim\u00e9e pour l\u2019ensemble des m\u00e9nages. Elle reste cependant applicable sur les r\u00e9sidences secondaires et les locaux vacants. C\u2019est pourquoi l\u2019obligation d\u00e9clarative a \u00e9t\u00e9 mise en place pour l\u2019ensemble des propri\u00e9taires.<\/span><\/span><\/p>\n<p><span style=\"font-size:24px\"><span style=\"font-family:Calibri,sans-serif\">Pour chacun de ses locaux, chaque propri\u00e9taire doit indiquer \u00e0 quel titre il l\u2019occupe (r\u00e9sidence principale, secondaire ou local vacant) et, quand il ne l\u2019occupe pas lui-m\u00eame, l\u2019identit\u00e9 des occupants et la p\u00e9riode d\u2019occupation (situation au 1<sup>er<\/sup> janvier 2023). Les locaux annexes (parking, cave\u2026) doivent \u00eatre d\u00e9clar\u00e9s avec le logement dont ils d\u00e9pendent.<\/span><\/span><\/p>\n<p><span style=\"font-size:24px\"><span style='font-family:\"Calibri\",sans-serif'>Cette obligation d\u00e9clarative doit en principe \u00eatre r\u00e9alis\u00e9e avant le 30 juin, mais compte tenu de l\u2019afflux de d\u00e9clarations en fin de p\u00e9riode, il vous est possible de l\u2019effectuer sans p\u00e9nalit\u00e9s jusqu\u2019au 31 juillet 2023 inclus.<\/span><\/span><\/p>","protected":false},"excerpt":{"rendered":"<p>Nouveau d\u00e9lai pour l\u2019obligation d\u00e9clarative des propri\u00e9taires d\u2019un bien immobilier en France Depuis le 1er janvier 2023, si vous \u00eates propri\u00e9taire d\u2019un bien immobilier en France, vous avez l\u2019obligation de faire une d\u00e9claration d\u2019occupation dans l\u2019espace \u00ab\u00a0G\u00e9rer mes biens immobiliers\u00a0\u00bb sur impots.gouv.fr. En 2023, la taxe d\u2019habitation sur la r\u00e9sidence principale est supprim\u00e9e pour l\u2019ensemble [&hellip;]<\/p>\n","protected":false},"author":3,"featured_media":1283,"comment_status":"open","ping_status":"closed","sticky":false,"template":"","format":"standard","meta":{"_acf_changed":false,"footnotes":""},"categories":[1],"tags":[],"service_lie":[38],"type_contenu":[21],"class_list":["post-1209","post","type-post","status-publish","format-standard","has-post-thumbnail","hentry","category-uncategorized","service_lie-fiscalite-tva","type_contenu-actualites"],"acf":[],"_links":{"self":[{"href":"https:\/\/www.omnitrust.lu\/en\/wp-json\/wp\/v2\/posts\/1209","targetHints":{"allow":["GET"]}}],"collection":[{"href":"https:\/\/www.omnitrust.lu\/en\/wp-json\/wp\/v2\/posts"}],"about":[{"href":"https:\/\/www.omnitrust.lu\/en\/wp-json\/wp\/v2\/types\/post"}],"author":[{"embeddable":true,"href":"https:\/\/www.omnitrust.lu\/en\/wp-json\/wp\/v2\/users\/3"}],"replies":[{"embeddable":true,"href":"https:\/\/www.omnitrust.lu\/en\/wp-json\/wp\/v2\/comments?post=1209"}],"version-history":[{"count":1,"href":"https:\/\/www.omnitrust.lu\/en\/wp-json\/wp\/v2\/posts\/1209\/revisions"}],"predecessor-version":[{"id":1284,"href":"https:\/\/www.omnitrust.lu\/en\/wp-json\/wp\/v2\/posts\/1209\/revisions\/1284"}],"wp:featuredmedia":[{"embeddable":true,"href":"https:\/\/www.omnitrust.lu\/en\/wp-json\/wp\/v2\/media\/1283"}],"wp:attachment":[{"href":"https:\/\/www.omnitrust.lu\/en\/wp-json\/wp\/v2\/media?parent=1209"}],"wp:term":[{"taxonomy":"category","embeddable":true,"href":"https:\/\/www.omnitrust.lu\/en\/wp-json\/wp\/v2\/categories?post=1209"},{"taxonomy":"post_tag","embeddable":true,"href":"https:\/\/www.omnitrust.lu\/en\/wp-json\/wp\/v2\/tags?post=1209"},{"taxonomy":"service_lie","embeddable":true,"href":"https:\/\/www.omnitrust.lu\/en\/wp-json\/wp\/v2\/service_lie?post=1209"},{"taxonomy":"type_contenu","embeddable":true,"href":"https:\/\/www.omnitrust.lu\/en\/wp-json\/wp\/v2\/type_contenu?post=1209"}],"curies":[{"name":"wp","href":"https:\/\/api.w.org\/{rel}","templated":true}]}}