{"id":1213,"date":"2023-05-05T12:19:00","date_gmt":"2023-05-05T12:19:00","guid":{"rendered":"https:\/\/omnitrust.lu\/le-seuil-de-tolerance-fiscale-des-travailleurs-frontaliers-francais-passe-a-34-jours-au-luxembourg\/"},"modified":"2026-03-18T12:52:51","modified_gmt":"2026-03-18T12:52:51","slug":"french-cross-border-tax-threshold-34-days","status":"publish","type":"post","link":"https:\/\/www.omnitrust.lu\/en\/blog\/le-seuil-de-tolerance-fiscale-des-travailleurs-frontaliers-francais-passe-a-34-jours-au-luxembourg\/","title":{"rendered":"Le seuil de tol\u00e9rance fiscale des travailleurs frontaliers fran\u00e7ais passe \u00e0 34 jours au Luxembourg"},"content":{"rendered":"<p><strong><span style=\"font-size:26px\">Plus de jours de t\u00e9l\u00e9travail pour les travailleurs frontaliers fran\u00e7ais gr\u00e2ce \u00e0 un nouvel accord fiscal<\/span><\/strong><\/p>\n<p><span style=\"font-size:20px\">Le gouvernement a fait savoir dans un communiqu\u00e9 publi\u00e9 le 3 mai 2023 que la Chambre des D\u00e9put\u00e9s a approuv\u00e9 l&rsquo;ajout d&rsquo;un avenant \u00e0 la Convention entre le Gouvernement du Grand-Duch\u00e9 de Luxembourg et le Gouvernement de la R\u00e9publique fran\u00e7aise, sign\u00e9 le 7 novembre 2022. Cet avenant a pour effet de relever de 29 \u00e0 34 jours par an le seuil de tol\u00e9rance en mati\u00e8re fiscale pour les travailleurs frontaliers fran\u00e7ais. Cette modification du seuil de tol\u00e9rance permet aux travailleurs fran\u00e7ais r\u00e9sidant en France et travaillant au Luxembourg d&rsquo;effectuer des activit\u00e9s telles que le t\u00e9l\u00e9travail ou les d\u00e9placements professionnels pendant 34 jours par an dans leur pays de r\u00e9sidence tout en restant soumis \u00e0 l&rsquo;imp\u00f4t au Luxembourg. La nouvelle disposition est r\u00e9troactive \u00e0 compter du 1er janvier 2023, mais son entr\u00e9e en vigueur est conditionn\u00e9e par la ratification de l&rsquo;avenant par la France.<\/span><\/p>","protected":false},"excerpt":{"rendered":"<p>Plus de jours de t\u00e9l\u00e9travail pour les travailleurs frontaliers fran\u00e7ais gr\u00e2ce \u00e0 un nouvel accord fiscal Le gouvernement a fait savoir dans un communiqu\u00e9 publi\u00e9 le 3 mai 2023 que la Chambre des D\u00e9put\u00e9s a approuv\u00e9 l&rsquo;ajout d&rsquo;un avenant \u00e0 la Convention entre le Gouvernement du Grand-Duch\u00e9 de Luxembourg et le Gouvernement de la R\u00e9publique [&hellip;]<\/p>\n","protected":false},"author":3,"featured_media":1251,"comment_status":"open","ping_status":"closed","sticky":false,"template":"","format":"standard","meta":{"_acf_changed":false,"footnotes":""},"categories":[1],"tags":[],"service_lie":[38,29],"type_contenu":[21],"class_list":["post-1213","post","type-post","status-publish","format-standard","has-post-thumbnail","hentry","category-uncategorized","service_lie-fiscalite-tva","service_lie-rh_payroll","type_contenu-actualites"],"acf":[],"_links":{"self":[{"href":"https:\/\/www.omnitrust.lu\/en\/wp-json\/wp\/v2\/posts\/1213","targetHints":{"allow":["GET"]}}],"collection":[{"href":"https:\/\/www.omnitrust.lu\/en\/wp-json\/wp\/v2\/posts"}],"about":[{"href":"https:\/\/www.omnitrust.lu\/en\/wp-json\/wp\/v2\/types\/post"}],"author":[{"embeddable":true,"href":"https:\/\/www.omnitrust.lu\/en\/wp-json\/wp\/v2\/users\/3"}],"replies":[{"embeddable":true,"href":"https:\/\/www.omnitrust.lu\/en\/wp-json\/wp\/v2\/comments?post=1213"}],"version-history":[{"count":1,"href":"https:\/\/www.omnitrust.lu\/en\/wp-json\/wp\/v2\/posts\/1213\/revisions"}],"predecessor-version":[{"id":1277,"href":"https:\/\/www.omnitrust.lu\/en\/wp-json\/wp\/v2\/posts\/1213\/revisions\/1277"}],"wp:featuredmedia":[{"embeddable":true,"href":"https:\/\/www.omnitrust.lu\/en\/wp-json\/wp\/v2\/media\/1251"}],"wp:attachment":[{"href":"https:\/\/www.omnitrust.lu\/en\/wp-json\/wp\/v2\/media?parent=1213"}],"wp:term":[{"taxonomy":"category","embeddable":true,"href":"https:\/\/www.omnitrust.lu\/en\/wp-json\/wp\/v2\/categories?post=1213"},{"taxonomy":"post_tag","embeddable":true,"href":"https:\/\/www.omnitrust.lu\/en\/wp-json\/wp\/v2\/tags?post=1213"},{"taxonomy":"service_lie","embeddable":true,"href":"https:\/\/www.omnitrust.lu\/en\/wp-json\/wp\/v2\/service_lie?post=1213"},{"taxonomy":"type_contenu","embeddable":true,"href":"https:\/\/www.omnitrust.lu\/en\/wp-json\/wp\/v2\/type_contenu?post=1213"}],"curies":[{"name":"wp","href":"https:\/\/api.w.org\/{rel}","templated":true}]}}