{"id":1218,"date":"2023-03-23T12:19:00","date_gmt":"2023-03-23T12:19:00","guid":{"rendered":"https:\/\/omnitrust.lu\/tour-dhorizon-du-3eme-accord-de-la-tripartite-du-3-mars-2023\/"},"modified":"2026-03-18T14:05:14","modified_gmt":"2026-03-18T14:05:14","slug":"tripartite-agreement-march-2023-overview","status":"publish","type":"post","link":"https:\/\/www.omnitrust.lu\/en\/blog\/tour-dhorizon-du-3eme-accord-de-la-tripartite-du-3-mars-2023\/","title":{"rendered":"Tour d\u2019horizon du 3\u00e8me accord de la tripartite du 3 mars 2023"},"content":{"rendered":"<p><span style=\"font-size:22px\"><span style=\"font-family:Calibri,sans-serif\">Sauf si la situation sociale \u00e9conomique et sociale venait \u00e0 se d\u00e9t\u00e9riorer significativement en 2024, le Gouvernement et les partenaires sociaux (tripartite) se sont mis d\u2019accord jusqu\u2019au 31 d\u00e9cembre 2024 sur un paquet de mesures pour faire face \u00e0 l\u2019inflation et soutenir les m\u00e9nages et les entreprises.<\/span><\/span><\/p>\n<h2><strong>Mesures \u00ab\u00a0Solidarit\u00e9itspak 3.0\u00a0\u00bb<\/strong><\/h2>\n<ol>\n<li>Compensation de l\u2019index pour les entreprises d\u2019une 3<sup>\u00e8me<\/sup> tranche indiciaire (en tenant compte de celle de juin 2022 report\u00e9e en avril 2023). Le fonctionnement automatique de l\u2019\u00e9chelle mobile des salaires est maintenu.<\/li>\n<li>Adaptation du bar\u00e8me de l\u2019imp\u00f4t sur le revenu des personnes physiques \u00e0 hauteur de 2,5 tranches indiciaires \u00e0 partir du 1<sup>er<\/sup> janvier 2024 (soit 6,25%). Pour l\u2019ann\u00e9e d\u2019imposition 2023, cr\u00e9dit d\u2019imp\u00f4t \u00e0 hauteur de 2 tranches indiciaires.<\/li>\n<li>Prolongation de mesures \u00ab\u00a0Solidarit\u00e9itspak 2.0\u00a0\u00bb jusqu\u2019au 31 d\u00e9cembre 2024 pour les m\u00e9nages: limitation de la hausse des prix du gaz \u00e0 15%, subvention pour les clients raccord\u00e9s \u00e0 un r\u00e9seau de chauffage urbain, stabilisation du prix de l\u2019\u00e9lectricit\u00e9 pour les clients r\u00e9sidentiels avec une consommation &lt; 25.000kWh, subvention des bornes de charge accessibles au public, subvention du prix du gasoil combustible (0.15\u20ac\/l), du propane m\u00e9nager et des granul\u00e9s de bois.<\/li>\n<li>Reconduction de la prime \u00e9nergie jusqu\u2019\u00e0 la fin de 2024 pour les b\u00e9n\u00e9ficiaires de l\u2019allocation de vie ch\u00e8re.<\/li>\n<li>Participation au financement de la hausse des frais d\u2019\u00e9nergie des structures d\u2019h\u00e9bergement (CIPA, maisons de soins, etc.).<\/li>\n<li>Compensation sociale du prix du CO2 via un cr\u00e9dit d\u2019imp\u00f4t sp\u00e9cifique \u00e0 partir du 1<sup>er<\/sup> janvier 2024.<\/li>\n<li>Augmentation du plafond du cr\u00e9dit d\u2019imp\u00f4t en mati\u00e8re de droit d\u2019enregistrement de 20.000\u20ac \u00e0 30.000\u20ac.<\/li>\n<li>Adaptation de 50% des plafonds d\u2019int\u00e9r\u00eats de pr\u00eat immobilier pour habitation occup\u00e9e par le propri\u00e9taire \u00e0 partir de l\u2019ann\u00e9e d\u2019imposition 2023.<\/li>\n<li>Augmentation \u00e0 75% de l\u2019exon\u00e9ration des revenus nets des logements soumis \u00e0 la gestion locative sociale \u00e0 partir de l\u2019ann\u00e9e d\u2019imposition 2023.<\/li>\n<li>Augmentation du seuil de 10 \u00e0 30kWp \u00e0 partir duquel les revenus d\u2019exploitation d\u2019installation photovolta\u00efque sont imposables.<\/li>\n<li>Maintien jusqu\u2019au 31 d\u00e9cembre 2024 de l\u2019\u00e9quivalent cr\u00e9dit imp\u00f4t (ECI) pour les b\u00e9n\u00e9ficiaires du REVIS et du RPGH.<\/li>\n<li>Reconduction des aides aux entreprises particuli\u00e8rement touch\u00e9es par la hausse des prix de l\u2019\u00e9nergie<\/li>\n<\/ol>","protected":false},"excerpt":{"rendered":"<p>Sauf si la situation sociale \u00e9conomique et sociale venait \u00e0 se d\u00e9t\u00e9riorer significativement en 2024, le Gouvernement et les partenaires sociaux (tripartite) se sont mis d\u2019accord jusqu\u2019au 31 d\u00e9cembre 2024 sur un paquet de mesures pour faire face \u00e0 l\u2019inflation et soutenir les m\u00e9nages et les entreprises. Mesures \u00ab\u00a0Solidarit\u00e9itspak 3.0\u00a0\u00bb Compensation de l\u2019index pour les [&hellip;]<\/p>\n","protected":false},"author":3,"featured_media":1246,"comment_status":"open","ping_status":"closed","sticky":false,"template":"","format":"standard","meta":{"_acf_changed":false,"footnotes":""},"categories":[1],"tags":[],"service_lie":[29],"type_contenu":[21],"class_list":["post-1218","post","type-post","status-publish","format-standard","has-post-thumbnail","hentry","category-uncategorized","service_lie-rh_payroll","type_contenu-actualites"],"acf":[],"_links":{"self":[{"href":"https:\/\/www.omnitrust.lu\/en\/wp-json\/wp\/v2\/posts\/1218","targetHints":{"allow":["GET"]}}],"collection":[{"href":"https:\/\/www.omnitrust.lu\/en\/wp-json\/wp\/v2\/posts"}],"about":[{"href":"https:\/\/www.omnitrust.lu\/en\/wp-json\/wp\/v2\/types\/post"}],"author":[{"embeddable":true,"href":"https:\/\/www.omnitrust.lu\/en\/wp-json\/wp\/v2\/users\/3"}],"replies":[{"embeddable":true,"href":"https:\/\/www.omnitrust.lu\/en\/wp-json\/wp\/v2\/comments?post=1218"}],"version-history":[{"count":1,"href":"https:\/\/www.omnitrust.lu\/en\/wp-json\/wp\/v2\/posts\/1218\/revisions"}],"predecessor-version":[{"id":1304,"href":"https:\/\/www.omnitrust.lu\/en\/wp-json\/wp\/v2\/posts\/1218\/revisions\/1304"}],"wp:featuredmedia":[{"embeddable":true,"href":"https:\/\/www.omnitrust.lu\/en\/wp-json\/wp\/v2\/media\/1246"}],"wp:attachment":[{"href":"https:\/\/www.omnitrust.lu\/en\/wp-json\/wp\/v2\/media?parent=1218"}],"wp:term":[{"taxonomy":"category","embeddable":true,"href":"https:\/\/www.omnitrust.lu\/en\/wp-json\/wp\/v2\/categories?post=1218"},{"taxonomy":"post_tag","embeddable":true,"href":"https:\/\/www.omnitrust.lu\/en\/wp-json\/wp\/v2\/tags?post=1218"},{"taxonomy":"service_lie","embeddable":true,"href":"https:\/\/www.omnitrust.lu\/en\/wp-json\/wp\/v2\/service_lie?post=1218"},{"taxonomy":"type_contenu","embeddable":true,"href":"https:\/\/www.omnitrust.lu\/en\/wp-json\/wp\/v2\/type_contenu?post=1218"}],"curies":[{"name":"wp","href":"https:\/\/api.w.org\/{rel}","templated":true}]}}