{"id":1219,"date":"2023-02-01T12:19:00","date_gmt":"2023-02-01T12:19:00","guid":{"rendered":"https:\/\/omnitrust.lu\/indexation-de-25-des-salaires-et-des-allocations-familiales\/"},"modified":"2026-03-18T13:03:35","modified_gmt":"2026-03-18T13:03:35","slug":"salary-family-allowance-indexation","status":"publish","type":"post","link":"https:\/\/www.omnitrust.lu\/en\/blog\/indexation-de-25-des-salaires-et-des-allocations-familiales\/","title":{"rendered":"Indexation de 2,5% des salaires et des allocations familiales"},"content":{"rendered":"<p><span style=\"font-size:11pt\"><span style=\"font-family:Calibri,sans-serif\"><span style=\"font-size:12.0pt\">Le STATEC a annonc\u00e9 hier que l\u2019indexation des salaires prend effet aujourd\u2019hui, 1er f\u00e9vrier 2023. Le taux d\u2019inflation annuel de l\u2019indice des prix \u00e0 la consommation national (IPCN) s\u2019\u00e9l\u00e8ve \u00e0 4.8% pour janvier, avec pour cons\u00e9quences\u00a0:<\/span><\/span><\/span><\/p>\n<ul>\n<li style=\"text-align:justify\"><span style=\"font-size:11pt\"><span style=\"font-family:Calibri,sans-serif\"><span style=\"font-size:12.0pt\">La nouvelle cote d\u2019application de l\u2019\u00e9chelle mobile des salaires de 898.93 points (ancienne cote : 877.01 points) entre en vigueur le 1er f\u00e9vrier 2023, entra\u00eenant \u00e0 partir de cette date une majoration de 2.5% des salaires, traitements et pensions.<\/span><\/span><\/span><\/li>\n<li style=\"text-align:justify\"><span style=\"font-size:11pt\"><span style=\"font-family:Calibri,sans-serif\"><span style=\"font-size:12.0pt\">La cote d\u2019application \u00e9chelle mobile des allocations familiales (EMAF) de 921.40 points (ancienne cote : 898.93 points) entre aussi en vigueur le 1er f\u00e9vrier 2023, entra\u00eenant \u00e0 partir de cette date une majoration de 2.5% des allocations familiales.<\/span><\/span><\/span><\/li>\n<\/ul>\n<p><span style=\"font-size:11pt\"><span style=\"font-family:Calibri,sans-serif\"><span style=\"font-size:12.0pt\">En outre, l\u2019indexation des salaires au 1er f\u00e9vrier 2023 entra\u00eene l\u2019adaptation de diff\u00e9rents seuils et plafonds pr\u00e9vus par la loi, notamment en ce qui concerne le s<\/span><span style=\"font-size:12.0pt\">alaire social minimum (SSM) mensuel<\/span><span style=\"font-size:12.0pt\">:<\/span><\/span><\/span><\/p>\n<ul>\n<li style=\"text-align:justify\"><span style=\"font-size:11pt\"><span style=\"font-family:Calibri,sans-serif\"><span style=\"font-size:12.0pt\">2.447,09.- EUR (salari\u00e9 non qualifi\u00e9)<\/span><\/span><\/span><\/li>\n<li style=\"text-align:justify\"><span style=\"font-size:11pt\"><span style=\"font-family:Calibri,sans-serif\"><span style=\"font-size:12.0pt\">2.936,50.- EUR (salari\u00e9 qualifi\u00e9)<\/span><\/span><\/span><br \/>\n\t\u00a0<\/br><\/li>\n<\/ul>","protected":false},"excerpt":{"rendered":"<p>Le STATEC a annonc\u00e9 hier que l\u2019indexation des salaires prend effet aujourd\u2019hui, 1er f\u00e9vrier 2023. Le taux d\u2019inflation annuel de l\u2019indice des prix \u00e0 la consommation national (IPCN) s\u2019\u00e9l\u00e8ve \u00e0 4.8% pour janvier, avec pour cons\u00e9quences\u00a0: La nouvelle cote d\u2019application de l\u2019\u00e9chelle mobile des salaires de 898.93 points (ancienne cote : 877.01 points) entre en [&hellip;]<\/p>\n","protected":false},"author":3,"featured_media":1246,"comment_status":"open","ping_status":"closed","sticky":false,"template":"","format":"standard","meta":{"_acf_changed":false,"footnotes":""},"categories":[1],"tags":[],"service_lie":[29],"type_contenu":[21],"class_list":["post-1219","post","type-post","status-publish","format-standard","has-post-thumbnail","hentry","category-uncategorized","service_lie-rh_payroll","type_contenu-actualites"],"acf":[],"_links":{"self":[{"href":"https:\/\/www.omnitrust.lu\/en\/wp-json\/wp\/v2\/posts\/1219","targetHints":{"allow":["GET"]}}],"collection":[{"href":"https:\/\/www.omnitrust.lu\/en\/wp-json\/wp\/v2\/posts"}],"about":[{"href":"https:\/\/www.omnitrust.lu\/en\/wp-json\/wp\/v2\/types\/post"}],"author":[{"embeddable":true,"href":"https:\/\/www.omnitrust.lu\/en\/wp-json\/wp\/v2\/users\/3"}],"replies":[{"embeddable":true,"href":"https:\/\/www.omnitrust.lu\/en\/wp-json\/wp\/v2\/comments?post=1219"}],"version-history":[{"count":1,"href":"https:\/\/www.omnitrust.lu\/en\/wp-json\/wp\/v2\/posts\/1219\/revisions"}],"predecessor-version":[{"id":1286,"href":"https:\/\/www.omnitrust.lu\/en\/wp-json\/wp\/v2\/posts\/1219\/revisions\/1286"}],"wp:featuredmedia":[{"embeddable":true,"href":"https:\/\/www.omnitrust.lu\/en\/wp-json\/wp\/v2\/media\/1246"}],"wp:attachment":[{"href":"https:\/\/www.omnitrust.lu\/en\/wp-json\/wp\/v2\/media?parent=1219"}],"wp:term":[{"taxonomy":"category","embeddable":true,"href":"https:\/\/www.omnitrust.lu\/en\/wp-json\/wp\/v2\/categories?post=1219"},{"taxonomy":"post_tag","embeddable":true,"href":"https:\/\/www.omnitrust.lu\/en\/wp-json\/wp\/v2\/tags?post=1219"},{"taxonomy":"service_lie","embeddable":true,"href":"https:\/\/www.omnitrust.lu\/en\/wp-json\/wp\/v2\/service_lie?post=1219"},{"taxonomy":"type_contenu","embeddable":true,"href":"https:\/\/www.omnitrust.lu\/en\/wp-json\/wp\/v2\/type_contenu?post=1219"}],"curies":[{"name":"wp","href":"https:\/\/api.w.org\/{rel}","templated":true}]}}