{"id":1224,"date":"2022-10-11T12:19:00","date_gmt":"2022-10-11T12:19:00","guid":{"rendered":"https:\/\/omnitrust.lu\/synthese-du-paquet-anti-inflation-issu-de-laccord-tripartite\/"},"modified":"2026-03-18T12:46:40","modified_gmt":"2026-03-18T12:46:40","slug":"anti-inflation-package-summary","status":"publish","type":"post","link":"https:\/\/www.omnitrust.lu\/en\/blog\/synthese-du-paquet-anti-inflation-issu-de-laccord-tripartite\/","title":{"rendered":"Synth\u00e8se du \u00ab\u00a0paquet anti-inflation\u00a0\u00bb issu de l\u2019accord tripartite"},"content":{"rendered":"<h2>Accord issus de la r\u00e9union tripartite des 18, 19 et 20 septembre 2022 entre le Gouvernement et l\u2019Union des Entreprises Luxembourgeoises (UEL) et les organisations syndicales OGBL, LCGB et CGFP<\/h2>\n<p>Plusieurs mesures seront prises pour soutenir les m\u00e9nages et les entreprises\u00a0:<\/p>\n<p><span style=\"font-size: 20px;\"><strong>Pour les m\u00e9nages\u00a0:<\/strong><\/span><\/p>\n<ol>\n<li><span style=\"font-size: 16px;\">Limitation de la hausse du prix de gaz \u00e0 15 % par rapport \u00e0 son niveau actuel<\/span><\/li>\n<li value=\"2\"><span style=\"font-size: 16px;\">Stabilisation des prix de l\u2019\u00e9lectricit\u00e9<\/span><\/li>\n<li value=\"3\"><span style=\"font-size: 16px;\">R\u00e9duction de 15 cents par litre de mazout<\/span><\/li>\n<li value=\"4\"><span style=\"font-size: 16px;\">TVA\u00a0: Baisse temporaire de 1% du taux de TVA\u00a0sur les biens et les services : le taux de 17 % passe \u00e0 16%, le taux de 14% passe \u00e0 13 % et le taux de 8 % passe \u00e0 7 %<\/span><\/li>\n<li value=\"5\"><span style=\"font-size: 16px;\">Indexation des salaires et augmentation du salaire social minimum<\/span>\n<ul>\n<li><span style=\"font-size: 14px;\">Augmentation du salaire social minimum de 3,3 % au 1<sup>er<\/sup> janvier 2023<\/span><\/li>\n<li><span style=\"font-size: 14px;\">Tranche indiciaire d\u00e9clench\u00e9e en janvier ou f\u00e9vrier 2023<\/span><\/li>\n<li><span style=\"font-size: 14px;\">Tranche indiciaire de juin 2022 report\u00e9e en avril 2023<\/span><\/li>\n<\/ul>\n<\/li>\n<\/ol>\n<ul>\n<li><span style=\"font-size: 14px;\">Augmentation du salaire social minimum de 3,3 % au 1<sup>er<\/sup> janvier 2023<\/span><\/li>\n<li><span style=\"font-size: 14px;\">Tranche indiciaire d\u00e9clench\u00e9e en janvier ou f\u00e9vrier 2023<\/span><\/li>\n<li><span style=\"font-size: 14px;\">Tranche indiciaire de juin 2022 report\u00e9e en avril 2023<\/span><\/li>\n<\/ul>\n<p><span style=\"font-size: 20px;\"><strong>Pour les entreprises\u00a0:<\/strong><\/span><\/p>\n<ol>\n<li><strong>S\u00e9curit\u00e9 sociale\u00a0:<\/strong><br \/>\nAbolition au 1<sup>er<\/sup> janvier 2023 de l\u2019acompte sur les cotisations de s\u00e9curit\u00e9 sociale pour les employeurs<\/li>\n<\/ol>\n<ol>\n<li value=\"2\"><strong>Cong\u00e9s\u00a0:<\/strong><br \/>\nPrise en charge par l\u2019Etat de 50 % des frais li\u00e9s aux cong\u00e9s (6 jours maximum) pour apporter des soins personnels \u00e0 un membre de la famille et pour des raisons de force majeure li\u00e9es \u00e0 des raisons familiales urgentes<\/li>\n<\/ol>\n<ol>\n<li value=\"3\"><strong>Aides aux entreprises touch\u00e9es par la hausse des prix de l\u2019\u00e9nergie en raison de la guerre en Ukraine\u00a0:<\/strong><\/li>\n<\/ol>\n<ul>\n<li>Aide aux entreprises <strong>grandes consommatrices d\u2019\u00e9nergie<\/strong> couvrant une partie des surcouts du<strong> gaz naturel et de l\u2019\u00e9lectricit\u00e9<\/strong>\u00a0:\n<ul>\n<li><span style=\"font-size: 14px;\">Entreprise requ\u00e9rante dont les achats de produits \u00e9nerg\u00e9tiques et d\u2019\u00e9lectricit\u00e9 atteignent au moins 3 % de son C.A. ou de sa valeur de production pendant le mois consid\u00e9r\u00e9.<\/span><\/li>\n<li><span style=\"font-size: 14px;\">P\u00e9riode\u00a0d\u2019\u00e9ligibilit\u00e9 : de f\u00e9vrier 2022 \u00e0 juin 2023.<\/span><\/li>\n<li><span style=\"font-size: 14px;\">P\u00e9riode de r\u00e9f\u00e9rence\u00a0: de janvier 2021 \u00e0 d\u00e9cembre 2021.<\/span><\/li>\n<li><span style=\"font-size: 14px;\">Co\u00fbts \u00e9ligibles\u00a0: ce sont les surco\u00fbts mensuels du gaz naturel et de l\u2019\u00e9lectricit\u00e9 d\u00e9passant le double des co\u00fbts unitaires moyens du gaz naturel et de l\u2019\u00e9lectricit\u00e9 support\u00e9s pendant la p\u00e9riode de r\u00e9f\u00e9rence.<\/span><\/li>\n<li><span style=\"font-size: 14px;\">Septembre \u2013 d\u00e9cembre 2022\u00a0: la quantit\u00e9 de gaz naturel et d\u2019\u00e9lectricit\u00e9 consomm\u00e9e prise en compte pour le calcul des co\u00fbts \u00e9ligibles est limit\u00e9e \u00e0 70 % de sa consommation du mois correspondant de la p\u00e9riode de r\u00e9f\u00e9rence.<\/span><\/li>\n<li><span style=\"font-size: 14px;\">Formule de calcul\u00a0:<br \/>\n(p(t) \u2013 p(ref) x 2) x q(t)<br \/>\nP(t) = prix de l\u2019\u00e9nergie actuel<br \/>\nP(ref) = prix de la p\u00e9riode de r\u00e9f\u00e9rence<br \/>\nq(t) = quantit\u00e9<\/span><\/li>\n<li><span style=\"font-size: 14px;\">L\u2019intensit\u00e9 de l\u2019aide s\u2019\u00e9l\u00e8ve \u00e0 30 % des couts \u00e9ligibles et le montant total de l\u2019aide pour la p\u00e9riode \u00e9ligible ne peut exc\u00e9der 2.000.000 d\u2019euros par entreprise.<\/span><\/li>\n<\/ul>\n<\/li>\n<\/ul>\n<ul>\n<li><span style=\"font-size: 14px;\">Entreprise requ\u00e9rante dont les achats de produits \u00e9nerg\u00e9tiques et d\u2019\u00e9lectricit\u00e9 atteignent au moins 3 % de son C.A. ou de sa valeur de production pendant le mois consid\u00e9r\u00e9.<\/span><\/li>\n<li><span style=\"font-size: 14px;\">P\u00e9riode\u00a0d\u2019\u00e9ligibilit\u00e9 : de f\u00e9vrier 2022 \u00e0 juin 2023.<\/span><\/li>\n<li><span style=\"font-size: 14px;\">P\u00e9riode de r\u00e9f\u00e9rence\u00a0: de janvier 2021 \u00e0 d\u00e9cembre 2021.<\/span><\/li>\n<li><span style=\"font-size: 14px;\">Co\u00fbts \u00e9ligibles\u00a0: ce sont les surco\u00fbts mensuels du gaz naturel et de l\u2019\u00e9lectricit\u00e9 d\u00e9passant le double des co\u00fbts unitaires moyens du gaz naturel et de l\u2019\u00e9lectricit\u00e9 support\u00e9s pendant la p\u00e9riode de r\u00e9f\u00e9rence.<\/span><\/li>\n<li><span style=\"font-size: 14px;\">Septembre \u2013 d\u00e9cembre 2022\u00a0: la quantit\u00e9 de gaz naturel et d\u2019\u00e9lectricit\u00e9 consomm\u00e9e prise en compte pour le calcul des co\u00fbts \u00e9ligibles est limit\u00e9e \u00e0 70 % de sa consommation du mois correspondant de la p\u00e9riode de r\u00e9f\u00e9rence.<\/span><\/li>\n<li><span style=\"font-size: 14px;\">Formule de calcul\u00a0:<br \/>\n(p(t) \u2013 p(ref) x 2) x q(t)<br \/>\nP(t) = prix de l\u2019\u00e9nergie actuel<br \/>\nP(ref) = prix de la p\u00e9riode de r\u00e9f\u00e9rence<br \/>\nq(t) = quantit\u00e9<\/span><\/li>\n<li><span style=\"font-size: 14px;\">L\u2019intensit\u00e9 de l\u2019aide s\u2019\u00e9l\u00e8ve \u00e0 30 % des couts \u00e9ligibles et le montant total de l\u2019aide pour la p\u00e9riode \u00e9ligible ne peut exc\u00e9der 2.000.000 d\u2019euros par entreprise.<\/span><\/li>\n<\/ul>\n<ul>\n<li>Aide aux entreprises de certains secteurs couvrant une partie des <strong>surco\u00fbts du gasoil<\/strong>\u00a0:\n<ul>\n<li><span style=\"font-size: 14px;\">Entreprise requ\u00e9rante \u00e9manant des secteurs du transport routier et du fret, de la construction et de l\u2019artisanat alimentaire, ayant subi une perte d\u2019exploitation dont les co\u00fbts \u00e9ligibles repr\u00e9sentent au moins 50%.<\/span><\/li>\n<li><span style=\"font-size: 14px;\">P\u00e9riode d\u2019\u00e9ligibilit\u00e9\u00a0: d\u2019octobre \u00e0 juin 2023.<\/span><\/li>\n<li><span style=\"font-size: 14px;\">P\u00e9riode de r\u00e9f\u00e9rence\u00a0: de janvier 2021 \u00e0 d\u00e9cembre 2021.<\/span><\/li>\n<li><span style=\"font-size: 14px;\">Les co\u00fbts \u00e9ligibles pour l\u2019aide sont les co\u00fbts mensuels du gasoil support\u00e9s par la requ\u00e9rante qui d\u00e9passent de 25 % les co\u00fbts unitaires moyens du gasoil support\u00e9s pendant la p\u00e9riode de r\u00e9f\u00e9rence.<\/span><\/li>\n<li><span style=\"font-size: 14px;\">Formule de calcul\u00a0:<br \/>\n(p(t) \u2013 p(ref) x 1,25) x q(t)<br \/>\nP(t) = prix du gasoil actuel<br \/>\nP(ref) = prix de la p\u00e9riode de r\u00e9f\u00e9rence<br \/>\nq(t) = quantit\u00e9<\/span><\/li>\n<li><span style=\"font-size: 14px;\">L\u2019intensit\u00e9 de l\u2019aide s\u2019\u00e9l\u00e8ve \u00e0 50 % des co\u00fbts \u00e9ligibles et l\u2019aide \u00e0 un maximum de 80 % des pertes d\u2019exploitation de l\u2019entreprise requ\u00e9rante.<\/span><\/li>\n<li><span style=\"font-size: 14px;\">Le montant total de l\u2019aide pour la p\u00e9riode \u00e9ligible ne peut exc\u00e9der 500.000 EUR par entreprise.<\/span><\/li>\n<\/ul>\n<\/li>\n<\/ul>\n<ul>\n<li><span style=\"font-size: 14px;\">Entreprise requ\u00e9rante \u00e9manant des secteurs du transport routier et du fret, de la construction et de l\u2019artisanat alimentaire, ayant subi une perte d\u2019exploitation dont les co\u00fbts \u00e9ligibles repr\u00e9sentent au moins 50%.<\/span><\/li>\n<li><span style=\"font-size: 14px;\">P\u00e9riode d\u2019\u00e9ligibilit\u00e9\u00a0: d\u2019octobre \u00e0 juin 2023.<\/span><\/li>\n<li><span style=\"font-size: 14px;\">P\u00e9riode de r\u00e9f\u00e9rence\u00a0: de janvier 2021 \u00e0 d\u00e9cembre 2021.<\/span><\/li>\n<li><span style=\"font-size: 14px;\">Les co\u00fbts \u00e9ligibles pour l\u2019aide sont les co\u00fbts mensuels du gasoil support\u00e9s par la requ\u00e9rante qui d\u00e9passent de 25 % les co\u00fbts unitaires moyens du gasoil support\u00e9s pendant la p\u00e9riode de r\u00e9f\u00e9rence.<\/span><\/li>\n<li><span style=\"font-size: 14px;\">Formule de calcul\u00a0:<br \/>\n(p(t) \u2013 p(ref) x 1,25) x q(t)<br \/>\nP(t) = prix du gasoil actuel<br \/>\nP(ref) = prix de la p\u00e9riode de r\u00e9f\u00e9rence<br \/>\nq(t) = quantit\u00e9<\/span><\/li>\n<li><span style=\"font-size: 14px;\">L\u2019intensit\u00e9 de l\u2019aide s\u2019\u00e9l\u00e8ve \u00e0 50 % des co\u00fbts \u00e9ligibles et l\u2019aide \u00e0 un maximum de 80 % des pertes d\u2019exploitation de l\u2019entreprise requ\u00e9rante.<\/span><\/li>\n<li><span style=\"font-size: 14px;\">Le montant total de l\u2019aide pour la p\u00e9riode \u00e9ligible ne peut exc\u00e9der 500.000 EUR par entreprise.<\/span><\/li>\n<\/ul>\n<ul>\n<li>Aide aux entreprises couvrant une partie des surco\u00fbts du gaz naturel et de l\u2019\u00e9lectricit\u00e9\u00a0:\n<ul>\n<li><span style=\"font-size: 14px;\">Entreprise requ\u00e9rante dont les achats de produits \u00e9nerg\u00e9tiques et d\u2019\u00e9lectricit\u00e9 atteignent au moins 2 % de son chiffre d\u2019affaires ou de sa valeur de production pendant le mois consid\u00e9r\u00e9.<\/span><\/li>\n<li><span style=\"font-size: 14px;\">P\u00e9riode d\u2019\u00e9ligibilit\u00e9\u00a0: d\u2019octobre 2022 \u00e0 juin 2023.<\/span><\/li>\n<li><span style=\"font-size: 14px;\">P\u00e9riode de r\u00e9f\u00e9rence\u00a0: janvier 2021 \u00e0 d\u00e9cembre 2021.<\/span><\/li>\n<li><span style=\"font-size: 14px;\">Les co\u00fbts \u00e9ligibles pour l\u2019aide sont les surco\u00fbts mensuels du gaz naturel et de l\u2019\u00e9lectricit\u00e9 support\u00e9s par la requ\u00e9rante qui d\u00e9passent de 80 % les co\u00fbts unitaires moyens du gaz naturel et de l\u2019\u00e9lectricit\u00e9 support\u00e9s pendant la p\u00e9riode de r\u00e9f\u00e9rence.<\/span><\/li>\n<li><span style=\"font-size: 14px;\">Formule de calcul\u00a0:<br \/>\n(p(t) \u2013 p(ref) x 1,8) x q(t)<br \/>\nP(t) = prix actuel du gaz ou de l\u2019\u00e9lectricit\u00e9<br \/>\nP(ref) = prix de la p\u00e9riode de r\u00e9f\u00e9rence du gaz ou de l\u2019\u00e9lectricit\u00e9<br \/>\nq(t) = quantit\u00e9<\/span><\/li>\n<li><span style=\"font-size: 14px;\">L\u2019intensit\u00e9 de l\u2019aide s\u2019\u00e9l\u00e8ve \u00e0 70 % des co\u00fbts \u00e9ligibles et l\u2019aide pour les mois \u00e9ligibles ne peut exc\u00e9der 500.000 EUR par entreprise.<\/span><\/li>\n<\/ul>\n<\/li>\n<\/ul>\n<ul>\n<li><span style=\"font-size: 14px;\">Entreprise requ\u00e9rante dont les achats de produits \u00e9nerg\u00e9tiques et d\u2019\u00e9lectricit\u00e9 atteignent au moins 2 % de son chiffre d\u2019affaires ou de sa valeur de production pendant le mois consid\u00e9r\u00e9.<\/span><\/li>\n<li><span style=\"font-size: 14px;\">P\u00e9riode d\u2019\u00e9ligibilit\u00e9\u00a0: d\u2019octobre 2022 \u00e0 juin 2023.<\/span><\/li>\n<li><span style=\"font-size: 14px;\">P\u00e9riode de r\u00e9f\u00e9rence\u00a0: janvier 2021 \u00e0 d\u00e9cembre 2021.<\/span><\/li>\n<li><span style=\"font-size: 14px;\">Les co\u00fbts \u00e9ligibles pour l\u2019aide sont les surco\u00fbts mensuels du gaz naturel et de l\u2019\u00e9lectricit\u00e9 support\u00e9s par la requ\u00e9rante qui d\u00e9passent de 80 % les co\u00fbts unitaires moyens du gaz naturel et de l\u2019\u00e9lectricit\u00e9 support\u00e9s pendant la p\u00e9riode de r\u00e9f\u00e9rence.<\/span><\/li>\n<li><span style=\"font-size: 14px;\">Formule de calcul\u00a0:<br \/>\n(p(t) \u2013 p(ref) x 1,8) x q(t)<br \/>\nP(t) = prix actuel du gaz ou de l\u2019\u00e9lectricit\u00e9<br \/>\nP(ref) = prix de la p\u00e9riode de r\u00e9f\u00e9rence du gaz ou de l\u2019\u00e9lectricit\u00e9<br \/>\nq(t) = quantit\u00e9<\/span><\/li>\n<li><span style=\"font-size: 14px;\">L\u2019intensit\u00e9 de l\u2019aide s\u2019\u00e9l\u00e8ve \u00e0 70 % des co\u00fbts \u00e9ligibles et l\u2019aide pour les mois \u00e9ligibles ne peut exc\u00e9der 500.000 EUR par entreprise.<\/span><\/li>\n<\/ul>\n<p><span style=\"font-size: 16px;\"><strong>NB\u00a0: Seules les entreprises ayant une autorisation d\u2019\u00e9tablissement pourront obtenir les aides. Le cumul des aides sera \u00e9galement possible.<\/strong><\/span><\/p>","protected":false},"excerpt":{"rendered":"<p>Accord issus de la r\u00e9union tripartite des 18, 19 et 20 septembre 2022 entre le Gouvernement et l\u2019Union des Entreprises Luxembourgeoises (UEL) et les organisations syndicales OGBL, LCGB et CGFP Plusieurs mesures seront prises pour soutenir les m\u00e9nages et les entreprises\u00a0: Pour les m\u00e9nages\u00a0: Limitation de la hausse du prix de gaz \u00e0 15 % [&hellip;]<\/p>\n","protected":false},"author":3,"featured_media":1264,"comment_status":"open","ping_status":"closed","sticky":false,"template":"","format":"standard","meta":{"_acf_changed":false,"footnotes":""},"categories":[1],"tags":[],"service_lie":[29],"type_contenu":[21],"class_list":["post-1224","post","type-post","status-publish","format-standard","has-post-thumbnail","hentry","category-uncategorized","service_lie-rh_payroll","type_contenu-actualites"],"acf":[],"_links":{"self":[{"href":"https:\/\/www.omnitrust.lu\/en\/wp-json\/wp\/v2\/posts\/1224","targetHints":{"allow":["GET"]}}],"collection":[{"href":"https:\/\/www.omnitrust.lu\/en\/wp-json\/wp\/v2\/posts"}],"about":[{"href":"https:\/\/www.omnitrust.lu\/en\/wp-json\/wp\/v2\/types\/post"}],"author":[{"embeddable":true,"href":"https:\/\/www.omnitrust.lu\/en\/wp-json\/wp\/v2\/users\/3"}],"replies":[{"embeddable":true,"href":"https:\/\/www.omnitrust.lu\/en\/wp-json\/wp\/v2\/comments?post=1224"}],"version-history":[{"count":1,"href":"https:\/\/www.omnitrust.lu\/en\/wp-json\/wp\/v2\/posts\/1224\/revisions"}],"predecessor-version":[{"id":1268,"href":"https:\/\/www.omnitrust.lu\/en\/wp-json\/wp\/v2\/posts\/1224\/revisions\/1268"}],"wp:featuredmedia":[{"embeddable":true,"href":"https:\/\/www.omnitrust.lu\/en\/wp-json\/wp\/v2\/media\/1264"}],"wp:attachment":[{"href":"https:\/\/www.omnitrust.lu\/en\/wp-json\/wp\/v2\/media?parent=1224"}],"wp:term":[{"taxonomy":"category","embeddable":true,"href":"https:\/\/www.omnitrust.lu\/en\/wp-json\/wp\/v2\/categories?post=1224"},{"taxonomy":"post_tag","embeddable":true,"href":"https:\/\/www.omnitrust.lu\/en\/wp-json\/wp\/v2\/tags?post=1224"},{"taxonomy":"service_lie","embeddable":true,"href":"https:\/\/www.omnitrust.lu\/en\/wp-json\/wp\/v2\/service_lie?post=1224"},{"taxonomy":"type_contenu","embeddable":true,"href":"https:\/\/www.omnitrust.lu\/en\/wp-json\/wp\/v2\/type_contenu?post=1224"}],"curies":[{"name":"wp","href":"https:\/\/api.w.org\/{rel}","templated":true}]}}