{"id":1226,"date":"2022-09-23T12:19:00","date_gmt":"2022-09-23T12:19:00","guid":{"rendered":"https:\/\/omnitrust.lu\/hausse-des-prix-de-lenergie\/"},"modified":"2026-03-18T12:49:54","modified_gmt":"2026-03-18T12:49:54","slug":"energy-price-increase","status":"publish","type":"post","link":"https:\/\/www.omnitrust.lu\/en\/blog\/hausse-des-prix-de-lenergie\/","title":{"rendered":"Hausse des prix de l\u2019\u00e9nergie"},"content":{"rendered":"<h2>Votre entreprise est particuli\u00e8rement touch\u00e9e par la hausse des prix de l\u2019\u00e9nergie ? Introduisez votre demande d\u2019aide avant le 30 septembre 2022<\/h2>\n<p>Depuis le 15 juillet 2022, des aides sont disponibles pour les entreprises particuli\u00e8rement touch\u00e9es par la hausse des prix de l\u2019\u00e9nergie.<\/p>\n<h2><strong>Entreprises \u00e9ligibles<\/strong><\/h2>\n<ol>\n<li><strong>Premier\u00a0type d\u2019aide :<\/strong><\/li>\n<\/ol>\n<p>Concerne\u00a0<span style=\"color:#ff5800\">les entreprises grandes consommatrices d\u2019\u00e9nergie<\/span>, \u00e0 savoir celles dont les co\u00fbts \u00e9nerg\u00e9tiques (gaz naturel et \u00e9lectricit\u00e9) repr\u00e9sentent 3 % de leur chiffre d\u2019affaires.<\/p>\n<ol>\n<li><strong>Deuxi\u00e8me\u00a0type d\u2019aide vise les entreprises :<\/strong><\/li>\n<\/ol>\n<p><span style=\"color:#ff5800\">Secteurs du transport routier<\/span>\u00a0de fret, de la\u00a0<span style=\"color:#ff5800\">construction<\/span>\u00a0et de l\u2019<span style=\"color:#ff5800\">artisanat alimentaire<\/span><\/p>\n<ul>\n<li>Entreprises particuli\u00e8rement\u00a0<span style=\"color:#ff5800\">d\u00e9pendantes en carburant<\/span>\u00a0pour leurs d\u00e9placements et livraisons<\/li>\n<li>Entreprises qui ont subi une\u00a0<span style=\"color:#ff5800\">perte d\u2019exploitation<\/span>\u00a0pour le mois concern\u00e9 par la demande<\/li>\n<\/ul>\n<p>Les aides des 2 types peuvent \u00eatre cumul\u00e9es dans le respect des plafonds pr\u00e9vus.<\/p>\n<p>Sont exclues du r\u00e9gime d\u2019aide les entreprises qui ne sont pas des consommateurs finaux d\u2019\u00e9nergie, ne disposent pas d\u2019une autorisation d\u2019\u00e9tablissement, font l\u2019objet d\u2019une proc\u00e9dure collective d\u2019insolvabilit\u00e9 ou d&rsquo;une injonction de r\u00e9cup\u00e9ration non-ex\u00e9cut\u00e9e par d\u00e9cision de la Commission Europ\u00e9enne.<\/br><\/br><\/p>\n<h2><strong>Montant maximal des aides<\/strong><\/h2>\n<ol>\n<li><strong>Premier type d&rsquo;aide :<\/strong><\/li>\n<\/ol>\n<p>Le montant de l&rsquo;aide est calcul\u00e9 sur la base des co\u00fbts \u00e9ligibles du projet. L\u2019intensit\u00e9 maximale de l\u2019aide par projet ne peut d\u00e9passer :<\/p>\n<ul>\n<li>30 % des co\u00fbts \u00e9ligibles et jusqu\u2019\u00e0\u00a0<span style=\"color:#ff5800\">2.000.000 \u20ac<\/span>\u00a0pour la p\u00e9riode \u00e9ligible<\/li>\n<li>50 % des co\u00fbts \u00e9ligibles et jusqu\u2019\u00e0\u00a0<span style=\"color:#ff5800\">25.000.000 \u20ac<\/span>\u00a0pour la p\u00e9riode \u00e9ligible, si les co\u00fbts \u00e9ligibles repr\u00e9sentent au moins 50 % de la perte d\u2019exploitation mensuelle. L\u2019aide n\u2019exc\u00e8de pas 80 % de la perte d\u2019exploitation<\/li>\n<li>70 % des co\u00fbts \u00e9ligibles et jusqu\u2019\u00e0\u00a0<span style=\"color:#ff5800\">50.000.000 \u20ac<\/span>\u00a0pour la p\u00e9riode \u00e9ligible, si les co\u00fbts \u00e9ligibles repr\u00e9sentent au moins 50 % de la perte d\u2019exploitation mensuelle et si le secteur ou sous-secteur de l\u2019entreprise figure \u00e0 l\u2019Annexe I de l\u2019encadrement temporaire (par exemple : sid\u00e9rurgie). L\u2019aide n\u2019exc\u00e8de pas 80 % de la perte d\u2019exploitation<\/li>\n<\/ul>\n<ol>\n<li><strong>Deuxi\u00e8me type d&rsquo;aide :<\/strong><\/li>\n<\/ol>\n<p>Si les co\u00fbts \u00e9ligibles repr\u00e9sentent au moins 50 % de la perte d\u2019exploitation mensuelle, l\u2019intensit\u00e9 s\u2019\u00e9l\u00e8ve \u00e0 maximum 50 % des co\u00fbts \u00e9ligibles et le montant n\u2019exc\u00e8de pas 80 % de la perte d\u2019exploitation. Le montant total pour la p\u00e9riode \u00e9ligible ne peut exc\u00e9der\u00a0<span style=\"color:#ff5800\">400.000 \u20ac<\/span><strong>.<\/strong><\/p>\n<h2><strong>D\u00e9lais d\u2019introduction<\/strong><\/h2>\n<p>Les\u00a0dates limites\u00a0pour introduire vos demandes d\u2019aide sont :<\/p>\n<ul>\n<li>30 septembre 2022 pour les mois de f\u00e9vrier, mars, avril, mai et juin 2022<\/li>\n<li>9 d\u00e9cembre 2022 pour les mois de juillet, ao\u00fbt, septembre, octobre, novembre et d\u00e9cembre 2022<\/li>\n<\/ul>\n<p><u><a href=\"https:\/\/guichet.public.lu\/fr\/entreprises\/financement-aides\/hausse-prix-energie\/aide-hausse-prix-energie.html\" target=\"_blank\" rel=\"noopener\">Plus de d\u00e9tails sur guichet.lu<\/a><\/u><\/p>","protected":false},"excerpt":{"rendered":"<p>Votre entreprise est particuli\u00e8rement touch\u00e9e par la hausse des prix de l\u2019\u00e9nergie ? Introduisez votre demande d\u2019aide avant le 30 septembre 2022 Depuis le 15 juillet 2022, des aides sont disponibles pour les entreprises particuli\u00e8rement touch\u00e9es par la hausse des prix de l\u2019\u00e9nergie. Entreprises \u00e9ligibles Premier\u00a0type d\u2019aide : Concerne\u00a0les entreprises grandes consommatrices d\u2019\u00e9nergie, \u00e0 savoir [&hellip;]<\/p>\n","protected":false},"author":3,"featured_media":1269,"comment_status":"open","ping_status":"closed","sticky":false,"template":"","format":"standard","meta":{"_acf_changed":false,"footnotes":""},"categories":[1],"tags":[],"service_lie":[38],"type_contenu":[21],"class_list":["post-1226","post","type-post","status-publish","format-standard","has-post-thumbnail","hentry","category-uncategorized","service_lie-fiscalite-tva","type_contenu-actualites"],"acf":[],"_links":{"self":[{"href":"https:\/\/www.omnitrust.lu\/en\/wp-json\/wp\/v2\/posts\/1226","targetHints":{"allow":["GET"]}}],"collection":[{"href":"https:\/\/www.omnitrust.lu\/en\/wp-json\/wp\/v2\/posts"}],"about":[{"href":"https:\/\/www.omnitrust.lu\/en\/wp-json\/wp\/v2\/types\/post"}],"author":[{"embeddable":true,"href":"https:\/\/www.omnitrust.lu\/en\/wp-json\/wp\/v2\/users\/3"}],"replies":[{"embeddable":true,"href":"https:\/\/www.omnitrust.lu\/en\/wp-json\/wp\/v2\/comments?post=1226"}],"version-history":[{"count":1,"href":"https:\/\/www.omnitrust.lu\/en\/wp-json\/wp\/v2\/posts\/1226\/revisions"}],"predecessor-version":[{"id":1273,"href":"https:\/\/www.omnitrust.lu\/en\/wp-json\/wp\/v2\/posts\/1226\/revisions\/1273"}],"wp:featuredmedia":[{"embeddable":true,"href":"https:\/\/www.omnitrust.lu\/en\/wp-json\/wp\/v2\/media\/1269"}],"wp:attachment":[{"href":"https:\/\/www.omnitrust.lu\/en\/wp-json\/wp\/v2\/media?parent=1226"}],"wp:term":[{"taxonomy":"category","embeddable":true,"href":"https:\/\/www.omnitrust.lu\/en\/wp-json\/wp\/v2\/categories?post=1226"},{"taxonomy":"post_tag","embeddable":true,"href":"https:\/\/www.omnitrust.lu\/en\/wp-json\/wp\/v2\/tags?post=1226"},{"taxonomy":"service_lie","embeddable":true,"href":"https:\/\/www.omnitrust.lu\/en\/wp-json\/wp\/v2\/service_lie?post=1226"},{"taxonomy":"type_contenu","embeddable":true,"href":"https:\/\/www.omnitrust.lu\/en\/wp-json\/wp\/v2\/type_contenu?post=1226"}],"curies":[{"name":"wp","href":"https:\/\/api.w.org\/{rel}","templated":true}]}}