{"id":1230,"date":"2022-07-01T12:19:00","date_gmt":"2022-07-01T12:19:00","guid":{"rendered":"https:\/\/omnitrust.lu\/teletravail-frontalier-bonne-nouvelle-mais-attention-au-piege\/"},"modified":"2026-03-18T12:35:20","modified_gmt":"2026-03-18T12:35:20","slug":"cross-border-telework-warning","status":"publish","type":"post","link":"https:\/\/www.omnitrust.lu\/en\/blog\/teletravail-frontalier-bonne-nouvelle-mais-attention-au-piege\/","title":{"rendered":"T\u00e9l\u00e9travail frontalier &#8211; Bonne nouvelle mais attention au pi\u00e8ge."},"content":{"rendered":"<h4><span style=\"color:#ff5800;font-size:20px;\">La tol\u00e9rance en mati\u00e8re de s\u00e9curit\u00e9 sociale est prolong\u00e9e jusqu\u2019au 31 d\u00e9cembre 2022 mais le seuil de tol\u00e9rance du c\u00f4t\u00e9 fiscal ne change pas.<\/span><\/h4>\n<p><span style=\"font-size:16px;\">Les accords exceptionnels concernant la s\u00e9curit\u00e9 sociale des travailleurs frontaliers devaient normalement prendre fin le 30 juin 2022. Cependant, dans son <\/span><a href=\"https:\/\/mss.gouvernement.lu\/fr\/actualites.gouvernement%2Bfr%2Bactualites%2Btoutes_actualites%2Bcommuniques%2B2022%2B06-juin%2B24-frontaliers-tt-ss.html\" target=\"_blank\" rel=\"noopener\"><span style=\"color:#ff5800;font-size:16px;\">communiqu\u00e9 du 24 juin 2022<\/span><\/a><span style=\"font-size:16px;\">, le Ministre de la S\u00e9curit\u00e9 sociale a annonc\u00e9 la mise en place d\u2019une p\u00e9riode transitoire de 6 mois (du 1er juillet au 31 d\u00e9cembre 2022) concernant le t\u00e9l\u00e9travail en mati\u00e8re d&rsquo;affiliation \u00e0 la s\u00e9curit\u00e9 sociale des travailleurs frontaliers.<\/span><\/p>\n<p><span style=\"font-size:16px;\">Cette p\u00e9riode transitoire va donc permettre \u00e0 tous les frontaliers de continuer de t\u00e9l\u00e9travailler plus de 25% de leur temps de travail depuis leur domicile sans impact sur leur affiliation au syst\u00e8me de s\u00e9curit\u00e9 sociale luxembourgeois jusqu\u2019au 31 d\u00e9cembre 2022.<\/span><\/p>\n<h4><strong>Il faut toutefois rester tr\u00e8s prudent<\/strong><\/h4>\n<p><span style=\"color:rgb(0,0,0);font-size:16px;\">Cette tol\u00e9rance administrative en mati\u00e8re de s\u00e9curit\u00e9 sociale ne dispense pas les frontaliers de respecter les jours de tol\u00e9rances en mati\u00e8re fiscale\u00a0: les jours de t\u00e9l\u00e9travail prest\u00e9s depuis le domicile seront pris en compte dans le d\u00e9compte des jours de tol\u00e9rance pass\u00e9s hors du Grand-Duch\u00e9 (19 jours pour l\u2019Allemagne, 29 pour la France, 34 pour la Belgique).<\/span><\/p>\n<p><span style=\"font-size:16px;\"><strong>En cas de d\u00e9passement de ce seuil, ces frontaliers risquent de se voir impos\u00e9s dans leur pays de r\u00e9sidence pour la totalit\u00e9 des jours pass\u00e9s en dehors du Luxembourg.<\/strong><\/span><\/p>","protected":false},"excerpt":{"rendered":"<p>La tol\u00e9rance en mati\u00e8re de s\u00e9curit\u00e9 sociale est prolong\u00e9e jusqu\u2019au 31 d\u00e9cembre 2022 mais le seuil de tol\u00e9rance du c\u00f4t\u00e9 fiscal ne change pas. Les accords exceptionnels concernant la s\u00e9curit\u00e9 sociale des travailleurs frontaliers devaient normalement prendre fin le 30 juin 2022. Cependant, dans son communiqu\u00e9 du 24 juin 2022, le Ministre de la S\u00e9curit\u00e9 [&hellip;]<\/p>\n","protected":false},"author":3,"featured_media":1251,"comment_status":"open","ping_status":"closed","sticky":false,"template":"","format":"standard","meta":{"_acf_changed":false,"footnotes":""},"categories":[1],"tags":[],"service_lie":[29],"type_contenu":[21],"class_list":["post-1230","post","type-post","status-publish","format-standard","has-post-thumbnail","hentry","category-uncategorized","service_lie-rh_payroll","type_contenu-actualites"],"acf":[],"_links":{"self":[{"href":"https:\/\/www.omnitrust.lu\/en\/wp-json\/wp\/v2\/posts\/1230","targetHints":{"allow":["GET"]}}],"collection":[{"href":"https:\/\/www.omnitrust.lu\/en\/wp-json\/wp\/v2\/posts"}],"about":[{"href":"https:\/\/www.omnitrust.lu\/en\/wp-json\/wp\/v2\/types\/post"}],"author":[{"embeddable":true,"href":"https:\/\/www.omnitrust.lu\/en\/wp-json\/wp\/v2\/users\/3"}],"replies":[{"embeddable":true,"href":"https:\/\/www.omnitrust.lu\/en\/wp-json\/wp\/v2\/comments?post=1230"}],"version-history":[{"count":1,"href":"https:\/\/www.omnitrust.lu\/en\/wp-json\/wp\/v2\/posts\/1230\/revisions"}],"predecessor-version":[{"id":1252,"href":"https:\/\/www.omnitrust.lu\/en\/wp-json\/wp\/v2\/posts\/1230\/revisions\/1252"}],"wp:featuredmedia":[{"embeddable":true,"href":"https:\/\/www.omnitrust.lu\/en\/wp-json\/wp\/v2\/media\/1251"}],"wp:attachment":[{"href":"https:\/\/www.omnitrust.lu\/en\/wp-json\/wp\/v2\/media?parent=1230"}],"wp:term":[{"taxonomy":"category","embeddable":true,"href":"https:\/\/www.omnitrust.lu\/en\/wp-json\/wp\/v2\/categories?post=1230"},{"taxonomy":"post_tag","embeddable":true,"href":"https:\/\/www.omnitrust.lu\/en\/wp-json\/wp\/v2\/tags?post=1230"},{"taxonomy":"service_lie","embeddable":true,"href":"https:\/\/www.omnitrust.lu\/en\/wp-json\/wp\/v2\/service_lie?post=1230"},{"taxonomy":"type_contenu","embeddable":true,"href":"https:\/\/www.omnitrust.lu\/en\/wp-json\/wp\/v2\/type_contenu?post=1230"}],"curies":[{"name":"wp","href":"https:\/\/api.w.org\/{rel}","templated":true}]}}