{"id":5172,"date":"2026-04-30T09:07:14","date_gmt":"2026-04-30T07:07:14","guid":{"rendered":"https:\/\/www.omnitrust.lu\/?p=5172"},"modified":"2026-04-30T09:11:24","modified_gmt":"2026-04-30T07:11:24","slug":"metiers-en-penurie-au-luxembourg-en-2026-comment-anticiper","status":"publish","type":"post","link":"https:\/\/www.omnitrust.lu\/en\/blog\/metiers-en-penurie-au-luxembourg-en-2026-comment-anticiper\/","title":{"rendered":"M\u00e9tiers en p\u00e9nurie au Luxembourg en 2026 : Comment anticiper\u00a0?"},"content":{"rendered":"<p><em>Chaque ann\u00e9e, l&rsquo;ADEM publie la liste officielle des m\u00e9tiers tr\u00e8s en p\u00e9nurie au Grand-Duch\u00e9. En 2026, 20 professions sont concern\u00e9es. En tant que fiduciaire, nous vous aidons \u00e0 en tirer parti.<\/em><\/p>\n\n\n\n<p><strong>20 m\u00e9tiers en tension en 2026<\/strong><\/p>\n\n\n\n<p>La liste 2026, \u00e9tablie sur la base des donn\u00e9es de l&rsquo;ann\u00e9e de r\u00e9f\u00e9rence 2025, recense 20 m\u00e9tiers tr\u00e8s en p\u00e9nurie, contre 22 l&rsquo;ann\u00e9e pr\u00e9c\u00e9dente. Ce recul ne traduit pas une d\u00e9tente du march\u00e9 du travail. La liste est actualis\u00e9e chaque premier trimestre sur la base de crit\u00e8res objectifs : le nombre de postes vacants d\u00e9clar\u00e9s \u00e0 l&rsquo;ADEM, le nombre de demandeurs d&#8217;emploi inscrits pour le m\u00eame m\u00e9tier, ainsi que la proportion de postes pour lesquels aucune mise en relation n&rsquo;a pu \u00eatre effectu\u00e9e. Les tensions demeurent structurelles.<\/p>\n\n\n\n<p><strong>Les m\u00e9tiers \u00abtr\u00e8s en p\u00e9nurie\u00bb en 2026<\/strong><\/p>\n\n\n\n<ol start=\"1\" class=\"wp-block-list\">\n<li>Analyse de cr\u00e9dits et risques bancaires<\/li>\n\n\n\n<li>Gestion de client\u00e8le bancaire<\/li>\n\n\n\n<li>Front office march\u00e9s financiers<\/li>\n\n\n\n<li>Pose et restauration de couvertures <em>(nouveau)<\/em><\/li>\n\n\n\n<li>Management et ing\u00e9nierie \u00e9tudes, recherche et d\u00e9veloppement industriel<\/li>\n\n\n\n<li>Management et ing\u00e9nierie qualit\u00e9 industrielle <em>(nouveau)<\/em><\/li>\n\n\n\n<li>Installation et maintenance d&rsquo;\u00e9quipements industriels et d&rsquo;exploitation <em>(nouveau)<\/em><\/li>\n\n\n\n<li>Maintenance m\u00e9canique industrielle<\/li>\n\n\n\n<li>R\u00e9paration de carrosserie<\/li>\n\n\n\n<li>Soins d&rsquo;hygi\u00e8ne, de confort du patient<\/li>\n\n\n\n<li>Soins infirmiers g\u00e9n\u00e9ralistes<\/li>\n\n\n\n<li>Action sociale<\/li>\n\n\n\n<li>\u00c9ducation de jeunes enfants<\/li>\n\n\n\n<li>Intervention socio\u00e9ducative<\/li>\n\n\n\n<li>D\u00e9fense et conseil juridique<\/li>\n\n\n\n<li>Analyse et ing\u00e9nierie financi\u00e8re<\/li>\n\n\n\n<li>Audit et contr\u00f4le comptables et financiers<\/li>\n\n\n\n<li>Administration de syst\u00e8mes d&rsquo;information<\/li>\n\n\n\n<li>Expertise et support technique en syst\u00e8mes d&rsquo;information<\/li>\n\n\n\n<li>\u00c9tudes et d\u00e9veloppement informatique<\/li>\n<\/ol>\n\n\n\n<p><em>Source : <a href=\"https:\/\/adem.public.lu\/dam-assets\/fr\/publications\/adem\/metiers-penurie.pdf\" target=\"_blank\" rel=\"noopener\">Journal Officiel du Grand-Duch\u00e9 de Luxembourg, M\u00e9morial B N\u00b0 1490 du 27 mars 2026<\/a><\/em><\/p>\n\n\n\n<p><strong>Recrutement hors Union europ\u00e9enne : un avantage concret et imm\u00e9diat<\/strong><\/p>\n\n\n\n<p>C&rsquo;est le b\u00e9n\u00e9fice le plus direct de cette liste pour les employeurs. Si le poste que vous cherchez \u00e0 pourvoir correspond \u00e0 l&rsquo;un des 20 m\u00e9tiers r\u00e9f\u00e9renc\u00e9s, vous pouvez recruter un ressortissant de pays tiers dans des d\u00e9lais consid\u00e9rablement r\u00e9duits. La demande de certificat de main-d&rsquo;\u0153uvre \u00e9trang\u00e8re peut \u00eatre introduite directement lors de la d\u00e9claration du poste vacant aupr\u00e8s de l&rsquo;ADEM, ou \u00e0 tout moment pendant la dur\u00e9e de validit\u00e9 de l&rsquo;offre. Lorsque le poste correspond \u00e0 un m\u00e9tier figurant sur la liste, le certificat est d\u00e9livr\u00e9 dans les 5 jours ouvrables suivant l&rsquo;accus\u00e9 de r\u00e9ception. En dehors de cette liste, les d\u00e9lais peuvent atteindre plusieurs mois, ce qui repr\u00e9sente un risque op\u00e9rationnel r\u00e9el pour votre entreprise. Cette proc\u00e9dure acc\u00e9l\u00e9r\u00e9e est un levier que peu d&#8217;employeurs utilisent pleinement, faute d&rsquo;un accompagnement adapt\u00e9. C&rsquo;est pr\u00e9cis\u00e9ment l\u00e0 que nous intervenons.<\/p>\n\n\n\n<p>La p\u00e9nurie s&rsquo;\u00e9tend \u00e0 l&rsquo;ensemble de la Grande R\u00e9gion, et le co\u00fbt de la vie au Luxembourg rend l&rsquo;attraction de profils frontaliers de plus en plus difficile. Dans ce contexte, anticiper ses besoins en recrutement n&rsquo;est plus une option mais une n\u00e9cessit\u00e9. D\u00e9clarer ses postes vacants aupr\u00e8s de l&rsquo;ADEM, identifier les m\u00e9tiers \u00e9ligibles aux proc\u00e9dures acc\u00e9l\u00e9r\u00e9es et structurer ses d\u00e9marches administratives en amont sont autant de r\u00e9flexes qui peuvent faire la diff\u00e9rence. Plus t\u00f4t vous agissez, plus vous pr\u00e9servez la continuit\u00e9 de votre activit\u00e9.<\/p>\n\n\n\n<p><\/p>","protected":false},"excerpt":{"rendered":"<p>Chaque ann\u00e9e, l&rsquo;ADEM publie la liste officielle des m\u00e9tiers tr\u00e8s en p\u00e9nurie au Grand-Duch\u00e9. En 2026, 20 professions sont concern\u00e9es. En tant que fiduciaire, nous vous aidons \u00e0 en tirer parti. 20 m\u00e9tiers en tension en 2026 La liste 2026, \u00e9tablie sur la base des donn\u00e9es de l&rsquo;ann\u00e9e de r\u00e9f\u00e9rence 2025, recense 20 m\u00e9tiers tr\u00e8s [&hellip;]<\/p>\n","protected":false},"author":3,"featured_media":5174,"comment_status":"open","ping_status":"closed","sticky":false,"template":"","format":"standard","meta":{"_acf_changed":false,"footnotes":""},"categories":[1],"tags":[],"service_lie":[29],"type_contenu":[21],"class_list":["post-5172","post","type-post","status-publish","format-standard","has-post-thumbnail","hentry","category-uncategorized","service_lie-rh_payroll","type_contenu-actualites"],"acf":[],"_links":{"self":[{"href":"https:\/\/www.omnitrust.lu\/en\/wp-json\/wp\/v2\/posts\/5172","targetHints":{"allow":["GET"]}}],"collection":[{"href":"https:\/\/www.omnitrust.lu\/en\/wp-json\/wp\/v2\/posts"}],"about":[{"href":"https:\/\/www.omnitrust.lu\/en\/wp-json\/wp\/v2\/types\/post"}],"author":[{"embeddable":true,"href":"https:\/\/www.omnitrust.lu\/en\/wp-json\/wp\/v2\/users\/3"}],"replies":[{"embeddable":true,"href":"https:\/\/www.omnitrust.lu\/en\/wp-json\/wp\/v2\/comments?post=5172"}],"version-history":[{"count":1,"href":"https:\/\/www.omnitrust.lu\/en\/wp-json\/wp\/v2\/posts\/5172\/revisions"}],"predecessor-version":[{"id":5173,"href":"https:\/\/www.omnitrust.lu\/en\/wp-json\/wp\/v2\/posts\/5172\/revisions\/5173"}],"wp:featuredmedia":[{"embeddable":true,"href":"https:\/\/www.omnitrust.lu\/en\/wp-json\/wp\/v2\/media\/5174"}],"wp:attachment":[{"href":"https:\/\/www.omnitrust.lu\/en\/wp-json\/wp\/v2\/media?parent=5172"}],"wp:term":[{"taxonomy":"category","embeddable":true,"href":"https:\/\/www.omnitrust.lu\/en\/wp-json\/wp\/v2\/categories?post=5172"},{"taxonomy":"post_tag","embeddable":true,"href":"https:\/\/www.omnitrust.lu\/en\/wp-json\/wp\/v2\/tags?post=5172"},{"taxonomy":"service_lie","embeddable":true,"href":"https:\/\/www.omnitrust.lu\/en\/wp-json\/wp\/v2\/service_lie?post=5172"},{"taxonomy":"type_contenu","embeddable":true,"href":"https:\/\/www.omnitrust.lu\/en\/wp-json\/wp\/v2\/type_contenu?post=5172"}],"curies":[{"name":"wp","href":"https:\/\/api.w.org\/{rel}","templated":true}]}}