{"id":5175,"date":"2026-04-30T09:18:32","date_gmt":"2026-04-30T07:18:32","guid":{"rendered":"https:\/\/www.omnitrust.lu\/?p=5175"},"modified":"2026-04-30T09:18:33","modified_gmt":"2026-04-30T07:18:33","slug":"loi-du-3-mars-2026-ce-qui-change-pour-les-employeurs-au-luxembourg-en-matiere-de-restructuration-et-demploi","status":"publish","type":"post","link":"https:\/\/www.omnitrust.lu\/en\/blog\/loi-du-3-mars-2026-ce-qui-change-pour-les-employeurs-au-luxembourg-en-matiere-de-restructuration-et-demploi\/","title":{"rendered":"Loi du 3 mars 2026 : ce qui change pour les employeurs au Luxembourg en mati\u00e8re de restructuration et d&#8217;emploi"},"content":{"rendered":"<p>Une nouvelle loi publi\u00e9e au Journal Officiel du Grand-Duch\u00e9 le 6 mars 2026 modifie le Code du travail luxembourgeois sur un point pr\u00e9cis mais important : les Plans de Maintien dans l&rsquo;Emploi (PME). Objectif affich\u00e9 du l\u00e9gislateur, renforcer le caract\u00e8re pr\u00e9ventif de cet outil et lui donner enfin une assise l\u00e9gale solide sur le volet formation.<\/p>\n\n\n\n<p><strong>Le PME, c&rsquo;est quoi exactement ?<\/strong><\/p>\n\n\n\n<p>Avant d&rsquo;entrer dans le d\u00e9tail des changements, un rappel utile. Le Plan de Maintien dans l&rsquo;Emploi est un accord conclu entre l&#8217;employeur et les repr\u00e9sentants des salari\u00e9s d\u00e8s lors que des signaux \u00e9conomiques n\u00e9gatifs apparaissent dans l&rsquo;entreprise. L&rsquo;id\u00e9e est d&rsquo;agir en amont, avant les licenciements, avant le plan social, pour organiser des transitions professionnelles sans passer par la case ch\u00f4mage.<\/p>\n\n\n\n<p>L&rsquo;obligation de l&rsquo;activer se d\u00e9clenche \u00e0 partir du moment o\u00f9 le Comit\u00e9 de conjoncture enregistre 5 licenciements \u00e9conomiques sur 3 mois cons\u00e9cutifs, ou 8 sur une p\u00e9riode de 6 mois. C&rsquo;est un seuil relativement bas, qui concerne donc bon nombre d&rsquo;entreprises de taille interm\u00e9diaire.<\/p>\n\n\n\n<p><strong>Ce que la loi change concr\u00e8tement<\/strong><\/p>\n\n\n\n<p><strong>Un suivi renforc\u00e9 des PME existants<\/strong><\/p>\n\n\n\n<p>Jusqu&rsquo;ici, une fois le plan sign\u00e9 et homologu\u00e9, les entreprises n&rsquo;avaient pas d&rsquo;obligation formelle de rendre des comptes sur son ex\u00e9cution r\u00e9elle. La nouvelle loi comble ce vide.<\/p>\n\n\n\n<p>Le Comit\u00e9 de conjoncture peut d\u00e9sormais adresser une demande \u00e9crite aux parties signataires pour obtenir un bilan complet de la mise en \u0153uvre du PME : quelles mesures ont effectivement \u00e9t\u00e9 appliqu\u00e9es, combien de salari\u00e9s ont \u00e9t\u00e9 touch\u00e9s par chacune d&rsquo;elles, quels moyens propres l&rsquo;entreprise a investis, et comment les \u00e9ventuelles aides publiques per\u00e7ues ont \u00e9t\u00e9 utilis\u00e9es.<\/p>\n\n\n\n<p>Ce rapport doit \u00eatre transmis dans un d\u00e9lai d&rsquo;un mois \u00e0 compter de la r\u00e9ception de la demande. En cas de refus de coop\u00e9rer, ou si les informations communiqu\u00e9es s&rsquo;av\u00e8rent d\u00e9lib\u00e9r\u00e9ment inexactes, la sanction est s\u00e9v\u00e8re : le ministre de l&rsquo;Emploi peut retirer l&rsquo;homologation du plan sur avis du Comit\u00e9. Concr\u00e8tement, toute la protection juridique attach\u00e9e au PME dispara\u00eet, une cons\u00e9quence \u00e0 ne pas prendre \u00e0 la l\u00e9g\u00e8re.<\/p>\n\n\n\n<p><strong>Un cofinancement public des formations enfin formalis\u00e9<\/strong><\/p>\n\n\n\n<p>C&rsquo;est probablement la mesure la plus attendue des RH. Le Fonds pour l&#8217;emploi peut d\u00e9sormais cofinancer les formations organis\u00e9es dans le cadre d&rsquo;un PME, sur une base l\u00e9gale claire. Ce m\u00e9canisme existait d\u00e9j\u00e0 en pratique, mais sans fondement juridique solide, ce qui cr\u00e9ait une ins\u00e9curit\u00e9 r\u00e9elle pour les employeurs qui y avaient recours.<\/p>\n\n\n\n<p>Le taux de prise en charge varie selon la destination de la formation : 50 % des frais r\u00e9els lorsque la formation vise un nouveau poste au sein de la m\u00eame entreprise, et 100 % lorsqu&rsquo;elle pr\u00e9pare le salari\u00e9 \u00e0 un emploi chez un autre employeur.<\/p>\n\n\n\n<p>Les d\u00e9penses \u00e9ligibles au remboursement couvrent les droits d&rsquo;inscription, le co\u00fbt salarial des formateurs internes, le mat\u00e9riel p\u00e9dagogique utilis\u00e9 par le salari\u00e9, ainsi que la location de salles pour les formations organis\u00e9es en interne. Deux plafonds s&rsquo;appliquent : la formation ne peut pas d\u00e9passer 480 heures, et son co\u00fbt total ne doit pas exc\u00e9der 20 000 euros.<\/p>\n\n\n\n<p>Certaines cat\u00e9gories de formations sont explicitement exclues, notamment celles d\u00e9j\u00e0 prises en charge dans le cadre d&rsquo;un plan de formation classique, celles relevant du cong\u00e9 linguistique, ou encore celles financ\u00e9es par le minist\u00e8re de la Formation professionnelle.<\/p>\n\n\n\n<p><strong>Les deux d\u00e9lais \u00e0 absolument respecter<\/strong><\/p>\n\n\n\n<p>C&rsquo;est ici que se jouent beaucoup d&rsquo;erreurs en pratique. La loi impose deux d\u00e9lais qualifi\u00e9s de forclusion, terme juridique signifiant que leur non-respect entra\u00eene la perte d\u00e9finitive du droit, sans possibilit\u00e9 de r\u00e9gularisation ni de recours.<\/p>\n\n\n\n<p>Le premier : la demande de cofinancement doit \u00eatre d\u00e9pos\u00e9e aupr\u00e8s du ministre de l&rsquo;Emploi avant le d\u00e9but effectif de la formation. Une formation commenc\u00e9e sans demande pr\u00e9alable ne sera tout simplement pas rembours\u00e9e, quelle que soit la situation.<\/p>\n\n\n\n<p>Le second : une fois la formation termin\u00e9e, l&#8217;employeur dispose de 40 jours pour adresser sa demande de remboursement par lettre recommand\u00e9e. Pass\u00e9 ce d\u00e9lai, les frais restent int\u00e9gralement \u00e0 sa charge.<\/p>\n\n\n\n<p>Un dernier point sur la r\u00e9partition des co\u00fbts en cas d&rsquo;interruption : si le salari\u00e9 est licenci\u00e9 pour faute grave avant la fin de la formation, les frais non couverts lui incombent. Si l&rsquo;interruption r\u00e9sulte d&rsquo;un licenciement \u00e9conomique, c&rsquo;est l&#8217;employeur qui en supporte la charge.<\/p>\n\n\n\n<p><strong>Ce qu&rsquo;il faut retenir pour votre entreprise<\/strong><\/p>\n\n\n\n<p>Cette loi repr\u00e9sente une r\u00e9elle opportunit\u00e9 pour les entreprises luxembourgeoises traversant des difficult\u00e9s \u00e9conomiques : un levier de financement significatif pour accompagner la reconversion des salari\u00e9s, coupl\u00e9 \u00e0 une s\u00e9curisation juridique de la d\u00e9marche. Mais elle exige aussi une gestion plus rigoureuse des plans sign\u00e9s et une anticipation accrue des proc\u00e9dures administratives.<\/p>\n\n\n\n<p>La recommandation est simple : ne pas attendre d&rsquo;\u00eatre en situation de crise pour structurer un PME, et int\u00e9grer les demandes de cofinancement d\u00e8s la conception du plan de formation, pas en fin de parcours.<\/p>\n\n\n\n<p><em>Cet article est fourni \u00e0 titre informatif et ne constitue pas un conseil juridique.<\/em><\/p>","protected":false},"excerpt":{"rendered":"<p>Une nouvelle loi publi\u00e9e au Journal Officiel du Grand-Duch\u00e9 le 6 mars 2026 modifie le Code du travail luxembourgeois sur un point pr\u00e9cis mais important : les Plans de Maintien dans l&rsquo;Emploi (PME). Objectif affich\u00e9 du l\u00e9gislateur, renforcer le caract\u00e8re pr\u00e9ventif de cet outil et lui donner enfin une assise l\u00e9gale solide sur le volet [&hellip;]<\/p>\n","protected":false},"author":3,"featured_media":2921,"comment_status":"open","ping_status":"closed","sticky":false,"template":"","format":"standard","meta":{"_acf_changed":false,"footnotes":""},"categories":[1],"tags":[],"service_lie":[29],"type_contenu":[21],"class_list":["post-5175","post","type-post","status-publish","format-standard","has-post-thumbnail","hentry","category-uncategorized","service_lie-rh_payroll","type_contenu-actualites"],"acf":[],"_links":{"self":[{"href":"https:\/\/www.omnitrust.lu\/en\/wp-json\/wp\/v2\/posts\/5175","targetHints":{"allow":["GET"]}}],"collection":[{"href":"https:\/\/www.omnitrust.lu\/en\/wp-json\/wp\/v2\/posts"}],"about":[{"href":"https:\/\/www.omnitrust.lu\/en\/wp-json\/wp\/v2\/types\/post"}],"author":[{"embeddable":true,"href":"https:\/\/www.omnitrust.lu\/en\/wp-json\/wp\/v2\/users\/3"}],"replies":[{"embeddable":true,"href":"https:\/\/www.omnitrust.lu\/en\/wp-json\/wp\/v2\/comments?post=5175"}],"version-history":[{"count":1,"href":"https:\/\/www.omnitrust.lu\/en\/wp-json\/wp\/v2\/posts\/5175\/revisions"}],"predecessor-version":[{"id":5176,"href":"https:\/\/www.omnitrust.lu\/en\/wp-json\/wp\/v2\/posts\/5175\/revisions\/5176"}],"wp:featuredmedia":[{"embeddable":true,"href":"https:\/\/www.omnitrust.lu\/en\/wp-json\/wp\/v2\/media\/2921"}],"wp:attachment":[{"href":"https:\/\/www.omnitrust.lu\/en\/wp-json\/wp\/v2\/media?parent=5175"}],"wp:term":[{"taxonomy":"category","embeddable":true,"href":"https:\/\/www.omnitrust.lu\/en\/wp-json\/wp\/v2\/categories?post=5175"},{"taxonomy":"post_tag","embeddable":true,"href":"https:\/\/www.omnitrust.lu\/en\/wp-json\/wp\/v2\/tags?post=5175"},{"taxonomy":"service_lie","embeddable":true,"href":"https:\/\/www.omnitrust.lu\/en\/wp-json\/wp\/v2\/service_lie?post=5175"},{"taxonomy":"type_contenu","embeddable":true,"href":"https:\/\/www.omnitrust.lu\/en\/wp-json\/wp\/v2\/type_contenu?post=5175"}],"curies":[{"name":"wp","href":"https:\/\/api.w.org\/{rel}","templated":true}]}}