{"id":1151,"date":"2025-10-22T12:19:37","date_gmt":"2025-10-22T12:19:37","guid":{"rendered":"https:\/\/omnitrust.lu\/comment-gerer-la-tva-pour-votre-entreprise-au-luxembourg\/"},"modified":"2026-03-19T09:39:16","modified_gmt":"2026-03-19T09:39:16","slug":"gerer-votre-tva-au-luxembourg","status":"publish","type":"post","link":"https:\/\/www.omnitrust.lu\/fr\/blog\/gerer-votre-tva-au-luxembourg\/","title":{"rendered":"Comment g\u00e9rer la TVA pour votre entreprise au Luxembourg ?"},"content":{"rendered":"<p><span style=\"font-size:11pt\"><span style=\"font-family:Arial,sans-serif\"><span style=\"color:#000000\">La taxe sur la valeur ajout\u00e9e (TVA) fait partie int\u00e9grante de la vie de toute entreprise luxembourgeoise, qu\u2019il s\u2019agisse d\u2019une startup, d\u2019une PME ou d\u2019une soci\u00e9t\u00e9 plus \u00e9tablie. Pourtant, sa gestion reste souvent source de confusion et d\u2019erreurs, en particulier lorsqu\u2019il s\u2019agit de choisir un r\u00e9gime d\u00e9claratif adapt\u00e9, de respecter les d\u00e9lais ou d\u2019appliquer les bons taux.<\/span><\/span><\/span><\/p>\n<p><span style=\"font-size:11pt\"><span style=\"font-family:Arial,sans-serif\"><span style=\"color:#000000\">Au Luxembourg, la TVA est encadr\u00e9e par l\u2019<\/span><\/span><\/span><span style=\"font-size:11pt\"><span style=\"font-family:Arial,sans-serif\"><span style=\"color:#000000\"><strong>Administration de l\u2019enregistrement, des domaines et de la TVA (AED)<\/strong><\/span><\/span><\/span><span style=\"font-size:11pt\"><span style=\"font-family:Arial,sans-serif\"><span style=\"color:#000000\">, qui impose des r\u00e8gles strictes en mati\u00e8re de d\u00e9claration, de facturation et de r\u00e9cup\u00e9ration. Une bonne ma\u00eetrise de ces obligations permet non seulement d\u2019\u00e9viter des sanctions, mais aussi d\u2019optimiser la tr\u00e9sorerie de votre entreprise.<\/span><\/span><\/span><\/p>\n<p><span style=\"font-size:11pt\"><span style=\"font-family:Arial,sans-serif\"><span style=\"color:#000000\">Dans cet article, Omnitrust vous propose une synth\u00e8se claire et concr\u00e8te pour comprendre la TVA au Luxembourg : ses r\u00e8gles de base, les choix \u00e0 faire en mati\u00e8re de d\u00e9claration, vos obligations administratives, ainsi que les solutions d\u2019accompagnement pour assurer une gestion conforme et sereine.<\/span><\/span><\/span><\/p>\n<h2><span style=\"font-size:20pt\"><span style=\"font-family:Arial,sans-serif\"><span style=\"color:#000000\">1. La TVA au Luxembourg : cadre g\u00e9n\u00e9ral et principes de base<\/span><\/span><\/span><\/h2>\n<ol>\n<li style=\"list-style-type:decimal\">\n<h3 style=\"font-style:normal\"><span style=\"font-size:16pt\"><span style=\"font-family:Arial,sans-serif\"><span style=\"color:#000000\">D\u00e9finition et fonctionnement de la TVA<\/span><\/span><\/span><\/h3>\n<\/li>\n<\/ol>\n<h3><span style=\"font-size:16pt\"><span style=\"font-family:Arial,sans-serif\"><span style=\"color:#000000\">D\u00e9finition et fonctionnement de la TVA<\/span><\/span><\/span><\/h3>\n<p><span style=\"font-size:11pt\"><span style=\"font-family:Arial,sans-serif\"><span style=\"color:#000000\">La TVA (taxe sur la valeur ajout\u00e9e) est un imp\u00f4t indirect appliqu\u00e9 sur la consommation de biens et de services. Chaque entreprise situ\u00e9e au Luxembourg, d\u00e8s lors qu\u2019elle exerce une activit\u00e9 \u00e9conomique, peut \u00eatre concern\u00e9e par cette taxe, qu\u2019elle collecte au nom de l\u2019\u00c9tat et reverse \u00e0 l\u2019<\/span><\/span><\/span><a href=\"https:\/\/aed.gouvernement.lu\/fr.html\" style=\"text-decoration:none\" target=\"_blank\" rel=\"noopener\"><span style=\"font-size:11pt\"><span style=\"font-family:Arial,sans-serif\"><span style=\"color:#1155cc\"><strong><u>Administration de l\u2019enregistrement, des domaines et de la TVA (AED)<\/u><\/strong><\/span><\/span><\/span><\/a><span style=\"font-size:11pt\"><span style=\"font-family:Arial,sans-serif\"><span style=\"color:#000000\">.<\/span><\/span><\/span><\/p>\n<p><span style=\"font-size:11pt\"><span style=\"font-family:Arial,sans-serif\"><span style=\"color:#000000\">Concr\u00e8tement, la TVA est un imp\u00f4t indirect subi par le consommateur final (vous et moi ou des entreprises non soumises \u00e0 tva).<\/span><\/span><\/span><\/p>\n<p><span style=\"font-size:11pt\"><span style=\"font-family:Arial,sans-serif\"><span style=\"color:#000000\">L\u2019entreprise est l\u2019agent collecteur de la TVA pour compte de l\u2019Etat. L\u2019entreprise encaisse la TVA sur ses Ventes (Tva collect\u00e9e \/ Tva en aval). En contrepartie \u00e0 cela, l\u2019entreprise peut d\u00e9duire la TVA sur ses achats et frais g\u00e9n\u00e9raux (Tva d\u00e9ductible \/ Tva en amont). Le solde ressortant de la compensation entre la TVA collect\u00e9e (due) et la TVA d\u00e9ductible sera \u00e0 payer par l\u2019entreprise \u00e0 l\u2019AED ou bien \u00e0 reporter sur la prochaine \u00e9ch\u00e9ance le cas \u00e9ch\u00e9ant.<\/span><\/span><\/span><\/p>\n<p><span style=\"font-size:11pt\"><span style=\"font-family:Arial,sans-serif\"><span style=\"color:#000000\">Il est important de garder en t\u00eate que la TVA n\u2019appartient pas \u00e0 l\u2019entreprise\u00a0 mais \u00e0 l&rsquo;\u00c9tat.<\/span><\/span><\/span><\/p>\n<ol>\n<li style=\"list-style-type:decimal\">\n<h3 style=\"font-style:normal\"><span style=\"font-size:16pt\"><span style=\"font-family:Arial,sans-serif\"><span style=\"color:#000000\">Taux de TVA en vigueur<\/span><\/span><\/span><\/h3>\n<\/li>\n<\/ol>\n<h3><span style=\"font-size:16pt\"><span style=\"font-family:Arial,sans-serif\"><span style=\"color:#000000\">Taux de TVA en vigueur<\/span><\/span><\/span><\/h3>\n<p><span style=\"font-size:11pt\"><span style=\"font-family:Arial,sans-serif\"><span style=\"color:#000000\">Le Luxembourg applique plusieurs taux de TVA, en fonction de la nature des biens ou services :<\/span><\/span><\/span><\/p>\n<ul>\n<li style=\"list-style-type:disc\"><span style=\"font-size:11pt\"><span style=\"font-family:Arial,sans-serif\"><span style=\"color:#000000\">Taux normal : 17\u202f%<\/span><\/span><\/span><br \/>\n\t\u00a0<\/br><\/li>\n<li style=\"list-style-type:disc\"><span style=\"font-size:11pt\"><span style=\"font-family:Arial,sans-serif\"><span style=\"color:#000000\">Taux interm\u00e9diaire : 14\u202f% (ex : certains produits \u00e9nerg\u00e9tiques ou prestations sp\u00e9cifiques)<\/span><\/span><\/span><br \/>\n\t\u00a0<\/li>\n<li style=\"list-style-type:disc\"><span style=\"font-size:11pt\"><span style=\"font-family:Arial,sans-serif\"><span style=\"color:#000000\">Taux r\u00e9duit : 8 % (ex : restauration, logement social)<\/span><\/span><\/span><br \/>\n\t\u00a0<\/li>\n<li style=\"list-style-type:disc\"><span style=\"font-size:11pt\"><span style=\"font-family:Arial,sans-serif\"><span style=\"color:#000000\">Taux super r\u00e9duit : 3 % (ex : produits alimentaires, livres, m\u00e9dicaments)<\/span><\/span><\/span><br \/>\n\t\u00a0<\/li>\n<\/ul>\n<p><span style=\"font-size:11pt\"><span style=\"font-family:Arial,sans-serif\"><span style=\"color:#000000\">La liste compl\u00e8te des taux applicables est disponible sur le site officiel de l\u2019AED, qui pr\u00e9cise \u00e9galement les cas particuliers.<\/span><\/span><\/span><\/p>\n<ol>\n<li style=\"list-style-type:decimal\">\n<h3 style=\"font-style:normal\"><span style=\"font-size:16pt\"><span style=\"font-family:Arial,sans-serif\"><span style=\"color:#000000\">Entreprises concern\u00e9es par la TVA<\/span><\/span><\/span><\/h3>\n<\/li>\n<\/ol>\n<h3><span style=\"font-size:16pt\"><span style=\"font-family:Arial,sans-serif\"><span style=\"color:#000000\">Entreprises concern\u00e9es par la TVA<\/span><\/span><\/span><\/h3>\n<p><span style=\"font-size:11pt\"><span style=\"font-family:Arial,sans-serif\"><span style=\"color:#000000\">Toute entreprise ou travailleur ind\u00e9pendant exer\u00e7ant une activit\u00e9 \u00e9conomique est en principe assujetti \u00e0 la TVA, sauf exon\u00e9ration sp\u00e9cifique (ex : certaines professions m\u00e9dicales ou \u00e9ducatives). Il est imp\u00e9ratif de d\u00e9terminer, d\u00e8s le d\u00e9marrage de l\u2019activit\u00e9, si votre entreprise est soumise \u00e0 TVA (assujettissement \u00e0 la TVA) ou non.\u00a0 Ceci d\u00e9terminera si votre entreprise doit demander un num\u00e9ro de TVA luxembourgeois et sous quel r\u00e9gime elle doit d\u00e9clarer.<\/span><\/span><\/span><\/p>\n<p><span style=\"font-size:11pt\"><span style=\"font-family:Arial,sans-serif\"><span style=\"color:#000000\">Certaines activit\u00e9s peuvent relever du r\u00e9gime dit de la franchise de TVA si leur chiffre d\u2019affaires reste en dessous d\u2019un seuil annuel d\u00e9fini par l\u2019AED. Ce r\u00e9gime dispense de facturer la TVA, mais limite \u00e9galement le droit \u00e0 d\u00e9duction. L\u2019obligation d\u2019\u00eatre enregistr\u00e9 \u00e0 la TVA demeure malgr\u00e9 tout.<\/span><\/span><\/span><\/p>\n<h2><span style=\"font-size:20pt\"><span style=\"font-family:Arial,sans-serif\"><span style=\"color:#000000\">2. Choisir le bon r\u00e9gime d\u00e9claratif : mensuel, trimestriel ou annuel ?<\/span><\/span><\/span><\/h2>\n<p><span style=\"font-size:11pt\"><span style=\"font-family:Arial,sans-serif\"><span style=\"color:#000000\">Le choix du r\u00e9gime d\u00e9claratif de TVA d\u00e9pend du chiffre d\u2019affaires r\u00e9alis\u00e9 par votre entreprise au Luxembourg. Il ne s\u2019agit pas d\u2019une option libre : la p\u00e9riodicit\u00e9 des d\u00e9clarations est d\u00e9finie par l\u2019<\/span><\/span><\/span><span style=\"font-size:11pt\"><span style=\"font-family:Arial,sans-serif\"><span style=\"color:#000000\"><strong>Administration de l\u2019enregistrement, des domaines et de la TVA (AED)<\/strong><\/span><\/span><\/span><span style=\"font-size:11pt\"><span style=\"font-family:Arial,sans-serif\"><span style=\"color:#000000\"> en fonction de seuils bien pr\u00e9cis. Une bonne compr\u00e9hension de ces r\u00e9gimes permet d\u2019\u00e9viter les erreurs de d\u00e9claration et les p\u00e9nalit\u00e9s.<\/span><\/span><\/span><\/p>\n<ol>\n<li style=\"list-style-type:decimal\">\n<h3 style=\"font-style:normal\"><span style=\"font-size:16pt\"><span style=\"font-family:Arial,sans-serif\"><span style=\"color:#000000\">Les trois r\u00e9gimes d\u00e9claratifs pr\u00e9vus par l\u2019AED<\/span><\/span><\/span><\/h3>\n<\/li>\n<\/ol>\n<h3><span style=\"font-size:16pt\"><span style=\"font-family:Arial,sans-serif\"><span style=\"color:#000000\">Les trois r\u00e9gimes d\u00e9claratifs pr\u00e9vus par l\u2019AED<\/span><\/span><\/span><\/h3>\n<ul>\n<li style=\"list-style-type:disc\"><span style=\"font-size:11pt\"><span style=\"font-family:Arial,sans-serif\"><span style=\"color:#000000\"><strong>R\u00e9gime annuel<\/strong><\/span><\/span><\/span><span style=\"font-size:11pt\"><span style=\"font-family:Arial,sans-serif\"><span style=\"color:#000000\"> : pour les entreprises dont le CA annuel est <\/span><\/span><\/span><span style=\"font-size:11pt\"><span style=\"font-family:Arial,sans-serif\"><span style=\"color:#000000\"><strong>inf\u00e9rieur ou \u00e9gal \u00e0 112\u202f000 \u20ac HT<\/strong><\/span><\/span><\/span><span style=\"font-size:11pt\"><span style=\"font-family:Arial,sans-serif\"><span style=\"color:#000000\">.<\/span><\/span><\/span><br \/>\n<span style=\"font-size:11pt\"><span style=\"font-family:Arial,sans-serif\"><span style=\"color:#000000\">\u2192 Une d\u00e9claration unique \u00e0 remettre <\/span><\/span><\/span><span style=\"font-size:11pt\"><span style=\"font-family:Arial,sans-serif\"><span style=\"color:#000000\"><strong>avant le 1\u1d49\u02b3 mars<\/strong><\/span><\/span><\/span><span style=\"font-size:11pt\"><span style=\"font-family:Arial,sans-serif\"><span style=\"color:#000000\"> de l\u2019ann\u00e9e suivante.<\/span><\/span><\/span><br \/>\n\t\u00a0<\/li>\n<li style=\"list-style-type:disc\"><span style=\"font-size:11pt\"><span style=\"font-family:Arial,sans-serif\"><span style=\"color:#000000\"><strong>R\u00e9gime trimestriel<\/strong><\/span><\/span><\/span><span style=\"font-size:11pt\"><span style=\"font-family:Arial,sans-serif\"><span style=\"color:#000000\"> : pour un CA <\/span><\/span><\/span><span style=\"font-size:11pt\"><span style=\"font-family:Arial,sans-serif\"><span style=\"color:#000000\"><strong>compris entre 112\u202f000 \u20ac et 620\u202f000 \u20ac HT<\/strong><\/span><\/span><\/span><span style=\"font-size:11pt\"><span style=\"font-family:Arial,sans-serif\"><span style=\"color:#000000\">.<\/span><\/span><\/span><br \/>\n<span style=\"font-size:11pt\"><span style=\"font-family:Arial,sans-serif\"><span style=\"color:#000000\">\u2192 D\u00e9clarations trimestrielles \u00e0 remettre <\/span><\/span><\/span><span style=\"font-size:11pt\"><span style=\"font-family:Arial,sans-serif\"><span style=\"color:#000000\"><strong>avant le 15\u1d49 jour<\/strong><\/span><\/span><\/span><span style=\"font-size:11pt\"><span style=\"font-family:Arial,sans-serif\"><span style=\"color:#000000\"> du mois suivant chaque trimestre.<\/span><\/span><\/span><br \/>\n<span style=\"font-size:11pt\"><span style=\"font-family:Arial,sans-serif\"><span style=\"color:#000000\">\u2192 Une <\/span><\/span><\/span><span style=\"font-size:11pt\"><span style=\"font-family:Arial,sans-serif\"><span style=\"color:#000000\"><strong>d\u00e9claration annuelle r\u00e9capitulative<\/strong><\/span><\/span><\/span><span style=\"font-size:11pt\"><span style=\"font-family:Arial,sans-serif\"><span style=\"color:#000000\"> est exig\u00e9e avant le 1\u1d49\u02b3 mai de l\u2019ann\u00e9e suivante.<\/span><\/span><\/span><br \/>\n\t\u00a0<\/li>\n<li style=\"list-style-type:disc\"><span style=\"font-size:11pt\"><span style=\"font-family:Arial,sans-serif\"><span style=\"color:#000000\"><strong>R\u00e9gime mensuel<\/strong><\/span><\/span><\/span><span style=\"font-size:11pt\"><span style=\"font-family:Arial,sans-serif\"><span style=\"color:#000000\"> : obligatoire pour un CA <\/span><\/span><\/span><span style=\"font-size:11pt\"><span style=\"font-family:Arial,sans-serif\"><span style=\"color:#000000\"><strong>sup\u00e9rieur \u00e0 620\u202f000 \u20ac HT<\/strong><\/span><\/span><\/span><span style=\"font-size:11pt\"><span style=\"font-family:Arial,sans-serif\"><span style=\"color:#000000\">.<\/span><\/span><\/span><br \/>\n<span style=\"font-size:11pt\"><span style=\"font-family:Arial,sans-serif\"><span style=\"color:#000000\">\u2192 D\u00e9claration \u00e0 remettre <\/span><\/span><\/span><span style=\"font-size:11pt\"><span style=\"font-family:Arial,sans-serif\"><span style=\"color:#000000\"><strong>chaque mois<\/strong><\/span><\/span><\/span><span style=\"font-size:11pt\"><span style=\"font-family:Arial,sans-serif\"><span style=\"color:#000000\">, au plus tard le <\/span><\/span><\/span><span style=\"font-size:11pt\"><span style=\"font-family:Arial,sans-serif\"><span style=\"color:#000000\"><strong>15\u1d49 jour du mois suivant<\/strong><\/span><\/span><\/span><span style=\"font-size:11pt\"><span style=\"font-family:Arial,sans-serif\"><span style=\"color:#000000\">.<\/span><\/span><\/span><br \/>\n<span style=\"font-size:11pt\"><span style=\"font-family:Arial,sans-serif\"><span style=\"color:#000000\">\u2192 Une d\u00e9claration annuelle r\u00e9capitulative est \u00e9galement requise avant le 1\u1d49\u02b3 mai de l\u2019ann\u00e9e suivante.<\/span><\/span><\/span><\/li>\n<\/ul>\n<p><span style=\"font-size:11pt\"><span style=\"font-family:Arial,sans-serif\"><span style=\"color:#000000\">Il est tr\u00e8s important de comprendre\u00a0 que l\u2019\u00e9tablissement de d\u00e9clarations p\u00e9riodiques ne dispense pas d\u2019\u00e9tablir une d\u00e9claration annuelle.<\/span><\/span><\/span><\/p>\n<p><span style=\"font-size:11pt\"><span style=\"font-family:Arial,sans-serif\"><span style=\"color:#000000\">Les d\u00e9clarations p\u00e9riodiques ont comme but de calculer des \u201cacomptes\u201d ou des \u201cavances p\u00e9riodiques\u201d de TVA pour l\u2019ann\u00e9e civile concern\u00e9e et \u00e9viter un solde de tva \u00e0 payer trop important lors du d\u00e9p\u00f4t de la d\u00e9claration annuelle.\u00a0<\/span><\/span><\/span><\/p>\n<p><span style=\"font-size:11pt\"><span style=\"font-family:Arial,sans-serif\"><span style=\"color:#000000\">Depuis le 1\u1d49\u02b3\u202fjanvier\u202f2020, toutes les d\u00e9clarations (mensuelles, trimestrielles, annuelles) sont \u00e0 d\u00e9poser <\/span><\/span><\/span><span style=\"font-size:11pt\"><span style=\"font-family:Arial,sans-serif\"><span style=\"color:#000000\"><strong>en ligne via eCDF sur MyGuichet.lu<\/strong><\/span><\/span><\/span><\/p>\n<ol>\n<li style=\"list-style-type:decimal\">\n<h3 style=\"font-style:normal\"><span style=\"font-size:16pt\"><span style=\"font-family:Arial,sans-serif\"><span style=\"color:#000000\">Comment votre r\u00e9gime est-il d\u00e9termin\u00e9 ?<\/span><\/span><\/span><\/h3>\n<\/li>\n<\/ol>\n<h3><span style=\"font-size:16pt\"><span style=\"font-family:Arial,sans-serif\"><span style=\"color:#000000\">Comment votre r\u00e9gime est-il d\u00e9termin\u00e9 ?<\/span><\/span><\/span><\/h3>\n<p><span style=\"font-size:11pt\"><span style=\"font-family:Arial,sans-serif\"><span style=\"color:#000000\">Lors de l\u2019immatriculation \u00e0 la TVA, vous devez fournir une estimation r\u00e9aliste de votre chiffre d\u2019affaires annuel. C\u2019est sur cette base que l\u2019AED affecte automatiquement votre entreprise au bon r\u00e9gime.<\/span><\/span><\/span><\/p>\n<p><span style=\"font-size:11pt\"><span style=\"font-family:Arial,sans-serif\"><span style=\"color:#000000\">Le r\u00e9gime peut \u00eatre\u00a0 modifi\u00e9 et adapat\u00e9 au lieu de r\u00e9\u00e9valu\u00e9 d\u2019office chaque ann\u00e9e selon l\u2019activit\u00e9 r\u00e9elle (en g\u00e9n\u00e9ral apr\u00e8s le 1er exercice et sur la base de la derni\u00e8re d\u00e9claration annuelle d\u00e9pos\u00e9e), ou \u00e0 votre demande si votre CA \u00e9volue.<\/span><\/span><\/span><\/p>\n<ol>\n<li style=\"list-style-type:decimal\">\n<h2 style=\"font-style:normal\"><span style=\"font-size:16pt\"><span style=\"font-family:Arial,sans-serif\"><span style=\"color:#000000\">Bien choisir pour mieux g\u00e9rer<\/span><\/span><\/span><\/h2>\n<\/li>\n<\/ol>\n<h2><span style=\"font-size:16pt\"><span style=\"font-family:Arial,sans-serif\"><span style=\"color:#000000\">Bien choisir pour mieux g\u00e9rer<\/span><\/span><\/span><\/h2>\n<p><span style=\"font-size:11pt\"><span style=\"font-family:Arial,sans-serif\"><span style=\"color:#000000\">M\u00eame si le r\u00e9gime d\u00e9pend l\u00e9galement du chiffre d\u2019affaires, il reste strat\u00e9gique de bien anticiper votre situation :<\/span><\/span><\/span><\/p>\n<ul>\n<li style=\"list-style-type:disc\"><span style=\"font-size:11pt\"><span style=\"font-family:Arial,sans-serif\"><span style=\"color:#000000\">Une entreprise en croissance rapide peut passer du r\u00e9gime annuel \u00e0 trimestriel, puis mensuel.<\/span><\/span><\/span><br \/>\n\t\u00a0<\/li>\n<li style=\"list-style-type:disc\"><span style=\"font-size:11pt\"><span style=\"font-family:Arial,sans-serif\"><span style=\"color:#000000\">Un r\u00e9gime mensuel permet de r\u00e9cup\u00e9rer plus vite la TVA sur investissements ou charges importantes.<\/span><\/span><\/span><br \/>\n\t\u00a0<\/li>\n<li style=\"list-style-type:disc\"><span style=\"font-size:11pt\"><span style=\"font-family:Arial,sans-serif\"><span style=\"color:#000000\">Un suivi r\u00e9gulier \u00e9vite les erreurs, les rappels de TVA et les p\u00e9nalit\u00e9s de retard.<\/span><\/span><\/span><\/li>\n<\/ul>\n<p><span style=\"font-size:11pt\"><span style=\"font-family:Arial,sans-serif\"><span style=\"color:#000000\"><strong>Il est parfois judicieux pour une entreprise de choisir un r\u00e9gime \u201csup\u00e9rieur\u201d pour une gestion efficiente de sa tr\u00e9sorerie et d\u2019un suivi r\u00e9gulier de sa comptabilit\u00e9.<\/strong><\/span><\/span><\/span><\/p>\n<p><span style=\"font-size:11pt\"><span style=\"font-family:Arial,sans-serif\"><span style=\"color:#000000\">Avec Omnitrust, vous \u00eates accompagn\u00e9 d\u00e8s l\u2019enregistrement TVA : nous analysons votre situation, assurons votre conformit\u00e9 et anticipons les \u00e9volutions possibles.<\/span><\/span><\/span><\/p>\n<h2><span style=\"font-size:20pt\"><span style=\"font-family:Arial,sans-serif\"><span style=\"color:#000000\">3. Vos obligations en mati\u00e8re de TVA en tant qu\u2019entreprise<\/span><\/span><\/span><\/h2>\n<p><span style=\"font-size:11pt\"><span style=\"font-family:Arial,sans-serif\"><span style=\"color:#000000\">Une fois immatricul\u00e9e \u00e0 la TVA, une entreprise luxembourgeoise a des droits (le principal \u00e9tant celui de d\u00e9duire la tva en amont) cependant, elle a aussi des obligations dont celle de\u00a0 respecter ses obligations fiscales, d\u00e9claratives et documentaires. Ces d\u00e9marches sont encadr\u00e9es par la loi sur la TVA de l\u2019<\/span><\/span><\/span><span style=\"font-size:11pt\"><span style=\"font-family:Arial,sans-serif\"><span style=\"color:#000000\"><strong>Administration de l\u2019enregistrement, des domaines et de la TVA (AED)<\/strong><\/span><\/span><\/span><span style=\"font-size:11pt\"><span style=\"font-family:Arial,sans-serif\"><span style=\"color:#000000\">, et leur non-respect peut entra\u00eener des p\u00e9nalit\u00e9s ou des int\u00e9r\u00eats de retard.<\/span><\/span><\/span><\/p>\n<ol>\n<li style=\"list-style-type:decimal\">\n<h3 style=\"font-style:normal\"><span style=\"font-size:16pt\"><span style=\"font-family:Arial,sans-serif\"><span style=\"color:#000000\">Obtenir un num\u00e9ro de TVA intracommunautaire<\/span><\/span><\/span><\/h3>\n<\/li>\n<\/ol>\n<h3><span style=\"font-size:16pt\"><span style=\"font-family:Arial,sans-serif\"><span style=\"color:#000000\">Obtenir un num\u00e9ro de TVA intracommunautaire<\/span><\/span><\/span><\/h3>\n<p><span style=\"font-size:11pt\"><span style=\"font-family:Arial,sans-serif\"><span style=\"color:#000000\">Avant de pouvoir facturer la TVA ou la r\u00e9cup\u00e9rer, une entreprise doit disposer d\u2019un <\/span><\/span><\/span><span style=\"font-size:11pt\"><span style=\"font-family:Arial,sans-serif\"><span style=\"color:#000000\"><strong>num\u00e9ro de TVA valide<\/strong><\/span><\/span><\/span><span style=\"font-size:11pt\"><span style=\"font-family:Arial,sans-serif\"><span style=\"color:#000000\">, attribu\u00e9 par l\u2019AED. Cette immatriculation est g\u00e9n\u00e9ralement demand\u00e9e lors de la cr\u00e9ation de l\u2019entreprise, ou d\u00e8s le d\u00e9passement des seuils d\u2019exon\u00e9ration.<\/span><\/span><\/span><\/p>\n<p><span style=\"font-size:11pt\"><span style=\"font-family:Arial,sans-serif\"><span style=\"color:#000000\">Le num\u00e9ro de TVA luxembourgeois commence par <\/span><\/span><\/span><span style=\"font-size:11pt\"><span style=\"font-family:Arial,sans-serif\"><span style=\"color:#000000\"><strong>LU<\/strong><\/span><\/span><\/span><span style=\"font-size:11pt\"><span style=\"font-family:Arial,sans-serif\"><span style=\"color:#000000\"> suivi de 8 chiffres. Il est obligatoire pour :<\/span><\/span><\/span><\/p>\n<ul>\n<li style=\"list-style-type:disc\"><span style=\"font-size:11pt\"><span style=\"font-family:Arial,sans-serif\"><span style=\"color:#000000\">\u00c9mettre des factures avec TVA<\/span><\/span><\/span><br \/>\n\t\u00a0<\/li>\n<li style=\"list-style-type:disc\"><span style=\"font-size:11pt\"><span style=\"font-family:Arial,sans-serif\"><span style=\"color:#000000\">R\u00e9aliser des op\u00e9rations intracommunautaires (achats\/ventes dans l\u2019UE)<\/span><\/span><\/span><br \/>\n\t\u00a0<\/li>\n<li style=\"list-style-type:disc\"><span style=\"font-size:11pt\"><span style=\"font-family:Arial,sans-serif\"><span style=\"color:#000000\">\u00catre en conformit\u00e9 avec les obligations d\u00e9claratives<\/span><\/span><\/span><br \/>\n\t\u00a0<\/li>\n<\/ul>\n<p><span style=\"font-size:11pt\"><span style=\"font-family:Arial,sans-serif\"><span style=\"color:#000000\">Le num\u00e9ro peut \u00eatre v\u00e9rifi\u00e9 \u00e0 tout moment via la plateforme\u00a0 VIES de la Commission europ\u00e9enne : https:\/\/europa.eu\/youreurope\/business\/taxation\/vat\/check-vat-number-vies\/index_fr.htm<\/span><\/span><\/span><\/p>\n<ol>\n<li style=\"list-style-type:decimal\">\n<h3 style=\"font-style:normal\"><span style=\"font-size:16pt\"><span style=\"font-family:Arial,sans-serif\"><span style=\"color:#000000\">D\u00e9clarations TVA : p\u00e9riodicit\u00e9 et respect des d\u00e9lais<\/span><\/span><\/span><\/h3>\n<\/li>\n<\/ol>\n<h3><span style=\"font-size:16pt\"><span style=\"font-family:Arial,sans-serif\"><span style=\"color:#000000\">D\u00e9clarations TVA : p\u00e9riodicit\u00e9 et respect des d\u00e9lais<\/span><\/span><\/span><\/h3>\n<p><span style=\"font-size:11pt\"><span style=\"font-family:Arial,sans-serif\"><span style=\"color:#000000\">Selon le r\u00e9gime applicable (annuel, trimestriel, mensuel), vous devez d\u00e9poser vos d\u00e9clarations TVA dans les d\u00e9lais suivants :<\/span><\/span><\/span><\/p>\n<ul>\n<li style=\"list-style-type:disc\"><span style=\"font-size:11pt\"><span style=\"font-family:Arial,sans-serif\"><span style=\"color:#000000\"><strong>Mensuel<\/strong><\/span><\/span><\/span><span style=\"font-size:11pt\"><span style=\"font-family:Arial,sans-serif\"><span style=\"color:#000000\"> : avant le <\/span><\/span><\/span><span style=\"font-size:11pt\"><span style=\"font-family:Arial,sans-serif\"><span style=\"color:#000000\"><strong>15 du mois suivant<\/strong><\/span><\/span><\/span><br \/>\n\t\u00a0<\/li>\n<li style=\"list-style-type:disc\"><span style=\"font-size:11pt\"><span style=\"font-family:Arial,sans-serif\"><span style=\"color:#000000\"><strong>Trimestriel<\/strong><\/span><\/span><\/span><span style=\"font-size:11pt\"><span style=\"font-family:Arial,sans-serif\"><span style=\"color:#000000\"> : avant le <\/span><\/span><\/span><span style=\"font-size:11pt\"><span style=\"font-family:Arial,sans-serif\"><span style=\"color:#000000\"><strong>15 du mois suivant chaque trimestre<\/strong><\/span><\/span><\/span><br \/>\n\t\u00a0<\/li>\n<li style=\"list-style-type:disc\"><span style=\"font-size:11pt\"><span style=\"font-family:Arial,sans-serif\"><span style=\"color:#000000\"><strong>Annuel<\/strong><\/span><\/span><\/span><span style=\"font-size:11pt\"><span style=\"font-family:Arial,sans-serif\"><span style=\"color:#000000\"> : avant le <\/span><\/span><\/span><span style=\"font-size:11pt\"><span style=\"font-family:Arial,sans-serif\"><span style=\"color:#000000\"><strong>1\u1d49\u02b3 mars<\/strong><\/span><\/span><\/span><span style=\"font-size:11pt\"><span style=\"font-family:Arial,sans-serif\"><span style=\"color:#000000\"> de l\u2019ann\u00e9e suivante (ou 1\u1d49\u02b3 mai si r\u00e9gime trimestriel avec compl\u00e9ment)<\/span><\/span><\/span><\/li>\n<\/ul>\n<p><span style=\"font-size:11pt\"><span style=\"font-family:Arial,sans-serif\"><span style=\"color:#000000\">Les d\u00e9clarations doivent \u00eatre d\u00e9pos\u00e9es sur la plateforme <\/span><\/span><\/span><a href=\"https:\/\/www.ecdf.lu\" style=\"text-decoration:none\" target=\"_blank\" rel=\"noopener\"><span style=\"font-size:11pt\"><span style=\"font-family:Arial,sans-serif\"><span style=\"color:#1155cc\"><strong><u>eCDF<\/u><\/strong><\/span><\/span><\/span><\/a><span style=\"font-size:11pt\"><span style=\"font-family:Arial,sans-serif\"><span style=\"color:#000000\"> .<\/span><\/span><\/span><\/p>\n<p><span style=\"font-size:11pt\"><span style=\"font-family:Arial,sans-serif\"><span style=\"color:#000000\">\u00a0Elles reprennent :<\/span><\/span><\/span><\/p>\n<ul>\n<li style=\"list-style-type:disc\"><span style=\"font-size:11pt\"><span style=\"font-family:Arial,sans-serif\"><span style=\"color:#000000\">La TVA collect\u00e9e sur vos ventes<\/span><\/span><\/span><br \/>\n\t\u00a0<\/li>\n<li style=\"list-style-type:disc\"><span style=\"font-size:11pt\"><span style=\"font-family:Arial,sans-serif\"><span style=\"color:#000000\">La TVA d\u00e9ductible sur vos achats<\/span><\/span><\/span><br \/>\n\t\u00a0<\/li>\n<li style=\"list-style-type:disc\"><span style=\"font-size:11pt\"><span style=\"font-family:Arial,sans-serif\"><span style=\"color:#000000\">Le solde \u00e0 payer ou \u00e0 rembourser<\/span><\/span><\/span><\/li>\n<li style=\"list-style-type:disc\"><span style=\"font-size:11pt\"><span style=\"font-family:Arial,sans-serif\"><span style=\"color:#000000\">Les op\u00e9rations plus complexes tels que les ventes \u00e0 distance, les op\u00e9rations intracommunautaires ou extra communautaires, les op\u00e9rations hors champs de la TVA parfois et qui n\u00e9cessitent soit des d\u00e9clarations compl\u00e9mentaires ou un suivi tr\u00e8s pr\u00e9cis.<\/span><\/span><\/span><\/li>\n<\/ul>\n<p><span style=\"font-size:11pt\"><span style=\"font-family:Arial,sans-serif\"><span style=\"color:#000000\">Faire appel \u00e0 un expert pour votre d\u00e9claration de TVA garantit une vraie valeur ajout\u00e9e, tant en mati\u00e8re de conformit\u00e9 que d\u2019optimisation.<\/span><\/span><\/span><\/p>\n<ol>\n<li style=\"list-style-type:decimal\">\n<h3 style=\"font-style:normal\"><span style=\"font-size:16pt\"><span style=\"font-family:Arial,sans-serif\"><span style=\"color:#000000\">Facturation : mentions obligatoires<\/span><\/span><\/span><\/h3>\n<\/li>\n<\/ol>\n<h3><span style=\"font-size:16pt\"><span style=\"font-family:Arial,sans-serif\"><span style=\"color:#000000\">Facturation : mentions obligatoires<\/span><\/span><\/span><\/h3>\n<p><span style=\"font-size:11pt\"><span style=\"font-family:Arial,sans-serif\"><span style=\"color:#000000\">Toute facture \u00e9mise doit respecter les mentions l\u00e9gales d\u00e9finies par l\u2019AED. Doivent notamment figurer :<\/span><\/span><\/span><\/p>\n<ul>\n<li style=\"list-style-type:disc\"><span style=\"font-size:11pt\"><span style=\"font-family:Arial,sans-serif\"><span style=\"color:#000000\">Le num\u00e9ro de TVA du vendeur et de l\u2019acheteur (le cas \u00e9ch\u00e9ant)<\/span><\/span><\/span><br \/>\n\t\u00a0<\/li>\n<li style=\"list-style-type:disc\"><span style=\"font-size:11pt\"><span style=\"font-family:Arial,sans-serif\"><span style=\"color:#000000\">Le taux de TVA appliqu\u00e9 ou la mention d\u2019exon\u00e9ration<\/span><\/span><\/span><br \/>\n\t\u00a0<\/li>\n<li style=\"list-style-type:disc\"><span style=\"font-size:11pt\"><span style=\"font-family:Arial,sans-serif\"><span style=\"color:#000000\">Le montant HT, le montant TVA et le montant TTC<\/span><\/span><\/span><br \/>\n\t\u00a0<\/li>\n<li style=\"list-style-type:disc\"><span style=\"font-size:11pt\"><span style=\"font-family:Arial,sans-serif\"><span style=\"color:#000000\">La date, le num\u00e9ro de facture, et la description pr\u00e9cise de la prestation ou du bien<\/span><\/span><\/span><br \/>\n\t\u00a0<\/li>\n<\/ul>\n<p><span style=\"font-size:11pt\"><span style=\"font-family:Arial,sans-serif\"><span style=\"color:#000000\">Des r\u00e8gles sp\u00e9cifiques s\u2019appliquent aux <\/span><\/span><\/span><span style=\"font-size:11pt\"><span style=\"font-family:Arial,sans-serif\"><span style=\"color:#000000\"><strong>factures simplifi\u00e9es<\/strong><\/span><\/span><\/span><span style=\"font-size:11pt\"><span style=\"font-family:Arial,sans-serif\"><span style=\"color:#000000\"> et aux <\/span><\/span><\/span><span style=\"font-size:11pt\"><span style=\"font-family:Arial,sans-serif\"><span style=\"color:#000000\"><strong>factures \u00e9lectroniques<\/strong><\/span><\/span><\/span><span style=\"font-size:11pt\"><span style=\"font-family:Arial,sans-serif\"><span style=\"color:#000000\">. L\u2019AED peut effectuer des contr\u00f4les de conformit\u00e9 documentaire \u00e0 tout moment.<\/span><\/span><\/span><\/p>\n<h2><span style=\"font-size:20pt\"><span style=\"font-family:Arial,sans-serif\"><span style=\"color:#000000\">4. Comment Omnitrust vous accompagne dans la gestion de la TVA<\/span><\/span><\/span><\/h2>\n<p><span style=\"font-size:11pt\"><span style=\"font-family:Arial,sans-serif\"><span style=\"color:#000000\">Que vous cr\u00e9iez votre soci\u00e9t\u00e9 ou que vous soyez d\u00e9j\u00e0 \u00e9tabli, nous vous accompagnons dans toutes les phases de votre gestion TVA :<\/span><\/span><\/span><\/p>\n<ul>\n<li style=\"list-style-type:disc\"><span style=\"font-size:11pt\"><span style=\"font-family:Arial,sans-serif\"><span style=\"color:#000000\"><strong>Immatriculation et obtention du num\u00e9ro de TVA<\/strong><\/span><\/span><\/span><span style=\"font-size:11pt\"><span style=\"font-family:Arial,sans-serif\"><span style=\"color:#000000\"> aupr\u00e8s de l\u2019AED<\/span><\/span><\/span><br \/>\n\t\u00a0<\/li>\n<li style=\"list-style-type:disc\"><span style=\"font-size:11pt\"><span style=\"font-family:Arial,sans-serif\"><span style=\"color:#000000\"><strong>D\u00e9clarations mensuelles ou trimestrielles<\/strong><\/span><\/span><\/span><span style=\"font-size:11pt\"><span style=\"font-family:Arial,sans-serif\"><span style=\"color:#000000\">, selon votre r\u00e9gime<\/span><\/span><\/span><br \/>\n\t\u00a0<\/li>\n<li style=\"list-style-type:disc\"><span style=\"font-size:11pt\"><span style=\"font-family:Arial,sans-serif\"><span style=\"color:#000000\"><strong>D\u00e9claration annuelle obligatoire<\/strong><\/span><\/span><\/span><span style=\"font-size:11pt\"><span style=\"font-family:Arial,sans-serif\"><span style=\"color:#000000\">, dans les d\u00e9lais requis<\/span><\/span><\/span><br \/>\n\t\u00a0<\/li>\n<li style=\"list-style-type:disc\"><span style=\"font-size:11pt\"><span style=\"font-family:Arial,sans-serif\"><span style=\"color:#000000\"><strong>Veille r\u00e9guli\u00e8re sur vos seuils et obligations<\/strong><\/span><\/span><\/span><span style=\"font-size:11pt\"><span style=\"font-family:Arial,sans-serif\"><span style=\"color:#000000\">, pour anticiper tout changement de r\u00e9gime ou demande de l\u2019administration<\/span><\/span><\/span><br \/>\n\t\u00a0<\/li>\n<\/ul>\n<p><span style=\"font-size:11pt\"><span style=\"font-family:Arial,sans-serif\"><span style=\"color:#000000\">Vous b\u00e9n\u00e9ficiez d\u2019un suivi rigoureux, sans surcharge ni mauvaise surprise.<\/span><\/span><\/span><\/p>\n<h2><span style=\"font-size:20pt\"><span style=\"font-family:Arial,sans-serif\"><span style=\"color:#000000\">Ce qu\u2019il faut retenir<\/span><\/span><\/span><\/h2>\n<p><span style=\"font-size:11pt\"><span style=\"font-family:Arial,sans-serif\"><span style=\"color:#000000\">La gestion de la TVA au Luxembourg repose sur des r\u00e8gles strictes, encadr\u00e9es par l\u2019AED. Pour rester en conformit\u00e9, chaque entreprise doit :<\/span><\/span><\/span><\/p>\n<ul>\n<li style=\"list-style-type:disc\"><span style=\"font-size:11pt\"><span style=\"font-family:Arial,sans-serif\"><span style=\"color:#000000\">conna\u00eetre son r\u00e9gime d\u00e9claratif en fonction de son chiffre d\u2019affaires,<\/span><\/span><\/span><\/li>\n<li style=\"list-style-type:disc\"><span style=\"font-size:11pt\"><span style=\"font-family:Arial,sans-serif\"><span style=\"color:#000000\">respecter les d\u00e9lais de d\u00e9p\u00f4t via la plateforme eCDF,<\/span><\/span><\/span><\/li>\n<li style=\"list-style-type:disc\"><span style=\"font-size:11pt\"><span style=\"font-family:Arial,sans-serif\"><span style=\"color:#000000\">s\u2019assurer que sa facturation r\u00e9pond aux exigences l\u00e9gales.<\/span><\/span><\/span><\/li>\n<li style=\"list-style-type:disc\"><span style=\"font-size:11pt\"><span style=\"font-family:Arial,sans-serif\"><span style=\"color:#000000\">tenir une comptabilit\u00e9 r\u00e9guli\u00e8re<\/span><\/span><\/span><br \/>\n\t\u00a0<\/li>\n<\/ul>\n<p><span style=\"font-size:11pt\"><span style=\"font-family:Arial,sans-serif\"><span style=\"color:#000000\">Que vous soyez en phase de cr\u00e9ation ou d\u00e9j\u00e0 actif, une bonne gestion de la TVA vous \u00e9vite des erreurs co\u00fbteuses et vous permet de vous concentrer sur votre activit\u00e9.<\/span><\/span><\/span><\/p>\n<h3><span style=\"font-size:16pt\"><span style=\"font-family:Arial,sans-serif\"><span style=\"color:#000000\">Besoin d\u2019un accompagnement clair et fiable ?<\/span><\/span><\/span><\/h3>\n<p><span style=\"font-size:11pt\"><span style=\"font-family:Arial,sans-serif\"><span style=\"color:#000000\">Omnitrust vous aide \u00e0 chaque \u00e9tape : immatriculation, d\u00e9claration p\u00e9riodique, veille r\u00e9glementaire et \u00e9changes avec l\u2019administration.<\/span><\/span><\/span><br \/>\n<span style=\"font-size:11pt\"><span style=\"font-family:Arial,sans-serif\"><span style=\"color:#000000\">Prenez contact avec notre \u00e9quipe pour un accompagnement sur mesure.<\/span><\/span><\/span><\/p>\n","protected":false},"excerpt":{"rendered":"<p>La taxe sur la valeur ajout\u00e9e (TVA) fait partie int\u00e9grante de la vie de toute entreprise luxembourgeoise, qu\u2019il s\u2019agisse d\u2019une startup, d\u2019une PME ou d\u2019une soci\u00e9t\u00e9 plus \u00e9tablie. Pourtant, sa gestion reste souvent source de confusion et d\u2019erreurs, en particulier lorsqu\u2019il s\u2019agit de choisir un r\u00e9gime d\u00e9claratif adapt\u00e9, de respecter les d\u00e9lais ou d\u2019appliquer les [&hellip;]<\/p>\n","protected":false},"author":3,"featured_media":1459,"comment_status":"open","ping_status":"closed","sticky":false,"template":"","format":"standard","meta":{"_acf_changed":false,"footnotes":""},"categories":[1],"tags":[],"service_lie":[38],"type_contenu":[25],"class_list":["post-1151","post","type-post","status-publish","format-standard","has-post-thumbnail","hentry","category-uncategorized","service_lie-fiscalite-tva","type_contenu-publication"],"acf":[],"_links":{"self":[{"href":"https:\/\/www.omnitrust.lu\/fr\/wp-json\/wp\/v2\/posts\/1151","targetHints":{"allow":["GET"]}}],"collection":[{"href":"https:\/\/www.omnitrust.lu\/fr\/wp-json\/wp\/v2\/posts"}],"about":[{"href":"https:\/\/www.omnitrust.lu\/fr\/wp-json\/wp\/v2\/types\/post"}],"author":[{"embeddable":true,"href":"https:\/\/www.omnitrust.lu\/fr\/wp-json\/wp\/v2\/users\/3"}],"replies":[{"embeddable":true,"href":"https:\/\/www.omnitrust.lu\/fr\/wp-json\/wp\/v2\/comments?post=1151"}],"version-history":[{"count":1,"href":"https:\/\/www.omnitrust.lu\/fr\/wp-json\/wp\/v2\/posts\/1151\/revisions"}],"predecessor-version":[{"id":1460,"href":"https:\/\/www.omnitrust.lu\/fr\/wp-json\/wp\/v2\/posts\/1151\/revisions\/1460"}],"wp:featuredmedia":[{"embeddable":true,"href":"https:\/\/www.omnitrust.lu\/fr\/wp-json\/wp\/v2\/media\/1459"}],"wp:attachment":[{"href":"https:\/\/www.omnitrust.lu\/fr\/wp-json\/wp\/v2\/media?parent=1151"}],"wp:term":[{"taxonomy":"category","embeddable":true,"href":"https:\/\/www.omnitrust.lu\/fr\/wp-json\/wp\/v2\/categories?post=1151"},{"taxonomy":"post_tag","embeddable":true,"href":"https:\/\/www.omnitrust.lu\/fr\/wp-json\/wp\/v2\/tags?post=1151"},{"taxonomy":"service_lie","embeddable":true,"href":"https:\/\/www.omnitrust.lu\/fr\/wp-json\/wp\/v2\/service_lie?post=1151"},{"taxonomy":"type_contenu","embeddable":true,"href":"https:\/\/www.omnitrust.lu\/fr\/wp-json\/wp\/v2\/type_contenu?post=1151"}],"curies":[{"name":"wp","href":"https:\/\/api.w.org\/{rel}","templated":true}]}}