{"id":1160,"date":"2025-03-14T12:19:00","date_gmt":"2025-03-14T12:19:00","guid":{"rendered":"https:\/\/omnitrust.lu\/un-nouvel-avenant-pour-clarifier-la-fiscalite-entre-la-france-et-le-luxembourg\/"},"modified":"2026-03-19T09:30:24","modified_gmt":"2026-03-19T09:30:24","slug":"un-nouvel-avenant-pour-clarifier-la-fiscalite-entre-la-france-et-le-luxembourg","status":"publish","type":"post","link":"https:\/\/www.omnitrust.lu\/fr\/blog\/un-nouvel-avenant-pour-clarifier-la-fiscalite-entre-la-france-et-le-luxembourg\/","title":{"rendered":"Un nouvel avenant pour clarifier la fiscalit\u00e9 entre la France et le Luxembourg"},"content":{"rendered":"<h2><span style=\"font-size:18px\"><span style=\"font-family:Aptos,sans-serif\"><strong>La loi n\u00b0 2025-139 du 17 f\u00e9vrier 2025 : un pas de plus dans la lutte contre la double imposition et la fraude fiscale<\/strong><\/span><\/span><\/h2>\n<p><span style=\"font-size:12pt\"><span style=\"font-family:Aptos,sans-serif\">Le 17 f\u00e9vrier 2025, la France a ratifi\u00e9 la Loi n\u00b0 2025-139, qui autorise l\u2019approbation d\u2019un avenant \u00e0 la convention fiscale entre la R\u00e9publique fran\u00e7aise et le Grand-Duch\u00e9 de Luxembourg. Cette mesure vise \u00e0 renforcer la coop\u00e9ration fiscale entre les deux pays, en particulier pour \u00e9viter la double imposition et lutter contre l\u2019\u00e9vasion fiscale.<\/span><\/span><\/p>\n<p><span style=\"font-size:12pt\"><span style=\"font-family:Aptos,sans-serif\">Bien que cet avenant ait d\u00e9j\u00e0 \u00e9t\u00e9 adopt\u00e9 et appliqu\u00e9 par de nombreux employeurs au Luxembourg, il n\u2019est techniquement pas encore en vigueur, car il vient tout juste d\u2019\u00eatre ratifi\u00e9 par la France. Ce retard, bien qu\u2019il ait cr\u00e9\u00e9 une certaine attente, a un impact limit\u00e9. En effet, l\u2019avenant sera appliqu\u00e9 r\u00e9troactivement \u00e0 partir du 1er janvier 2023, d\u00e8s son entr\u00e9e en vigueur, pr\u00e9vue pour 2025. Ainsi, bien que l&rsquo;accord n&rsquo;ait pas encore \u00e9t\u00e9 officiellement valid\u00e9, ses effets seront consid\u00e9r\u00e9s comme \u00e9tant en place depuis le d\u00e9but de l&rsquo;ann\u00e9e 2023.<\/span><\/span><\/p>\n<h2><span style=\"font-size:18px\"><strong>Quel est l&rsquo;objectif de cette loi ?<\/strong><\/span><\/h2>\n<p>L\u2019avenant \u00e0 la convention fiscale entre la France et le Luxembourg a pour but principal d\u2019\u00e9viter la double imposition des revenus. Concr\u00e8tement, cela signifie que les personnes ou les entreprises ayant des liens \u00e9conomiques avec les deux pays ne seront pas soumises \u00e0 une double imposition sur les m\u00eames revenus. Cet avenant clarifie les r\u00e8gles fiscales pour \u00e9viter des situations complexes, notamment pour les travailleurs transfrontaliers ou les entreprises op\u00e9rant dans les deux pays.<\/p>\n<p>L\u2019avenant pourrait r\u00e9ajuster les taux d\u2019imposition, pr\u00e9ciser les crit\u00e8res de r\u00e9sidence fiscale et mettre en place des m\u00e9canismes de cr\u00e9dits ou de r\u00e9ductions d\u2019imp\u00f4ts pour \u00e9viter la double imposition, tout en simplifiant les relations fiscales entre la France et le Luxembourg.<\/p>\n<h2><span style=\"font-size:18px\"><strong>Conclusion<\/strong><\/span><\/h2>\n<p>La Loi n\u00b0 2025-139 repr\u00e9sente une avanc\u00e9e majeure dans la simplification des relations fiscales entre la France et le Luxembourg. En permettant la ratification de cet avenant \u00e0 la convention fiscale, cette loi offre enfin une solution pratique pour les travailleurs et les entreprises des deux pays. Elle assure ainsi une meilleure s\u00e9curit\u00e9 juridique et renforce la coop\u00e9ration fiscale entre les deux nations.<\/p>\n<p>  <strong>Retrouvez le texte complet ici<\/strong>\u00a0: <a href=\"https:\/\/www.legifrance.gouv.fr\/download\/pdf?id=IBEiqTSbr0lF-X35UuRM6J96WAkxk7JLKoUd3uP63A4=\" target=\"_blank\" rel=\"noopener\"><span style=\"color:#ff5800\"><u>https:\/\/www.legifrance.gouv.fr\/download\/pdf?id=IBEiqTSbr0lF-X35UuRM6J96WAkxk7JLKoUd3uP63A4=<\/u><\/span><\/a><\/p>\n","protected":false},"excerpt":{"rendered":"<p>La loi n\u00b0 2025-139 du 17 f\u00e9vrier 2025 : un pas de plus dans la lutte contre la double imposition et la fraude fiscale Le 17 f\u00e9vrier 2025, la France a ratifi\u00e9 la Loi n\u00b0 2025-139, qui autorise l\u2019approbation d\u2019un avenant \u00e0 la convention fiscale entre la R\u00e9publique fran\u00e7aise et le Grand-Duch\u00e9 de Luxembourg. Cette [&hellip;]<\/p>\n","protected":false},"author":3,"featured_media":1274,"comment_status":"open","ping_status":"closed","sticky":false,"template":"","format":"standard","meta":{"_acf_changed":false,"footnotes":""},"categories":[1],"tags":[],"service_lie":[38],"type_contenu":[21],"class_list":["post-1160","post","type-post","status-publish","format-standard","has-post-thumbnail","hentry","category-uncategorized","service_lie-fiscalite-tva","type_contenu-actualites"],"acf":[],"_links":{"self":[{"href":"https:\/\/www.omnitrust.lu\/fr\/wp-json\/wp\/v2\/posts\/1160","targetHints":{"allow":["GET"]}}],"collection":[{"href":"https:\/\/www.omnitrust.lu\/fr\/wp-json\/wp\/v2\/posts"}],"about":[{"href":"https:\/\/www.omnitrust.lu\/fr\/wp-json\/wp\/v2\/types\/post"}],"author":[{"embeddable":true,"href":"https:\/\/www.omnitrust.lu\/fr\/wp-json\/wp\/v2\/users\/3"}],"replies":[{"embeddable":true,"href":"https:\/\/www.omnitrust.lu\/fr\/wp-json\/wp\/v2\/comments?post=1160"}],"version-history":[{"count":1,"href":"https:\/\/www.omnitrust.lu\/fr\/wp-json\/wp\/v2\/posts\/1160\/revisions"}],"predecessor-version":[{"id":1452,"href":"https:\/\/www.omnitrust.lu\/fr\/wp-json\/wp\/v2\/posts\/1160\/revisions\/1452"}],"wp:featuredmedia":[{"embeddable":true,"href":"https:\/\/www.omnitrust.lu\/fr\/wp-json\/wp\/v2\/media\/1274"}],"wp:attachment":[{"href":"https:\/\/www.omnitrust.lu\/fr\/wp-json\/wp\/v2\/media?parent=1160"}],"wp:term":[{"taxonomy":"category","embeddable":true,"href":"https:\/\/www.omnitrust.lu\/fr\/wp-json\/wp\/v2\/categories?post=1160"},{"taxonomy":"post_tag","embeddable":true,"href":"https:\/\/www.omnitrust.lu\/fr\/wp-json\/wp\/v2\/tags?post=1160"},{"taxonomy":"service_lie","embeddable":true,"href":"https:\/\/www.omnitrust.lu\/fr\/wp-json\/wp\/v2\/service_lie?post=1160"},{"taxonomy":"type_contenu","embeddable":true,"href":"https:\/\/www.omnitrust.lu\/fr\/wp-json\/wp\/v2\/type_contenu?post=1160"}],"curies":[{"name":"wp","href":"https:\/\/api.w.org\/{rel}","templated":true}]}}