{"id":1161,"date":"2025-02-18T12:19:00","date_gmt":"2025-02-18T12:19:00","guid":{"rendered":"https:\/\/omnitrust.lu\/nouvelles-regles-concernant-les-taux-dinteret-des-comptes-courants-dassocies-debiteurs-dans-les-societes-soumises-a-limpot-sur-le-revenu-des-collectivites-irc\/"},"modified":"2026-03-18T15:09:14","modified_gmt":"2026-03-18T15:09:14","slug":"nouvelles-regles-concernant-les-taux-dinteret-des-comptes-courants-dassocies-debiteurs-dans-les-societes-soumises-a-limpot-sur-le-revenu-des-collectivites-irc","status":"publish","type":"post","link":"https:\/\/www.omnitrust.lu\/fr\/blog\/nouvelles-regles-concernant-les-taux-dinteret-des-comptes-courants-dassocies-debiteurs-dans-les-societes-soumises-a-limpot-sur-le-revenu-des-collectivites-irc\/","title":{"rendered":"Nouvelles r\u00e8gles concernant les taux d\u2019int\u00e9r\u00eat des comptes courants d\u2019associ\u00e9s d\u00e9biteurs dans les soci\u00e9t\u00e9s soumises \u00e0 l\u2019imp\u00f4t sur le revenu des collectivit\u00e9s (IRC)"},"content":{"rendered":"<p><strong><span style=\"font-size: 36px;\">Les taux d\u2019int\u00e9r\u00eat des comptes courants d\u2019associ\u00e9s d\u00e9biteurs dans les soci\u00e9t\u00e9s<\/span><\/strong><\/p>\n<p><span style=\"font-size: 18px;\"><span style=\"font-family: Calibri,sans-serif;\">Une nouvelle circulaire du directeur des contributions L.I.R. n\u00b0164-1 du 29 janvier 2025 vient apporter de nouvelles pr\u00e9cisions concernant les taux d\u2019int\u00e9r\u00eats d\u00e9biteurs des comptes courants d\u2019associ\u00e9s dans les soci\u00e9t\u00e9s soumise \u00e0 l\u2019IRC.<\/span><\/span><\/p>\n<p><span style=\"font-size: 18px;\"><span style=\"font-family: Calibri,sans-serif;\">La circulaire fait une distinction entre l\u2019associ\u00e9 personne physique et l\u2019associ\u00e9 entreprise li\u00e9e\u00a0:<\/span><\/span><\/p>\n<ul>\n<li><span style=\"font-size: 18px;\"><span style=\"font-family: Calibri,sans-serif;\">Si l\u2019associ\u00e9 est une personne physique, le taux d\u2019int\u00e9r\u00eat \u00e0 appliquer aux comptes courants d\u00e9biteurs doit \u00eatre d\u00e9termin\u00e9 selon les conditions de march\u00e9 auxquelles aurait \u00e9t\u00e9 soumis un pr\u00eat convenu entre op\u00e9rateurs ind\u00e9pendants sur un march\u00e9 libre, conform\u00e9ment au principe de pleine concurrence.<\/span><\/span><\/li>\n<\/ul>\n<p><span style=\"font-size: 18px;\"><span style=\"font-family: Calibri,sans-serif;\">Est notamment admis un taux d\u2019int\u00e9r\u00eat correspondant au taux d\u2019int\u00e9r\u00eat annuel applicable aux cr\u00e9dits \u00e0 la consommation, tel que ressortant de tout document probant. Il sera ainsi possible de se r\u00e9f\u00e9rer \u00e0 la moyenne des taux des mois composant l\u2019exercice d\u2019exploitation de la soci\u00e9t\u00e9 concern\u00e9e, tels que figurant dans les statistiques publi\u00e9es mensuellement par la Banque centrale du Luxembourg concernant les taux d\u2019int\u00e9r\u00eat appliqu\u00e9s par les \u00e9tablissements de cr\u00e9dit luxembourgeois aux d\u00e9p\u00f4ts et cr\u00e9dits en euros.<\/span><\/span><\/p>\n<p><span style=\"font-size: 18px;\"><span style=\"font-family: Calibri,sans-serif;\">La mise en compte des int\u00e9r\u00eats est cens\u00e9e avoir lieu au moment de la cl\u00f4ture de l\u2019exercice d\u2019exploitation. <\/span><\/span><\/p>\n<p><span style=\"font-size: 18px;\"><span style=\"font-family: Calibri,sans-serif;\">Si le compte courant est d\u00e9biteur durant toute la dur\u00e9e de l\u2019exercice d\u2019exploitation, les int\u00e9r\u00eats peuvent \u00eatre calcul\u00e9s en appliquant le taux d\u2019int\u00e9r\u00eat d\u00e9termin\u00e9 selon les conditions de march\u00e9 sur la moyenne arithm\u00e9tique des montants du compte courant d\u00e9biteur au d\u00e9but et \u00e0 la fin de l\u2019exercice d\u2019exploitation.<\/span><\/span><\/p>\n<p><span style=\"font-size: 18px;\"><span style=\"font-family: Calibri,sans-serif;\">Si le compte courant d\u00e9biteur n\u2019a pas exist\u00e9 durant toute la dur\u00e9e de l\u2019exercice, ou s\u2019il y a eu des variations importantes des soldes, il faut consid\u00e9rer la moyenne arithm\u00e9tique des soldes d\u00e9biteurs \u00e0 la fin des diff\u00e9rents mois. <\/span><\/span><\/p>\n<ul>\n<li><span style=\"font-size: 18px;\"><span style=\"font-family: Calibri,sans-serif;\">Si l\u2019associ\u00e9 est une entreprise li\u00e9e, les cr\u00e9ances entre soci\u00e9t\u00e9s m\u00e8re et filiales ou entre soci\u00e9t\u00e9s d\u2019un m\u00eame groupe, le taux d\u2019int\u00e9r\u00eat se d\u00e9termine au cas par cas, conform\u00e9ment au principe de pleine concurrence. Il sera fonction de la devise utilis\u00e9e, du risque de change, du risque de couverture, du taux d\u2019int\u00e9r\u00eat de refinancement, de l\u2019\u00e9ch\u00e9ance de la cr\u00e9ance, etc\u2026<\/span><\/span><\/li>\n<\/ul>\n<p><span style=\"font-size: 18px;\"><span style=\"font-family: Calibri,sans-serif;\">Lien vers la circulaire :<\/span><\/span><\/p>\n<p><span style=\"font-size: 18px;\"><span style=\"font-family: 'Calibri',sans-serif;\"><a style=\"color: #0563c1; text-decoration: underline;\" href=\"https:\/\/impotsdirects.public.lu\/dam-assets\/fr\/legislation\/circulaires\/lir-164-1-du-29-janvier-2025.pdf\" target=\"_blank\" rel=\"noopener\">https:\/\/impotsdirects.public.lu\/dam-assets\/fr\/legislation\/circulaires\/lir-164-1-du-29-janvier-2025.pdf<\/a><\/span><\/span><\/p>\n","protected":false},"excerpt":{"rendered":"<p>Les taux d\u2019int\u00e9r\u00eat des comptes courants d\u2019associ\u00e9s d\u00e9biteurs dans les soci\u00e9t\u00e9s Une nouvelle circulaire du directeur des contributions L.I.R. n\u00b0164-1 du 29 janvier 2025 vient apporter de nouvelles pr\u00e9cisions concernant les taux d\u2019int\u00e9r\u00eats d\u00e9biteurs des comptes courants d\u2019associ\u00e9s dans les soci\u00e9t\u00e9s soumise \u00e0 l\u2019IRC. La circulaire fait une distinction entre l\u2019associ\u00e9 personne physique et l\u2019associ\u00e9 [&hellip;]<\/p>\n","protected":false},"author":3,"featured_media":1269,"comment_status":"open","ping_status":"closed","sticky":false,"template":"","format":"standard","meta":{"_acf_changed":false,"footnotes":""},"categories":[1],"tags":[],"service_lie":[38],"type_contenu":[21],"class_list":["post-1161","post","type-post","status-publish","format-standard","has-post-thumbnail","hentry","category-uncategorized","service_lie-fiscalite-tva","type_contenu-actualites"],"acf":[],"_links":{"self":[{"href":"https:\/\/www.omnitrust.lu\/fr\/wp-json\/wp\/v2\/posts\/1161","targetHints":{"allow":["GET"]}}],"collection":[{"href":"https:\/\/www.omnitrust.lu\/fr\/wp-json\/wp\/v2\/posts"}],"about":[{"href":"https:\/\/www.omnitrust.lu\/fr\/wp-json\/wp\/v2\/types\/post"}],"author":[{"embeddable":true,"href":"https:\/\/www.omnitrust.lu\/fr\/wp-json\/wp\/v2\/users\/3"}],"replies":[{"embeddable":true,"href":"https:\/\/www.omnitrust.lu\/fr\/wp-json\/wp\/v2\/comments?post=1161"}],"version-history":[{"count":1,"href":"https:\/\/www.omnitrust.lu\/fr\/wp-json\/wp\/v2\/posts\/1161\/revisions"}],"predecessor-version":[{"id":1375,"href":"https:\/\/www.omnitrust.lu\/fr\/wp-json\/wp\/v2\/posts\/1161\/revisions\/1375"}],"wp:featuredmedia":[{"embeddable":true,"href":"https:\/\/www.omnitrust.lu\/fr\/wp-json\/wp\/v2\/media\/1269"}],"wp:attachment":[{"href":"https:\/\/www.omnitrust.lu\/fr\/wp-json\/wp\/v2\/media?parent=1161"}],"wp:term":[{"taxonomy":"category","embeddable":true,"href":"https:\/\/www.omnitrust.lu\/fr\/wp-json\/wp\/v2\/categories?post=1161"},{"taxonomy":"post_tag","embeddable":true,"href":"https:\/\/www.omnitrust.lu\/fr\/wp-json\/wp\/v2\/tags?post=1161"},{"taxonomy":"service_lie","embeddable":true,"href":"https:\/\/www.omnitrust.lu\/fr\/wp-json\/wp\/v2\/service_lie?post=1161"},{"taxonomy":"type_contenu","embeddable":true,"href":"https:\/\/www.omnitrust.lu\/fr\/wp-json\/wp\/v2\/type_contenu?post=1161"}],"curies":[{"name":"wp","href":"https:\/\/api.w.org\/{rel}","templated":true}]}}