{"id":1166,"date":"2024-12-17T12:19:00","date_gmt":"2024-12-17T12:19:00","guid":{"rendered":"https:\/\/omnitrust.lu\/prevision-dune-revalorisation-du-salaire-social-minimum-au-1er-janvier-2025\/"},"modified":"2026-03-18T15:24:10","modified_gmt":"2026-03-18T15:24:10","slug":"prevision-dune-revalorisation-du-salaire-social-minimum-au-1er-janvier-2025","status":"publish","type":"post","link":"https:\/\/www.omnitrust.lu\/fr\/blog\/prevision-dune-revalorisation-du-salaire-social-minimum-au-1er-janvier-2025\/","title":{"rendered":"Pr\u00e9vision d&rsquo;une revalorisation du salaire social minimum au 1er janvier 2025"},"content":{"rendered":"<p><span style=\"font-size: 18px;\"><span style=\"font-family: Aptos,sans-serif;\">Un projet de loi visant \u00e0 revaloriser le salaire social minimum a \u00e9t\u00e9 pr\u00e9sent\u00e9 le 15 novembre 2024 \u00e0 la Chambre des D\u00e9put\u00e9s, avec une mise en application pr\u00e9vue pour le 1er janvier 2025.<\/span><\/span><\/p>\n<p><span style=\"font-size: 18px;\"><span style=\"font-family: Aptos,sans-serif;\">Le projet de loi n\u00b08459 pr\u00e9voit une augmentation de 2,6 % du salaire social minimum \u00e0 cette date. Ainsi, \u00e0 partir du 1er janvier 2025, le salaire mensuel minimum serait fix\u00e9 \u00e0 2.637,79 EUR pour un salari\u00e9 non qualifi\u00e9 et \u00e0 3.165,35 EUR pour un salari\u00e9 qualifi\u00e9.<\/span><\/span><\/p>\n<p><span style=\"font-size: 18px;\"><span style=\"font-family: Aptos,sans-serif;\">Le salaire social minimum sert de base de r\u00e9f\u00e9rence pour plusieurs calculs, notamment celui du plafond d\u2019exemption fiscale applicable \u00e0 \u00ab l\u2019indemnit\u00e9 transactionnelle \u00bb. Pour rappel, cette indemnit\u00e9 est vers\u00e9e dans le cadre d\u2019un accord amiable mettant fin \u00e0 un diff\u00e9rend entre un employeur et un salari\u00e9. En \u00e9change du paiement, le salari\u00e9 renonce \u00e0 toute action en justice contre l\u2019employeur. Cette indemnit\u00e9 b\u00e9n\u00e9ficie d\u2019une exon\u00e9ration fiscale jusqu\u2019\u00e0 un montant \u00e9quivalent \u00e0 douze fois le salaire social minimum mensuel pour un travailleur non qualifi\u00e9.<\/span><\/span><\/p>\n<p><span style=\"font-size: 18px;\"><span style=\"font-family: Aptos,sans-serif;\">Avec la hausse pr\u00e9vue du salaire social minimum, le plafond d\u2019exemption fiscale applicable \u00e0 l\u2019indemnit\u00e9 transactionnelle passera automatiquement \u00e0 31.653,48 EUR au 1er janvier 2025, contre 30.851,16 EUR actuellement.<\/span><\/span><\/p>\n<p><span style=\"font-size: 18px;\"><span style=\"font-family: 'Aptos',sans-serif;\">Ces modifications entreront en vigueur d\u00e8s l\u2019adoption de la loi, pr\u00e9vue pour le 1er janvier 2025.<\/span><\/span><\/p>\n","protected":false},"excerpt":{"rendered":"<p>Un projet de loi visant \u00e0 revaloriser le salaire social minimum a \u00e9t\u00e9 pr\u00e9sent\u00e9 le 15 novembre 2024 \u00e0 la Chambre des D\u00e9put\u00e9s, avec une mise en application pr\u00e9vue pour le 1er janvier 2025. Le projet de loi n\u00b08459 pr\u00e9voit une augmentation de 2,6 % du salaire social minimum \u00e0 cette date. Ainsi, \u00e0 partir [&hellip;]<\/p>\n","protected":false},"author":3,"featured_media":1254,"comment_status":"open","ping_status":"closed","sticky":false,"template":"","format":"standard","meta":{"_acf_changed":false,"footnotes":""},"categories":[1],"tags":[],"service_lie":[29],"type_contenu":[21],"class_list":["post-1166","post","type-post","status-publish","format-standard","has-post-thumbnail","hentry","category-uncategorized","service_lie-rh_payroll","type_contenu-actualites"],"acf":[],"_links":{"self":[{"href":"https:\/\/www.omnitrust.lu\/fr\/wp-json\/wp\/v2\/posts\/1166","targetHints":{"allow":["GET"]}}],"collection":[{"href":"https:\/\/www.omnitrust.lu\/fr\/wp-json\/wp\/v2\/posts"}],"about":[{"href":"https:\/\/www.omnitrust.lu\/fr\/wp-json\/wp\/v2\/types\/post"}],"author":[{"embeddable":true,"href":"https:\/\/www.omnitrust.lu\/fr\/wp-json\/wp\/v2\/users\/3"}],"replies":[{"embeddable":true,"href":"https:\/\/www.omnitrust.lu\/fr\/wp-json\/wp\/v2\/comments?post=1166"}],"version-history":[{"count":1,"href":"https:\/\/www.omnitrust.lu\/fr\/wp-json\/wp\/v2\/posts\/1166\/revisions"}],"predecessor-version":[{"id":1401,"href":"https:\/\/www.omnitrust.lu\/fr\/wp-json\/wp\/v2\/posts\/1166\/revisions\/1401"}],"wp:featuredmedia":[{"embeddable":true,"href":"https:\/\/www.omnitrust.lu\/fr\/wp-json\/wp\/v2\/media\/1254"}],"wp:attachment":[{"href":"https:\/\/www.omnitrust.lu\/fr\/wp-json\/wp\/v2\/media?parent=1166"}],"wp:term":[{"taxonomy":"category","embeddable":true,"href":"https:\/\/www.omnitrust.lu\/fr\/wp-json\/wp\/v2\/categories?post=1166"},{"taxonomy":"post_tag","embeddable":true,"href":"https:\/\/www.omnitrust.lu\/fr\/wp-json\/wp\/v2\/tags?post=1166"},{"taxonomy":"service_lie","embeddable":true,"href":"https:\/\/www.omnitrust.lu\/fr\/wp-json\/wp\/v2\/service_lie?post=1166"},{"taxonomy":"type_contenu","embeddable":true,"href":"https:\/\/www.omnitrust.lu\/fr\/wp-json\/wp\/v2\/type_contenu?post=1166"}],"curies":[{"name":"wp","href":"https:\/\/api.w.org\/{rel}","templated":true}]}}