{"id":1191,"date":"2026-01-15T12:19:39","date_gmt":"2026-01-15T12:19:39","guid":{"rendered":"https:\/\/omnitrust.lu\/nouveautes-en-droit-du-travail-au-1er-janvier-2024\/"},"modified":"2026-03-18T14:37:46","modified_gmt":"2026-03-18T14:37:46","slug":"nouveautes-en-droit-du-travail-au-1er-janvier-2024","status":"publish","type":"post","link":"https:\/\/www.omnitrust.lu\/fr\/blog\/nouveautes-en-droit-du-travail-au-1er-janvier-2024\/","title":{"rendered":"Nouveaut\u00e9s en droit du travail au 1er janvier 2024"},"content":{"rendered":"<p><span style=\"font-size: 22px;\"><span style=\"font-family: Calibri,sans-serif;\"><u>Les ch\u00e8ques repas<\/u>\u00a0:<\/span><\/span><\/p>\n<p><span style=\"font-size: 22px;\"><span style=\"font-family: Calibri,sans-serif;\">Un r\u00e8glement grand-ducal du 25 septembre 2023, confirme que les ch\u00e8ques repas passent \u00e0 15 euros \u00e0 partir du 1<sup>er<\/sup> janvier 2024. Cette augmentation de la valeur du ch\u00e8que repas n\u2019est pas obligatoire pour l\u2019employeur.<\/span><\/span><\/p>\n<p><span style=\"font-size: 22px;\"><span style=\"font-family: Calibri,sans-serif;\">La contribution du salari\u00e9 reste inchang\u00e9e \u00e0 2,80 euros, alors que la valeur d\u2019exemption maximale passe \u00e0 12,20 euros.<\/span><\/span><\/p>\n<p><span style=\"font-size: 22px;\"><span style=\"font-family: Calibri,sans-serif;\">Un autre r\u00e8glement grand-ducal du 25 septembre 2023 pr\u00e9voit que l\u2019utilisation des ch\u00e8ques repas est limit\u00e9e \u00e0 5 par jour.<\/span><\/span><\/p>\n<p><span style=\"font-size: 22px;\"><span style=\"font-family: Calibri,sans-serif;\">Ce m\u00eame r\u00e8glement grand-ducal pr\u00e9voit l\u2019obligation du ch\u00e8que-repas au format \u00e9lectronique \u00e0 partir du 1<sup>er<\/sup> janvier 2024. L\u2019\u00e9mission de ch\u00e8ques-repas au format papier n\u2019est plus autoris\u00e9.<\/span><\/span><\/p>\n<p><span style=\"font-size: 22px;\"><span style=\"font-family: Calibri,sans-serif;\"><u>Les indemnit\u00e9s forfaitaires pour frais de s\u00e9jour<\/u>\u00a0:<\/span><\/span><\/p>\n<p><span style=\"font-size: 22px;\"><span style=\"font-family: Calibri,sans-serif;\">Un r\u00e8glement du Gouvernement en Conseil du 18 d\u00e9cembre 2023 fixe les indemnit\u00e9s sur les frais de route et de s\u00e9jour ainsi que les indemnit\u00e9s de d\u00e9m\u00e9nagement des fonctionnaires et employ\u00e9s de l\u2019Etat \u00e0 partir du 1<sup>er<\/sup> janvier 2024\u00a0:<\/span><\/span><\/p>\n<ul>\n<li style=\"text-align: justify;\"><span style=\"font-size: 22px;\"><span style=\"font-family: Calibri,sans-serif;\">L\u2019indemnit\u00e9 de jour est fix\u00e9e \u00e0 14 euros<\/span><\/span><\/li>\n<li style=\"text-align: justify;\"><span style=\"font-size: 22px;\"><span style=\"font-family: Calibri,sans-serif;\">L\u2019indemnit\u00e9 de nuit est fix\u00e9e \u00e0 56 euros<\/span><\/span><\/li>\n<\/ul>\n<p><span style=\"font-size: 22px;\"><span style=\"font-family: Calibri,sans-serif;\">Ce r\u00e8glement s\u2019applique \u00e0 la fonction publique, mais en pratique ces r\u00e8gles peuvent aussi \u00eatre appliqu\u00e9es par les employeurs du secteur priv\u00e9 pour leur salari\u00e9s.<\/span><\/span><\/p>\n<p><span style=\"font-size: 22px;\"><span style=\"font-family: Calibri,sans-serif;\"><u>Le cong\u00e9 sportif<\/u>\u00a0:<\/span><\/span><\/p>\n<p><span style=\"font-size: 22px;\"><span style=\"font-family: Calibri,sans-serif;\">La loi du 21 juillet 2023 \u00e9largit le nombre de b\u00e9n\u00e9ficiaires potentiels du cong\u00e9 sportif.<\/span><\/span><\/p>\n<p><span style=\"font-size: 22px;\"><span style=\"font-family: Calibri,sans-serif;\">Sont d\u00e9sormais concern\u00e9s\u00a0:<\/span><\/span><\/p>\n<p><span style=\"font-size: 22px;\"><span style=\"font-family: Calibri,sans-serif;\">1.\u00a0\u00a0\u00a0les sportifs susceptibles de repr\u00e9senter le Grand-Duch\u00e9 de Luxembourg en vue de pr\u00e9parer et participer \u00e0 des comp\u00e9titions internationales officielles faisant partie d\u2019un des cadres du C.O.S.L. ou du L.P.C. ou ayant un projet olympique, un projet de qualification olympique, un projet perspective, un projet \u00e9lite ou un projet paralympique avec le C.O.S.L. ou le L.P.C., appel\u00e9 ci-apr\u00e8s \u00ab projet sp\u00e9cifique \u00bb, ou faisant partie d\u2019une s\u00e9lection nationale individuelle ou d\u2019\u00e9quipes senior d\u2019une f\u00e9d\u00e9ration sportive agr\u00e9\u00e9e r\u00e9gissant un sport de comp\u00e9tition ;<\/span><\/span><\/p>\n<p><span style=\"font-size: 22px;\"><span style=\"font-family: Calibri,sans-serif;\">2.\u00a0 \u00a0les sportifs licenci\u00e9s aupr\u00e8s d\u2019un club affili\u00e9 \u00e0 une f\u00e9d\u00e9ration sportive agr\u00e9\u00e9e en vue de pr\u00e9parer et participer \u00e0 des comp\u00e9titions internationales officielles pour clubs organis\u00e9es par les f\u00e9d\u00e9rations internationales comp\u00e9tentes ou avec leur coop\u00e9ration ;<\/span><\/span><\/p>\n<p><span style=\"font-size: 22px;\"><span style=\"font-family: Calibri,sans-serif;\">3.\u00a0\u00a0\u00a0les sportifs autres que ceux vis\u00e9s aux points 1. et 2., d\u00e9tenant une licence aupr\u00e8s d\u2019une f\u00e9d\u00e9ration sportive agr\u00e9\u00e9e participant \u00e0 une comp\u00e9tition internationale officielle et ayant l\u2019accord conjoint du C.O.S.L. ou du L.P.C. et du ministre ayant les Sports dans ses attributions ;<\/span><\/span><\/p>\n<p><span style=\"font-size: 22px;\"><span style=\"font-family: Calibri,sans-serif;\">4.\u00a0 \u00a0 les juges et arbitres s\u00e9lectionn\u00e9s par la f\u00e9d\u00e9ration sportive internationale comp\u00e9tente, afin de participer \u00e0 des comp\u00e9titions internationales ou prendre part \u00e0 des formations internationales d\u00fbment autoris\u00e9es par les f\u00e9d\u00e9rations sportives agr\u00e9\u00e9es respectives ;<\/span><\/span><\/p>\n<p><span style=\"font-size: 22px;\"><span style=\"font-family: Calibri,sans-serif;\">5.\u00a0\u00a0\u00a0\u00a0\u00a0les cadres administratifs, membres de l\u2019organe d\u2019administration d\u2019une f\u00e9d\u00e9ration sportive agr\u00e9\u00e9e, d\u2019un club affili\u00e9, du C.O.S.L. ou du L.P.C., pour :<\/span><\/span><\/p>\n<p><span style=\"font-size: 22px;\"><span style=\"font-family: Calibri,sans-serif;\">\u00a0 \u00a0 \u00a0 \u00a0a)\u00a0 \u00a0 \u00a0 s\u2019occuper de la gestion courante de l\u2019organisme ;<\/span><\/span><\/p>\n<p><span style=\"font-size: 22px;\"><span style=\"font-family: Calibri,sans-serif;\">\u00a0 \u00a0 \u00a0 b)\u00a0 \u00a0\u00a0 participer \u00e0 des r\u00e9unions au plan international des organes, commissions ou groupes de travail statutaires des f\u00e9d\u00e9rations\u00a0<\/span><\/span><span style=\"font-size: 22px;\"><span style=\"font-family: Calibri,sans-serif;\">sportives <\/span><\/span><span style=\"font-size: 22px;\"><span style=\"font-family: Calibri,sans-serif;\">internationales et du mouvement olympique ou paralympique ;<\/span><\/span><\/p>\n<p><span style=\"font-size: 22px;\"><span style=\"font-family: Calibri,sans-serif;\">\u00a0 \u00a0 \u00a0 c)\u00a0\u00a0\u00a0\u00a0\u00a0\u00a0participer \u00e0 des formations organis\u00e9es au plan international d\u00fbment autoris\u00e9es par l\u2019organisme comp\u00e9tent ;<\/span><\/span><\/p>\n<p><span style=\"font-size: 22px;\"><span style=\"font-family: Calibri,sans-serif;\">6.\u00a0 \u00a0les personnes physiques d\u00e9sign\u00e9es par une f\u00e9d\u00e9ration sportive agr\u00e9\u00e9e, un club affili\u00e9, le C.O.S.L. ou le L.P.C. pour accompagner les sportifs aux comp\u00e9titions internationales officielles organis\u00e9es par les f\u00e9d\u00e9rations internationales comp\u00e9tentes ou \u00e0 des stages de pr\u00e9paration ;<\/span><\/span><\/p>\n<p><span style=\"font-size: 22px;\"><span style=\"font-family: Calibri,sans-serif;\">7.\u00a0 \u00a0 \u00a0les personnes physiques b\u00e9n\u00e9voles d\u00e9sign\u00e9es par une f\u00e9d\u00e9ration sportive agr\u00e9\u00e9e, un club affili\u00e9, le C.O.S.L. ou le L.P.C. pour participer \u00e0 l\u2019organisation de manifestations sportives internationales reconnues par les f\u00e9d\u00e9rations sportives internationales ayant lieu au Grand-Duch\u00e9 de Luxembourg ;<\/span><\/span><\/p>\n<p><span style=\"font-size: 22px;\"><span style=\"font-family: Calibri,sans-serif;\">8.\u00a0 \u00a0 \u00a0les cadres techniques d\u00e9sign\u00e9s par une f\u00e9d\u00e9ration sportive agr\u00e9\u00e9e, un club affili\u00e9, le C.O.S.L. ou le L.P.C. pour accompagner les sportifs aux comp\u00e9titions internationales officielles organis\u00e9es par les f\u00e9d\u00e9rations internationales comp\u00e9tentes, \u00e0 des stages de pr\u00e9paration ou pour participer \u00e0 des formations organis\u00e9es au plan international d\u00fbment autoris\u00e9es par l\u2019organisme comp\u00e9tent ;<\/span><\/span><\/p>\n<p><span style=\"font-size: 22px;\"><span style=\"font-family: Calibri,sans-serif;\">9.\u00a0\u00a0\u00a0\u00a0les participants qui suivent une formation organis\u00e9e par l\u2019\u00c9cole nationale d\u2019\u00e9ducation physique et des sports ou une autre formation reconnue par le ministre ayant les Sports dans ses attributions.<\/span><\/span><\/p>\n<p><span style=\"font-size: 22px;\"><span style=\"font-family: Calibri,sans-serif;\"><u>T\u00e9l\u00e9travail des frontaliers allemands<\/u>\u00a0:<\/span><\/span><\/p>\n<p><span style=\"font-size: 22px;\"><span style=\"font-family: Calibri,sans-serif;\">Les d\u00e9put\u00e9s luxembourgeois ont adopt\u00e9 le 14 d\u00e9cembre 2023 l&rsquo;Avenant modifiant la Convention du 23 avril 2012 entre le Grand-Duch\u00e9 de Luxembourg et la R\u00e9publique f\u00e9d\u00e9rale d&rsquo;Allemagne tendant \u00e0 \u00e9viter les doubles impositions et \u00e0 pr\u00e9venir la fraude fiscale en mati\u00e8re d&rsquo;imp\u00f4ts sur le revenu et sur la fortune, et le Protocole y relatif, fait \u00e0 Berlin, le 6 juillet 2023.<\/span><\/span><\/p>\n<p><span style=\"font-size: 22px;\"><span style=\"font-family: Calibri,sans-serif;\">Cet avenant pr\u00e9voit notamment l\u2019augmentation du seuil de tol\u00e9rance en mati\u00e8re fiscale pour les frontaliers r\u00e9sidant en Allemagne et travaillant au Luxembourg.<\/span><\/span><\/p>\n<p><span style=\"font-size: 22px;\"><span style=\"font-family: Calibri,sans-serif;\">Ainsi, le nombre de jours par an durant lesquels les travailleurs r\u00e9sidant en Allemagne et travaillant au Luxembourg peuvent travailler en dehors du territoire luxembourgeois s\u2019\u00e9l\u00e8ve d\u00e9sormais \u00e0 34. Durant ces 34 jours ils restent donc soumis \u00e0 l\u2019imp\u00f4t luxembourgeois.<\/span><\/span><\/p>\n<p><span style=\"font-size: 22px;\"><span style=\"font-family: 'Calibri',sans-serif;\">Cette nouvelle r\u00e8gle s\u2019applique \u00e9galement \u00e0 compter du 1<sup>er<\/sup> janvier 2024.<\/span><\/span><\/p>\n","protected":false},"excerpt":{"rendered":"<p>Les ch\u00e8ques repas\u00a0: Un r\u00e8glement grand-ducal du 25 septembre 2023, confirme que les ch\u00e8ques repas passent \u00e0 15 euros \u00e0 partir du 1er janvier 2024. Cette augmentation de la valeur du ch\u00e8que repas n\u2019est pas obligatoire pour l\u2019employeur. La contribution du salari\u00e9 reste inchang\u00e9e \u00e0 2,80 euros, alors que la valeur d\u2019exemption maximale passe \u00e0 [&hellip;]<\/p>\n","protected":false},"author":3,"featured_media":1278,"comment_status":"open","ping_status":"closed","sticky":false,"template":"","format":"standard","meta":{"_acf_changed":false,"footnotes":""},"categories":[1],"tags":[],"service_lie":[29],"type_contenu":[21],"class_list":["post-1191","post","type-post","status-publish","format-standard","has-post-thumbnail","hentry","category-uncategorized","service_lie-rh_payroll","type_contenu-actualites"],"acf":[],"_links":{"self":[{"href":"https:\/\/www.omnitrust.lu\/fr\/wp-json\/wp\/v2\/posts\/1191","targetHints":{"allow":["GET"]}}],"collection":[{"href":"https:\/\/www.omnitrust.lu\/fr\/wp-json\/wp\/v2\/posts"}],"about":[{"href":"https:\/\/www.omnitrust.lu\/fr\/wp-json\/wp\/v2\/types\/post"}],"author":[{"embeddable":true,"href":"https:\/\/www.omnitrust.lu\/fr\/wp-json\/wp\/v2\/users\/3"}],"replies":[{"embeddable":true,"href":"https:\/\/www.omnitrust.lu\/fr\/wp-json\/wp\/v2\/comments?post=1191"}],"version-history":[{"count":1,"href":"https:\/\/www.omnitrust.lu\/fr\/wp-json\/wp\/v2\/posts\/1191\/revisions"}],"predecessor-version":[{"id":1342,"href":"https:\/\/www.omnitrust.lu\/fr\/wp-json\/wp\/v2\/posts\/1191\/revisions\/1342"}],"wp:featuredmedia":[{"embeddable":true,"href":"https:\/\/www.omnitrust.lu\/fr\/wp-json\/wp\/v2\/media\/1278"}],"wp:attachment":[{"href":"https:\/\/www.omnitrust.lu\/fr\/wp-json\/wp\/v2\/media?parent=1191"}],"wp:term":[{"taxonomy":"category","embeddable":true,"href":"https:\/\/www.omnitrust.lu\/fr\/wp-json\/wp\/v2\/categories?post=1191"},{"taxonomy":"post_tag","embeddable":true,"href":"https:\/\/www.omnitrust.lu\/fr\/wp-json\/wp\/v2\/tags?post=1191"},{"taxonomy":"service_lie","embeddable":true,"href":"https:\/\/www.omnitrust.lu\/fr\/wp-json\/wp\/v2\/service_lie?post=1191"},{"taxonomy":"type_contenu","embeddable":true,"href":"https:\/\/www.omnitrust.lu\/fr\/wp-json\/wp\/v2\/type_contenu?post=1191"}],"curies":[{"name":"wp","href":"https:\/\/api.w.org\/{rel}","templated":true}]}}