{"id":1195,"date":"2023-12-19T12:19:00","date_gmt":"2023-12-19T12:19:00","guid":{"rendered":"https:\/\/omnitrust.lu\/loi-omnibus-reglementation-sur-laffichage-des-prix\/"},"modified":"2026-03-18T14:40:45","modified_gmt":"2026-03-18T14:40:45","slug":"loi-omnibus-reglementation-sur-laffichage-des-prix","status":"publish","type":"post","link":"https:\/\/www.omnitrust.lu\/fr\/blog\/loi-omnibus-reglementation-sur-laffichage-des-prix\/","title":{"rendered":"Loi \u00ab\u00a0Omnibus\u00a0\u00bb :  r\u00e8glementation sur l&rsquo;affichage des prix"},"content":{"rendered":"<p><span style=\"font-size: 22px;\"><span style=\"font-family: Calibri,sans-serif;\">Le 23 novembre 2022 a \u00e9t\u00e9 adopt\u00e9e la loi dite \u00ab\u00a0OMNIBUS\u00a0\u00bb qui d\u00e9coule de la transposition en droit luxembourgeois de la directive europ\u00e9enne \u00ab\u00a0OMNIBUS\u00a0\u00bb 2019\/2161.<\/span><\/span><\/p>\n<p><span style=\"font-size: 22px;\"><span style=\"font-family: Calibri,sans-serif;\">Pour rappel, cette loi pr\u00e9voit plusieurs obligations en mati\u00e8re d\u2019information du consommateur sur le prix des produits et des services.<\/span><\/span><\/p>\n<p><span style=\"font-size: 22px;\"><span style=\"font-family: Calibri,sans-serif;\">Cette loi pr\u00e9voit que les prix doivent \u00eatre indiqu\u00e9s de mani\u00e8re non \u00e9quivoque, ils doivent \u00eatre facilement identifiables, ais\u00e9ment lisible et de mani\u00e8re loyale.<\/span><\/span><\/p>\n<p><span style=\"font-size: 22px;\"><span style=\"font-family: Calibri,sans-serif;\">Il y a une obligation de double affichage\u00a0pour les prix des produits et des services<\/span><\/span><\/p>\n<ul>\n<li style=\"text-align: justify;\"><span style=\"font-size: 22px;\"><span style=\"font-family: Calibri,sans-serif;\">prix \u00e0 l\u2019unit\u00e9 de mesure (\u20ac\/kg, \u20ac\/m, \u20ac\/m\u00b2, \u20ac\/m3, \u20ac\/unit\u00e9 de lavage)<\/span><\/span><\/li>\n<li style=\"text-align: justify;\"><span style=\"font-size: 22px;\"><span style=\"font-family: Calibri,sans-serif;\">et prix de vente TTC<\/span><\/span><\/li>\n<\/ul>\n<p><span style=\"font-size: 22px;\"><span style=\"font-family: Calibri,sans-serif;\">Concernant l\u2019indication des r\u00e9ductions de prix, une nouvelle r\u00e8gle s\u2019applique\u00a0:<\/span><\/span><\/p>\n<ul>\n<li style=\"text-align: justify;\"><span style=\"font-size: 22px;\"><span style=\"font-family: Calibri,sans-serif;\">en cas d\u2019annonce de r\u00e9duction de prix, le prix de r\u00e9f\u00e9rence doit \u00eatre affich\u00e9<\/span><\/span><\/li>\n<li style=\"text-align: justify;\"><span style=\"font-size: 22px;\"><span style=\"font-family: Calibri,sans-serif;\">le prix de r\u00e9f\u00e9rence affich\u00e9 doit \u00eatre le prix le plus bas appliqu\u00e9 durant au moins les 30 jours pr\u00e9c\u00e9dant la r\u00e9duction<\/span><\/span><\/li>\n<\/ul>\n<p><span style=\"font-size: 22px;\"><span style=\"font-family: Calibri,sans-serif;\">Il est donc interdit\u00a0:<\/span><\/span><\/p>\n<ul>\n<li style=\"text-align: justify;\"><span style=\"font-size: 22px;\"><span style=\"font-family: Calibri,sans-serif;\">d\u2019afficher des r\u00e9ductions sur des produits qui n\u2019ont jamais \u00e9t\u00e9 en vente dans le magasin concern\u00e9\u00a0;<\/span><\/span><\/li>\n<li style=\"text-align: justify;\"><span style=\"font-size: 22px;\"><span style=\"font-family: Calibri,sans-serif;\">d\u2019afficher des r\u00e9ductions fantaisistes, sans prix de r\u00e9f\u00e9rence, ou<\/span><\/span><\/li>\n<li style=\"text-align: justify;\"><span style=\"font-size: 22px;\"><span style=\"font-family: Calibri,sans-serif;\">d\u2019augmenter le prix pour pouvoir afficher une r\u00e9duction plus importante dans un deuxi\u00e8me temps<\/span><\/span><\/li>\n<\/ul>\n<p><span style=\"font-size: 22px;\"><span style=\"font-family: Calibri,sans-serif;\">Exceptions\u00a0:<\/span><\/span><\/p>\n<ul>\n<li style=\"text-align: justify;\"><span style=\"font-size: 22px;\"><span style=\"font-family: Calibri,sans-serif;\">Pour les produits p\u00e9rissables, si la commercialisation est inf\u00e9rieure \u00e0 30 jours, le prix de r\u00e9f\u00e9rence sera le prix le plus bas appliqu\u00e9 depuis la commercialisation<\/span><\/span><\/li>\n<li style=\"text-align: justify;\"><span style=\"font-size: 22px;\"><span style=\"font-family: Calibri,sans-serif;\">Diminution de la p\u00e9riode de r\u00e9f\u00e9rence de 30 jours pour les produits nouvellement commercialis\u00e9s\u00a0: le prix de r\u00e9f\u00e9rence sera le prix le plus bas appliqu\u00e9 depuis la commercialisation<\/span><\/span><\/li>\n<li style=\"text-align: justify;\"><span style=\"font-size: 22px;\"><span style=\"font-family: Calibri,sans-serif;\">Il peut y avoir des r\u00e9ductions successives, dans ce cas, le prix de r\u00e9f\u00e9rence est celui avant la premi\u00e8re r\u00e9duction<\/span><\/span><\/li>\n<\/ul>\n<p><span style=\"font-size: 22px;\"><span style=\"font-family: Calibri,sans-serif;\">Les sanctions\u00a0:<\/span><\/span><\/p>\n<p><span style=\"font-size: 22px;\"><span style=\"font-family: Calibri,sans-serif;\">En cas de non-respect des dispositions l\u00e9gales, il y a deux types de sanctions\u00a0:<\/span><\/span><\/p>\n<ul>\n<li style=\"text-align: justify;\"><span style=\"font-size: 22px;\"><span style=\"font-family: Calibri,sans-serif;\">Des sanctions p\u00e9nales\u00a0:<\/span><\/span><\/li>\n<\/ul>\n<ul>\n<li style=\"text-align: justify;\"><span style=\"font-size: 22px;\"><span style=\"font-family: Calibri,sans-serif;\">Contraventionnelles\u00a0: avertissement tax\u00e9s\/proc\u00e8s-verbaux<\/span><\/span><\/li>\n<li style=\"text-align: justify;\"><span style=\"font-size: 22px;\"><span style=\"font-family: Calibri,sans-serif;\">D\u00e9lictuelles\u00a0: proc\u00e8s-verbaux<\/span><\/span><\/li>\n<li style=\"text-align: justify;\"><span style=\"font-size: 22px;\"><span style=\"font-family: Calibri,sans-serif;\">Actions en cessation\/interdiction (astreintes et amendes p\u00e9nales)<\/span><\/span><\/li>\n<\/ul>\n<p><span style=\"font-size: 22px;\"><span style=\"font-family: Calibri,sans-serif;\">Pour les violations ayant une large port\u00e9e en vertu des r\u00e8gles de l&rsquo;UE, les amendes peuvent aller jusqu&rsquo;\u00e0 4% du chiffre d&rsquo;affaires ou jusqu&rsquo;\u00e0 2 millions d&rsquo;euros. Sont concern\u00e9es les violations transfrontali\u00e8res, affectant au moins 3 \u00c9tats membres ou la plus grande partie (2\/3) de la population de l&rsquo;UE.<\/span><\/span><\/p>\n<p><span style=\"font-size: 22px;\"><span style=\"font-family: Calibri,sans-serif;\">L\u2019affichage du prix doit \u00eatre non \u00e9quivoque, facilement identifiable et ais\u00e9ment lisible et ce qu\u2019il s\u2019agisse du prix, du prix r\u00e9duit, du prix ant\u00e9rieur ou d\u2019un autre prix.<\/span><\/span><\/p>\n<p><span style=\"font-size: 22px;\"><span style=\"font-family: Calibri,sans-serif;\">Le prix peut \u00eatre affich\u00e9 sur chaque produit ou au-devant de l\u2019\u00e9tag\u00e8re (vrac, produits identiques) ou \u00e0 l\u2019aide d\u2019une liste.<\/span><\/span><\/p>\n<p><span style=\"font-size: 22px;\"><span style=\"font-family: Calibri,sans-serif;\">Les r\u00e8gles sont les m\u00eame pour les vitrines, \u00e9tag\u00e8res, publicit\u00e9 traditionnelle, vente en ligne et publicit\u00e9 en ligne. <\/span><\/span><\/p>\n<p><span style=\"font-size: 22px;\"><span style=\"font-family: Calibri,sans-serif;\">Quelques exemples de r\u00e9ductions de prix\u00a0:<\/span><\/span><\/p>\n<p><span style=\"font-size: 22px;\"><span style=\"font-family: Calibri,sans-serif;\"><u>Exemple N\u00b01<\/u>\u00a0:<\/span><\/span><\/p>\n<p><span style=\"font-size: 22px;\"><span style=\"font-family: Calibri,sans-serif;\">Action 1 + 1 gratuit\u00a0: doit-on appliquer le prix de r\u00e9f\u00e9rence\u00a0?<\/span><\/span><\/p>\n<p><span style=\"font-size: 22px;\"><span style=\"font-family: Calibri,sans-serif;\">Non, il suffit d\u2019afficher le prix d\u2019un produit, sans r\u00e9f\u00e9rence \u00e0 un prix ant\u00e9rieur<\/span><\/span><\/p>\n<p><span style=\"font-size: 22px;\"><span style=\"font-family: Calibri,sans-serif;\"><u>Exemple N\u00b0 2<\/u>\u00a0: <\/span><\/span><\/p>\n<p><span style=\"font-size: 22px;\"><span style=\"font-family: Calibri,sans-serif;\">R\u00e9duction du prix d\u2019un produit alimentaire pr\u00e9emball\u00e9\u00a0: le prix de r\u00e9f\u00e9rence se rapporte\u00a0au prix de vente en euros TTC. Il faut donc indiquer\u00a0:<\/span><\/span><\/p>\n<ul>\n<li style=\"text-align: justify;\"><span style=\"font-size: 22px;\"><span style=\"font-family: Calibri,sans-serif;\">La r\u00e9duction<\/span><\/span><\/li>\n<li style=\"text-align: justify;\"><span style=\"font-size: 22px;\"><span style=\"font-family: Calibri,sans-serif;\">Le prix de vente<\/span><\/span><\/li>\n<li style=\"text-align: justify;\"><span style=\"font-size: 22px;\"><span style=\"font-family: Calibri,sans-serif;\">Le prix ant\u00e9rieur<\/span><\/span><\/li>\n<li style=\"text-align: justify;\"><span style=\"font-size: 22px;\"><span style=\"font-family: Calibri,sans-serif;\">Le prix \u00e0 l\u2019unit\u00e9 de mesure (\u20ac\/kg, \u20ac\/m, \u20ac\/m\u00b2, \u20ac\/m3), calcul\u00e9 par rapport au prix de vente<\/span><\/span><\/li>\n<\/ul>\n<p><span style=\"font-size: 22px;\"><span style=\"font-family: Calibri,sans-serif;\"><u>Exemple N\u00b0 3<\/u>\u00a0:<\/span><\/span><\/p>\n<p><span style=\"font-size: 22px;\"><span style=\"font-family: Calibri,sans-serif;\">\u00ab Avantages carte client\u00a0: profitez en permanence de 5 % \u00e0 la caisse sur tous vos achats\u00a0! ou payez avec les points accumul\u00e9s sur votre carte client\u00a0! \u00bb<\/span><\/span><\/p>\n<p><span style=\"font-size: 22px;\"><span style=\"font-family: Calibri,sans-serif;\">Est-ce qu\u2019il faut respecter l\u2019affichage du prix ant\u00e9rieur\u00a0?<\/span><\/span><\/p>\n<p><span style=\"font-size: 22px;\"><span style=\"font-family: Calibri,sans-serif;\">Non, car il ne s\u2019agit pas d\u2019une annonce de r\u00e9duction de prix d\u2019un produit proprement dite, mais d\u2019un avantage li\u00e9 exclusivement \u00e0 la d\u00e9tention d\u2019une carte client et d\u2019une remise permanente en caisse.<\/span><\/span><\/p>\n<p><span style=\"font-size: 22px;\"><span style=\"font-family: Calibri,sans-serif;\"><u>Exemple N\u00b0 4<\/u>\u00a0: <\/span><\/span><\/p>\n<p><span style=\"font-size: 22px;\"><span style=\"font-family: Calibri,sans-serif;\">\u00ab\u00a0Cette semaine\u00a0: &#8211; 10 % sur le rayon jouets avec votre carte client\u00a0!\u00a0\u00bb<\/span><\/span><\/p>\n<p><span style=\"font-size: 22px;\"><span style=\"font-family: Calibri,sans-serif;\">Il faut respecter l\u2019affichage du prix ant\u00e9rieur, notamment si la carte client est mise \u00e0 disposition gratuitement ou utilis\u00e9e par la majorit\u00e9 des clients.<\/span><\/span><\/p>\n<p><span style=\"font-size: 22px;\"><span style=\"font-family: Calibri,sans-serif;\"><u>Exemple N\u00b0 5<\/u>\u00a0: <\/span><\/span><\/p>\n<p><span style=\"font-size: 22px;\"><span style=\"font-family: Calibri,sans-serif;\">Action commerciale N\u00b0 1\u00a0:<\/span><\/span><\/p>\n<p><span style=\"font-size: 22px;\"><span style=\"font-family: Calibri,sans-serif;\">\u00ab\u00a0Cette semaine\u00a0: &#8211; 25 % sur le lait\u00a0!\u00a0\u00bb<\/span><\/span><\/p>\n<p><span style=\"font-size: 22px;\"><span style=\"font-family: Calibri,sans-serif;\">Trois semaines plus tard, action commerciale n\u00b02\u00a0:<\/span><\/span><\/p>\n<p><span style=\"font-size: 22px;\"><span style=\"font-family: Calibri,sans-serif;\">\u00ab\u00a0ce week-end\u00a0: &#8211; 15 % sur le rayon laiterie\u00a0\u00bb<\/span><\/span><\/p>\n<p><span style=\"font-size: 22px;\"><span style=\"font-family: Calibri,sans-serif;\">Le prix de r\u00e9f\u00e9rence du lait est de\u00a0:<\/span><\/span><\/p>\n<p><span style=\"font-size: 22px;\"><span style=\"font-family: Calibri,sans-serif;\">Prix = X = prix de vente lors de l\u2019action commerciale n\u00b01<\/span><\/span><\/p>\n<p><span style=\"font-size: 22px;\"><span style=\"font-family: Calibri,sans-serif;\">Prix de r\u00e9f\u00e9rence du lait = X-(0,25 * X) c\u2019est le prix de vente lors de l\u2019action commerciale n\u00b01<\/span><\/span><\/p>\n<p><span style=\"font-size: 22px;\"><span style=\"font-family: Calibri,sans-serif;\">Il ne s\u2019agit pas d\u2019une r\u00e9duction successive dans le cas pr\u00e9sent.<\/span><\/span><\/p>\n<p><span style=\"font-size: 22px;\"><span style=\"font-family: Calibri,sans-serif;\">Par ailleurs, m\u00eame pour les produits frais, le principe de l\u2019affichage du prix le plus bas ant\u00e9rieur s\u2019applique.<\/span><\/span><\/p>\n<p><span style=\"font-size: 22px;\"><span style=\"font-family: Calibri,sans-serif;\">Du point de vue du consommateur, la promotion porte sur les produits laitiers en g\u00e9n\u00e9ral et non pas sur une ou plusieurs bouteilles en particulier.<\/span><\/span><\/p>\n<p><span style=\"font-size: 22px;\"><span style=\"font-family: Calibri,sans-serif;\"><u>Exemple N\u00b0 6<\/u>\u00a0: <\/span><\/span><\/p>\n<p><span style=\"font-size: 22px;\"><span style=\"font-family: Calibri,sans-serif;\">Action Saint-Nicolas du 1\/10 \u2013 6\/12\u00a0: &#8211; 15 % sur tous les jouets avec votre carte client\u00a0\u00bb<\/span><\/span><\/p>\n<p><span style=\"font-size: 22px;\"><span style=\"font-family: Calibri,sans-serif;\">Doit-on apposer un prix de r\u00e9f\u00e9rence pour tous les jouets qui repr\u00e9sente leur prix le plus bas appliqu\u00e9 entre le 01\/09 et le 30\/09\u00a0?<\/span><\/span><\/p>\n<p><span style=\"font-size: 22px;\"><span style=\"font-family: Calibri,sans-serif;\">Oui, car l\u2019annonce s\u2019adresse potentiellement \u00e0 tous les clients. A d\u00e9faut, un client, d\u00e9tenteur d\u2019une carte membre pourrait r\u00e9clamer l\u2019application d\u2019un prix plus bas (par exemple affich\u00e9 sans une promotion de la p\u00e9riode de r\u00e9f\u00e9rence)<\/span><\/span><\/p>\n<p><span style=\"font-size: 22px;\"><span style=\"font-family: Calibri,sans-serif;\"><u>Exemple N\u00b0 7<\/u>\u00a0:<\/span><\/span><\/p>\n<p><span style=\"font-size: 22px;\"><span style=\"font-family: Calibri,sans-serif;\">\u00ab\u00a0action TVA offerte\u00a0! Sur tous nos parfums.\u00a0\u00bb<\/span><\/span><\/p>\n<p><span style=\"font-size: 22px;\"><span style=\"font-family: Calibri,sans-serif;\">Doit-on afficher un prix de r\u00e9f\u00e9rence pour tous les parfums, qui sont les prix ant\u00e9rieurs TVA incluse\u00a0?<\/span><\/span><\/p>\n<p><span style=\"font-size: 22px;\"><span style=\"font-family: Calibri,sans-serif;\">Oui, car techniquement il s\u2019agit d\u2019une annonce de r\u00e9duction de prix de -17 %.<\/span><\/span><\/p>\n<p><span style=\"font-size: 22px;\"><span style=\"font-family: Calibri,sans-serif;\"><u>Exemple N\u00b0 8<\/u>\u00a0:<\/span><\/span><\/p>\n<p><span style=\"font-size: 22px;\"><span style=\"font-family: Calibri,sans-serif;\">Notre garantie prix bas en permanence\u00a0: &#8211; 40 % compar\u00e9 au prix de vente recommand\u00e9.<\/span><\/span><\/p>\n<p><span style=\"font-size: 22px;\"><span style=\"font-family: Calibri,sans-serif;\">Dans ce cas peut-on continuer \u00e0 attirer l\u2019attention du consommateur \u00e0 des bonnes affaires en utilisant des autres prix de r\u00e9f\u00e9rence\u00a0?<\/span><\/span><\/p>\n<p><span style=\"font-size: 22px;\"><span style=\"font-family: Calibri,sans-serif;\">Oui, si on peut documenter que c\u2019est effectivement le prix de revente recommand\u00e9 actuel de fournisseur et que la r\u00e9f\u00e9rence utilis\u00e9e ne pr\u00eate pas \u00e0 la confusion du consommateur.<\/span><\/span><\/p>\n<p><span style=\"font-size: 22px;\"><span style=\"font-family: Calibri,sans-serif;\"><u>Exemple N\u00b0 9<\/u>\u00a0:<\/span><\/span><\/p>\n<p><span style=\"font-size: 22px;\"><span style=\"font-family: Calibri,sans-serif;\">\u00ab\u00a0R\u00e9cup\u00e9rez votre verre gratuit \u00e0 l\u2019achat d\u2019un pack de 6 bouteilles\u00a0!\u00a0\u00bb<\/span><\/span><\/p>\n<p><span style=\"font-size: 22px;\"><span style=\"font-family: Calibri,sans-serif;\">Peut-on encore afficher des promotions sur les verres concern\u00e9s pendant 30 jours\u00a0?<\/span><\/span><\/p>\n<p><span style=\"font-size: 22px;\"><span style=\"font-family: Calibri,sans-serif;\">Oui, vous pouvez lancer une action promotionnelle sur les verres de mani\u00e8re ind\u00e9pendante, car il s\u2019agit ici d\u2019une offre conditionnelle, et non pas d\u2019une annonce de r\u00e9duction de prix.<\/span><\/span><\/p>\n<p><span style=\"font-size: 22px;\"><span style=\"font-family: Calibri,sans-serif;\"><u>Exemple N\u00b0 10<\/u>\u00a0:<\/span><\/span><\/p>\n<p><span style=\"font-size: 22px;\"><span style=\"font-family: Calibri,sans-serif;\">Est-ce que je peux proposer des remises spontan\u00e9es \u00e0 mes clients \u00e0 la caisse\u00a0?<\/span><\/span><\/p>\n<p><span style=\"font-size: 22px;\"><span style=\"font-family: Calibri,sans-serif;\">Oui, il ne s\u2019agit pas d\u2019une annonce de r\u00e9duction de prix, mais d\u2019un geste commercial au client individuel. Attention, le prix \u00e0 la caisse ne peut jamais \u00eatre sup\u00e9rieur \u00e0 celui affich\u00e9 en rayon.<\/span><\/span><\/p>\n","protected":false},"excerpt":{"rendered":"<p>Le 23 novembre 2022 a \u00e9t\u00e9 adopt\u00e9e la loi dite \u00ab\u00a0OMNIBUS\u00a0\u00bb qui d\u00e9coule de la transposition en droit luxembourgeois de la directive europ\u00e9enne \u00ab\u00a0OMNIBUS\u00a0\u00bb 2019\/2161. Pour rappel, cette loi pr\u00e9voit plusieurs obligations en mati\u00e8re d\u2019information du consommateur sur le prix des produits et des services. Cette loi pr\u00e9voit que les prix doivent \u00eatre indiqu\u00e9s de [&hellip;]<\/p>\n","protected":false},"author":3,"featured_media":0,"comment_status":"open","ping_status":"closed","sticky":false,"template":"","format":"standard","meta":{"_acf_changed":false,"footnotes":""},"categories":[1],"tags":[],"service_lie":[],"type_contenu":[21],"class_list":["post-1195","post","type-post","status-publish","format-standard","hentry","category-uncategorized","type_contenu-actualites"],"acf":[],"_links":{"self":[{"href":"https:\/\/www.omnitrust.lu\/fr\/wp-json\/wp\/v2\/posts\/1195","targetHints":{"allow":["GET"]}}],"collection":[{"href":"https:\/\/www.omnitrust.lu\/fr\/wp-json\/wp\/v2\/posts"}],"about":[{"href":"https:\/\/www.omnitrust.lu\/fr\/wp-json\/wp\/v2\/types\/post"}],"author":[{"embeddable":true,"href":"https:\/\/www.omnitrust.lu\/fr\/wp-json\/wp\/v2\/users\/3"}],"replies":[{"embeddable":true,"href":"https:\/\/www.omnitrust.lu\/fr\/wp-json\/wp\/v2\/comments?post=1195"}],"version-history":[{"count":2,"href":"https:\/\/www.omnitrust.lu\/fr\/wp-json\/wp\/v2\/posts\/1195\/revisions"}],"predecessor-version":[{"id":1346,"href":"https:\/\/www.omnitrust.lu\/fr\/wp-json\/wp\/v2\/posts\/1195\/revisions\/1346"}],"wp:attachment":[{"href":"https:\/\/www.omnitrust.lu\/fr\/wp-json\/wp\/v2\/media?parent=1195"}],"wp:term":[{"taxonomy":"category","embeddable":true,"href":"https:\/\/www.omnitrust.lu\/fr\/wp-json\/wp\/v2\/categories?post=1195"},{"taxonomy":"post_tag","embeddable":true,"href":"https:\/\/www.omnitrust.lu\/fr\/wp-json\/wp\/v2\/tags?post=1195"},{"taxonomy":"service_lie","embeddable":true,"href":"https:\/\/www.omnitrust.lu\/fr\/wp-json\/wp\/v2\/service_lie?post=1195"},{"taxonomy":"type_contenu","embeddable":true,"href":"https:\/\/www.omnitrust.lu\/fr\/wp-json\/wp\/v2\/type_contenu?post=1195"}],"curies":[{"name":"wp","href":"https:\/\/api.w.org\/{rel}","templated":true}]}}