{"id":1202,"date":"2023-09-22T12:19:00","date_gmt":"2023-09-22T12:19:00","guid":{"rendered":"https:\/\/omnitrust.lu\/reforme-des-autorisations-detablissement\/"},"modified":"2026-03-18T13:06:55","modified_gmt":"2026-03-18T13:06:55","slug":"reforme-des-autorisations-detablissement","status":"publish","type":"post","link":"https:\/\/www.omnitrust.lu\/fr\/blog\/reforme-des-autorisations-detablissement\/","title":{"rendered":"R\u00e9forme des autorisations d\u2019\u00e9tablissement"},"content":{"rendered":"<p><span style=\"font-size:36px\"><strong>Loi du 26 juillet 2023 portant modification de la loi modifi\u00e9e du 2 septembre 2011 relative aux autorisations d&rsquo;\u00e9tablissement<\/strong><\/span><\/p>\n<p><span style=\"font-size:24px\"><span style=\"font-family:Calibri,sans-serif\">Cette nouvelle loi a \u00e9t\u00e9 publi\u00e9e le 28 ao\u00fbt 2023 au Journal Officiel et est entr\u00e9e en vigueur le 1<sup>er<\/sup> septembre 2023.<\/span><\/span><\/p>\n<p><span style=\"font-size:24px\"><span style=\"font-family:Calibri,sans-serif\">Voici donc les principales nouveaut\u00e9s applicables en mati\u00e8re de droit d\u2019\u00e9tablissement.<\/span><\/span><\/p>\n<p><span style=\"font-size:24px\"><span style=\"font-family:Calibri,sans-serif\">La nouvelle loi vient en premier lieu pr\u00e9ciser la n\u00e9cessit\u00e9 de demander une autorisation d\u2019\u00e9tablissement lorsque l\u2019exercice de l\u2019activit\u00e9 se fait de mani\u00e8re habituelle.<\/span><\/span><\/p>\n<p><span style=\"font-size:24px\"><span style=\"font-family:Calibri,sans-serif\"><u>Nouvelles autorisations\u00a0introduites par la loi du 26 juillet 2023<\/u> :<\/span><\/span><\/p>\n<ul>\n<li style=\"text-align:justify\"><span style=\"font-size:24px\"><span style=\"font-family:Calibri,sans-serif\">La profession d\u2019apporteur d\u2019affaires immobilier\u00a0: cela vise l\u2019apparition de nouveaux interm\u00e9diaires au niveau de la vente ou de la location de biens immobiliers\u00a0: est concern\u00e9e l\u2019activit\u00e9 commerciale consistant \u00e0 mettre en relation un agent immobilier ou un promoteur immobilier et toute autre personne souhaitant vendre ou louer un bien immobilier.<\/span><\/span><\/li>\n<\/ul>\n<p><span style=\"font-size:24px\"><span style=\"font-family:Calibri,sans-serif\">Les apporteurs d\u2019affaires immobiliers devront tout comme les agents immobiliers accomplir une formation acc\u00e9l\u00e9r\u00e9e sp\u00e9cifique, portant au moins sur la d\u00e9ontologie professionnelle et la l\u00e9gislation luxembourgeoise relative au mandat, \u00e0 la vente, aux droits d\u2019enregistrement, aux baux \u00e0 loyer, \u00e0 l\u2019am\u00e9nagement du territoire, aux autorisations d\u2019exploitation, \u00e0 la vente d\u2019immeubles \u00e0 construire, aux garanties en rapport avec les immeubles, \u00e0 la taxe sur la valeur ajout\u00e9e, \u00e0 la copropri\u00e9t\u00e9, aux pratiques commerciales, \u00e0 la r\u00e9mun\u00e9ration des agents immobiliers et \u00e0 la lutte contre le blanchiment d\u2019argent.<\/span><\/span><\/p>\n<p><span style=\"font-size:24px\"><span style=\"font-family:Calibri,sans-serif\">Aucune assurance n\u2019est cependant exig\u00e9e pour l\u2019exercice de cette nouvelle profession.<\/span><\/span><\/p>\n<ul>\n<li style=\"text-align:justify\"><span style=\"font-size:24px\"><span style=\"font-family:Calibri,sans-serif\">L\u2019entreprise qui exerce l\u2019activit\u00e9 de vente de v\u00e9hicules automoteurs doit solliciter et obtenir une autorisation d\u2019\u00e9tablissement pour activit\u00e9 et services commerciaux de vente de v\u00e9hicules.<\/span><\/span><\/li>\n<li style=\"text-align:justify\"><span style=\"font-size:24px\"><span style=\"font-family:Calibri,sans-serif\">L\u2019entreprise qui exerce l\u2019activit\u00e9 de location de bureaux ou d\u2019espace de travail partag\u00e9 ou bureaux avec services auxiliaires doit obtenir\u00a0une autorisation d\u2019\u00e9tablissement pour activit\u00e9s et services commerciaux de location d\u2019espace de travail partag\u00e9 ou bureaux avec services auxiliaires.<\/span><\/span><\/li>\n<li style=\"text-align:justify\"><span style=\"font-size:24px\"><span style=\"font-family:Calibri,sans-serif\">L\u2019entreprise qui exerce l\u2019activit\u00e9 de commerce alimentaire doit obtenir une autorisation d\u2019\u00e9tablissement pour activit\u00e9 et services commerciaux de commerce alimentaire.<\/span><\/span><\/li>\n<li style=\"text-align:justify\"><span style=\"font-size:24px\"><span style=\"font-family:Calibri,sans-serif\">Une autorisation d\u2019\u00e9tablissement pour activit\u00e9 et services commerciaux de biens meubles de grande valeur est \u00e9galement cr\u00e9\u00e9e pour les activit\u00e9s suivantes\u00a0:<\/span><\/span><\/li>\n<\/ul>\n<p><span style=\"font-size:24px\"><span style=\"font-family:Calibri,sans-serif\">\u00a0 \u00a0 \u00a0 \u00a0&#8211; N\u00e9gociation d\u2019achat ou de vente ou de d\u00e9positaire d\u2019\u0153uvres d\u2019art, de m\u00e9taux pr\u00e9cieux ou de pierres pr\u00e9cieuses que ce soit directement ou comme interm\u00e9diaire y compris dans les zones franches et entrep\u00f4ts douaniers lorsque la valeur de la transaction ou d\u2019une s\u00e9rie de transactions li\u00e9es est d\u2019un montant \u00e9gal ou sup\u00e9rieur \u00e0 10.000 EUR hors TVA<\/span><\/span><\/p>\n<p><span style=\"font-size:24px\"><span style=\"font-family:Calibri,sans-serif\">\u00a0 \u00a0 \u00a0 &#8211; Vente de d\u00e9tail ou de gros d\u2019un ou plusieurs bijoux en une seule transaction, de l\u2019horlogerie, ou tout autre bien meuble lorsque la valeur de la transaction est d\u2019un montant \u00e9gal ou sup\u00e9rieur \u00e0 10.000 EUR hors TVA<\/span><\/span><\/p>\n<ul>\n<li style=\"text-align:justify\"><span style=\"font-size:24px\"><span style=\"font-family:Calibri,sans-serif\">Exploitant d\u2019h\u00e9bergement\u00a0: l\u2019activit\u00e9 commerciale qui consiste \u00e0 louer des unit\u00e9s d\u2019h\u00e9bergement et qui s\u2019\u00e9tend \u00e0 quatre-vingt-dix nuit\u00e9es ou plus, cumul\u00e9es au cours d\u2019une ann\u00e9e. Il est \u00e9tabli pour chaque unit\u00e9 d\u2019h\u00e9bergement un d\u00e9compte des nuit\u00e9es qui s\u2019additionne avec les nuit\u00e9es dans les autres unit\u00e9s d\u2019h\u00e9bergement offertes par le m\u00eame exploitant. Ce d\u00e9compte sert de base pour le calcul du seuil de quatre-vingt-dix nuit\u00e9es.\u00a0<\/span><\/span><span style=\"font-size:24px\"><span style=\"font-family:Calibri,sans-serif\">Les exploitants d\u2019\u00e9tablissements d\u2019h\u00e9bergement sont soumis \u00e0 l\u2019accomplissement avec succ\u00e8s d\u2019une formation portant sur les r\u00e8gles g\u00e9n\u00e9rales d\u2019hygi\u00e8ne des denr\u00e9es alimentaires, sur les modalit\u00e9s de v\u00e9rification du respect desdites r\u00e8gles, mais \u00e9galement sur le respect des droits de l\u2019Homme ainsi que la protection des mineurs. Cette formation doit \u00eatre r\u00e9alis\u00e9e dans un d\u00e9lai de 6 mois suivant la r\u00e9alisation du seuil de 3 mois.<\/span><\/span><\/li>\n<\/ul>\n<p><span style=\"font-size:24px\"><span style=\"font-family:Calibri,sans-serif\"><u>Limitation du nombre d\u2019autorisations d\u2019\u00e9tablissement pouvant \u00eatre d\u00e9tenues concomitamment par un dirigeant dans plusieurs entreprises<\/u>\u00a0: <\/span><\/span><\/p>\n<p><span style=\"font-size:24px\"><span style=\"font-family:Calibri,sans-serif\">La loi distingue entre entreprises li\u00e9es et entreprises non li\u00e9es\u00a0: <\/span><\/span><\/p>\n<ul>\n<li style=\"text-align:justify\"><span style=\"font-size:24px\"><span style=\"font-family:Calibri,sans-serif\">Si les entreprises ne sont pas li\u00e9es et que ces entreprises exercent des m\u00e9tiers artisanaux issus des listes A et B, le dirigeant ne pourra poss\u00e9der plus de deux autorisations d\u2019\u00e9tablissement.<\/span><\/span><\/li>\n<li style=\"text-align:justify\"><span style=\"font-size:24px\"><span style=\"font-family:Calibri,sans-serif\">Si les entreprises son li\u00e9es ou que le dirigeant poss\u00e8de au moins 25% des parts sociales de ces entreprises, directement ou indirectement alors aucune limite du nombre d\u2019autorisation n\u2019est impos\u00e9e.<\/span><\/span><\/li>\n<li style=\"text-align:justify\"><span style=\"font-size:24px\"><span style=\"font-family:Calibri,sans-serif\">En ce qui concerne les activit\u00e9s issues de la nouvelle liste C, ou les activit\u00e9s commerciales ou autre aucune limitation du nombre d\u2019autorisation n\u2019est pr\u00e9vue.<\/span><\/span><\/li>\n<\/ul>\n<p><span style=\"font-size:24px\"><span style=\"font-family:Calibri,sans-serif\"><u>Nouvelles Conditions relatives aux dirigeants<\/u>\u00a0:<\/span><\/span><\/p>\n<ul>\n<li style=\"text-align:justify\"><span style=\"font-size:24px\"><span style=\"font-family:Calibri,sans-serif\">Il est d\u00e9sormais pr\u00e9vu que le dirigeant doit assurer effectivement et en permanence la gestion journali\u00e8re de l\u2019entreprise en r\u00e9sidant dans l\u2019espace \u00e9conomique europ\u00e9en et dont la pr\u00e9sence r\u00e9guli\u00e8re dans l\u2019\u00e9tablissement est r\u00e9elle et attestable\u00a0;<\/span><\/span><\/li>\n<li style=\"text-align:justify\"><span style=\"font-size:24px\"><span style=\"font-family:Calibri,sans-serif\">Le dirigeant doit avoir un lien r\u00e9el avec l\u2019entreprise en \u00e9tant propri\u00e9taire si l\u2019activit\u00e9 est en nom personnel ou en \u00e9tant inscrit au registre de commerce et des soci\u00e9t\u00e9s comme mandataire de l\u2019entreprise si l\u2019entreprise prend la forme d\u2019une soci\u00e9t\u00e9\u00a0;<\/span><\/span><\/li>\n<li style=\"text-align:justify\"><span style=\"font-size:24px\"><span style=\"font-family:Calibri,sans-serif\">En plus de ne\u00a0pas s\u2019\u00eatre soustrait aux charges sociales et fiscales il ne doit pas s\u2019\u00eatre soustrait aux retenues \u00e0 la source soit en nom propre, soit par l\u2019interm\u00e9diaire d\u2019une soci\u00e9t\u00e9 qu\u2019il dirige ou a dirig\u00e9.<\/span><\/span><\/li>\n<\/ul>\n<p><span style=\"font-size:24px\"><span style=\"font-family:Calibri,sans-serif\">De nouveaux manquements (qui s\u2019ajoutent aux pr\u00e9c\u00e9dents) peuvent affecter l\u2019honorabilit\u00e9 professionnelle et conduire au refus de d\u00e9livrance de l\u2019autorisation d\u2019\u00e9tablissement, \u00e0 savoir\u00a0:<\/span><\/span><\/p>\n<ul>\n<li style=\"text-align:justify\"><span style=\"font-size:24px\"><span style=\"font-family:Calibri,sans-serif\">Le d\u00e9faut r\u00e9p\u00e9t\u00e9 de publications l\u00e9gales au registre des b\u00e9n\u00e9ficiaires effectifs\u00a0;<\/span><\/span><\/li>\n<li style=\"text-align:justify\"><span style=\"font-size:24px\"><span style=\"font-family:Calibri,sans-serif\">Le d\u00e9faut de se conformer aux chapitres 2 et 3 de la loi du 12 novembre 2004 relative \u00e0 la lutte contre le blanchiment et contre le financement du terrorisme\u00a0;<\/span><\/span><\/li>\n<li style=\"text-align:justify\"><span style=\"font-size:24px\"><span style=\"font-family:Calibri,sans-serif\">Le d\u00e9faut de proc\u00e9der aux d\u00e9clarations d\u2019imp\u00f4t direct y inclus aux d\u00e9clarations de retenues \u00e0 la source ou d\u2019imp\u00f4t indirect, relatives \u00e0 deux exercices subs\u00e9quents au cours d\u2019une p\u00e9riode de trois ans\u00a0;<\/span><\/span><\/li>\n<li style=\"text-align:justify\"><span style=\"font-size:24px\"><span style=\"font-family:Calibri,sans-serif\">La dissimulation d\u2019une partie du passif ou l\u2019exag\u00e9ration de l\u2019actif de l\u2019entreprise \u00e0 l\u2019encontre d\u2019un nouveau dirigeant devant endosser l\u2019autorisation d\u2019\u00e9tablissement ou des d\u00e9tenteurs de la majorit\u00e9 des parts sociales ou des personnes en mesure d\u2019exercer une influence significative sur la gestion ou l\u2019administration de l\u2019entreprise.<\/span><\/span><\/li>\n<\/ul>\n<p><span style=\"font-size:24px\"><span style=\"font-family:Calibri,sans-serif\"><u>Le principe de la nouvelle chance <\/u>:<\/span><\/span><\/p>\n<p><span style=\"font-size:24px\"><span style=\"font-family:Calibri,sans-serif\">La nouvelle chance consiste \u00e0 donner l\u2019opportunit\u00e9 \u00e0 une personne physique de b\u00e9n\u00e9ficier d\u2019une confiance renouvel\u00e9e \u00e0 entamer une nouvelle activit\u00e9 en lui accordant une nouvelle autorisation d\u2019\u00e9tablissement malgr\u00e9 son implication dans une faillite ou une liquidation judiciaire lors de son activit\u00e9 pr\u00e9c\u00e9dente.<\/span><\/span><\/p>\n<p><span style=\"font-size:24px\"><span style=\"font-family:Calibri,sans-serif\">Cette opportunit\u00e9 est cependant limit\u00e9e \u00e0 certains cas de faillites \u00e0 savoir\u00a0:<\/span><\/span><\/p>\n<ul>\n<li style=\"text-align:justify\"><span style=\"font-size:24px\"><span style=\"font-family:Calibri,sans-serif\">Si la faillite est survenue suite \u00e0 une calamit\u00e9 naturelle qui a \u00e9t\u00e9 reconnue comme telle par le Gouvernement en conseil<\/span><\/span><\/li>\n<li style=\"text-align:justify\"><span style=\"font-size:24px\"><span style=\"font-family:Calibri,sans-serif\">Si la faillite r\u00e9sulte d\u2019une destruction involontaire du lieu de production ou de l\u2019outil de production<\/span><\/span><\/li>\n<li style=\"text-align:justify\"><span style=\"font-size:24px\"><span style=\"font-family:Calibri,sans-serif\">Si la faillite fait suite \u00e0 la perte d\u2019un client pr\u00e9\u00e9minent<\/span><\/span><\/li>\n<li style=\"text-align:justify\"><span style=\"font-size:24px\"><span style=\"font-family:Calibri,sans-serif\">Si la faillite est caus\u00e9e par un chantier de travail public d\u2019envergure<\/span><\/span><\/li>\n<li style=\"text-align:justify\"><span style=\"font-size:24px\"><span style=\"font-family:Calibri,sans-serif\">Si la faillite est li\u00e9e \u00e0 une pand\u00e9mie reconnue comme telle par le Gouvernement en conseil<\/span><\/span><\/li>\n<li style=\"text-align:justify\"><span style=\"font-size:24px\"><span style=\"font-family:Calibri,sans-serif\">Si la faillite est li\u00e9e \u00e0 une perte de rentabilit\u00e9 \u00e0 la suite d\u2019une perturbation majeure du march\u00e9\u00a0: ce dernier cas ne s\u2019applique que si la faillite a \u00e9t\u00e9 rendu sur aveu.<\/span><\/span><\/li>\n<\/ul>\n<p><span style=\"font-size:24px\"><span style=\"font-family:Calibri,sans-serif\">Cette seconde chance s\u2019appr\u00e9cie aussi par rapport aux dettes restant dues dans la faillite ou la liquidation judiciaire de l\u2019entreprise aupr\u00e8s de l\u2019Administration de l\u2019enregistrement et des domaines, de l\u2019Administration des contributions, du Centre commun de la s\u00e9curit\u00e9 sociale. Ainsi en dessous des seuils suivants, les dirigeants n\u2019ont pas besoin de trouver un accord avec les cr\u00e9anciers publics pr\u00e9cit\u00e9s\u00a0:<\/span><\/span><\/p>\n<ul>\n<li style=\"text-align:justify\"><span style=\"font-size:24px\"><span style=\"font-family:Calibri,sans-serif\">Concernant la taxe sur la valeur ajout\u00e9e, le seuil est fix\u00e9 \u00e0 1 % des montants nets effectivement vers\u00e9s, pendant les cinq derniers exercices, \u00e0 l\u2019Administration de l\u2019enregistrement, des domaines et de la TVA.<\/span><\/span><\/li>\n<li style=\"text-align:justify\"><span style=\"font-size:24px\"><span style=\"font-family:Calibri,sans-serif\">Concernant les imp\u00f4ts directs, le seuil est fix\u00e9 \u00e0 1 % des montants effectivement vers\u00e9s, pendant les cinq derniers exercices, \u00e0 l\u2019Administration des contributions directes. Le seuil ne s\u2019applique pas aux retenues \u00e0 la source\u00a0;<\/span><\/span><\/li>\n<li style=\"text-align:justify\"><span style=\"font-size:24px\"><span style=\"font-family:Calibri,sans-serif\">Concernant les cotisations sociales, le seuil est fix\u00e9 \u00e0 un montant \u00e9quivalent de quatre mois de cotisations, calcul\u00e9 par le Centre commun de s\u00e9curit\u00e9 sociale sur la base de la moyenne mensuelle des vingt-quatre derniers mois.<\/span><\/span><\/li>\n<\/ul>\n<p><span style=\"font-size:24px\"><span style=\"font-family:Calibri,sans-serif\">Pour b\u00e9n\u00e9ficier de la seconde chance une d\u00e9cision du ministre doit \u00eatre prise par le ministre apr\u00e8s avis consultatif rendu par une commission de la nouvelle chance convoqu\u00e9e \u00e0 l\u2019initiative du ministre pour \u00e9valuer la viabilit\u00e9 de l\u2019activit\u00e9 projet\u00e9e.<\/span><\/span><\/p>\n<p><span style=\"font-size:24px\"><span style=\"font-family:Calibri,sans-serif\"><u>Obligations de notification au Minist\u00e8re de l\u2019\u00e9conomie<\/u>\u00a0:<\/span><\/span><\/p>\n<ul>\n<li style=\"text-align:justify\"><span style=\"font-size:24px\"><span style=\"font-family:Calibri,sans-serif\">Chaque succursale ou point de vente de l\u2019entreprise doit \u00eatre notifi\u00e9 au ministre dans le mois de leur cr\u00e9ation. Si un \u00e9tablissement stable, disposant d\u2019une autorisation d\u2019\u00e9tablissement, est d\u00e9j\u00e0 \u00e9tabli sur le sol luxembourgeois, la cr\u00e9ation d\u2019une succursale ou d\u2019un point de vente ne donne pas lieu \u00e0 l\u2019\u00e9mission d\u2019une autorisation d\u2019\u00e9tablissement suppl\u00e9mentaire.<\/span><\/span><\/li>\n<\/ul>\n<p><span style=\"font-size:24px\"><span style=\"font-family:Calibri,sans-serif\">Il n\u2019est en revanche plus n\u00e9cessaire de notifier les changements relatifs aux donn\u00e9es inscrites au Registre de commerce et des soci\u00e9t\u00e9s comme\u00a0:<\/span><\/span><\/p>\n<ul>\n<li style=\"text-align:justify\"><span style=\"font-size:24px\"><span style=\"font-family:Calibri,sans-serif\">La modification de la d\u00e9nomination sociale<\/span><\/span><\/li>\n<li style=\"text-align:justify\"><span style=\"font-size:24px\"><span style=\"font-family:Calibri,sans-serif\">La modification de la forme juridique<\/span><\/span><\/li>\n<li style=\"text-align:justify\"><span style=\"font-size:24px\"><span style=\"font-family:Calibri,sans-serif\">Le changement du si\u00e8ge social de l\u2019entreprise<\/span><\/span><\/li>\n<\/ul>\n<p><span style=\"font-size:24px\"><span style=\"font-family:Calibri,sans-serif\"><u>Echanges de donn\u00e9es<\/u>\u00a0:<\/span><\/span><\/p>\n<p><span style=\"font-size:24px\"><span style=\"font-family:Calibri,sans-serif\">Il est en effet pr\u00e9vu que le ministre demande au moins une fois par semaine au gestionnaire du Registre de commerce et des soci\u00e9t\u00e9s des informations relatives\u00a0:<\/span><\/span><\/p>\n<ul>\n<li style=\"text-align: justify;\"><span style=\"font-size:24px\"><span style=\"font-family:Calibri,sans-serif\">Au changement ou l\u2019extension \u00e0 apporter \u00e0 l\u2019objet de l\u2019entreprise\u00a0;<\/span><\/span><\/li>\n<li style=\"text-align:justify\"><span style=\"font-size:24px\"><span style=\"font-family:Calibri,sans-serif\">Au changement des mandataires\u00a0;<\/span><\/span><\/li>\n<li style=\"text-align:justify\"><span style=\"font-size:24px\"><span style=\"font-family:Calibri,sans-serif\">\u00c0 la modification de la d\u00e9nomination de l\u2019entreprise\u00a0;<\/span><\/span><\/li>\n<li style=\"text-align:justify\"><span style=\"font-size:24px\"><span style=\"font-family:Calibri,sans-serif\">\u00c0 la modification de la forme juridique de l\u2019entreprise\u00a0;<\/span><\/span><\/li>\n<li style=\"text-align:justify\"><span style=\"font-size:24px\"><span style=\"font-family:Calibri,sans-serif\">Au changement de r\u00e9sidence des dirigeants qui r\u00e9sident \u00e0 l\u2019\u00e9tranger\u00a0;<\/span><\/span><\/li>\n<li style=\"text-align:justify\"><span style=\"font-size:24px\"><span style=\"font-family:Calibri,sans-serif\">Au d\u00e9faut de d\u00e9p\u00f4t des comptes annuels\u00a0;<\/span><\/span><\/li>\n<li style=\"text-align:justify\"><span style=\"font-size:24px\"><span style=\"font-family:Calibri,sans-serif\">\u00c0 la mise en liquidation judiciaire ou volontaire\u00a0;<\/span><\/span><\/li>\n<li style=\"text-align:justify\"><span style=\"font-size:24px\"><span style=\"font-family:Calibri,sans-serif\">Au jugement d\u00e9claratif de faillite\u00a0;<\/span><\/span><\/li>\n<\/ul>\n<p><span style=\"font-size:24px\"><span style=\"font-family:Calibri,sans-serif\">Un \u00e9change de donn\u00e9es avec le Registre des b\u00e9n\u00e9ficiaires effectifs est mis en place.<\/span><\/span><\/p>\n<p><span style=\"font-size:24px\"><span style=\"font-family:Calibri,sans-serif\">De m\u00eame, un \u00e9change de donn\u00e9es est pr\u00e9vu avec l\u2019Administration de l\u2019enregistrement, des domaines et de la TVA ainsi qu\u2019avec l\u2019Administration des contributions directes, avec le Centre commun de s\u00e9curit\u00e9 social et avec le Procureur d\u2019Etat.<\/span><\/span><\/p>\n<p><span style=\"font-size:24px\"><span style=\"font-family:Calibri,sans-serif\"><u>Autorisations provisoires<\/u>\u00a0:<\/span><\/span><\/p>\n<p><span style=\"font-size:24px\"><span style=\"font-family:Calibri,sans-serif\">En cas de d\u00e9part d\u2019un dirigeant il faut d\u00e9sormais que l\u2019entreprise ait eu une autorisation d\u2019\u00e9tablissement pendant au moins 6 mois pour pouvoir obtenir une autorisation provisoire de 6 mois afin d\u2019avoir un d\u00e9lai pour l\u2019engagement d\u2019un nouveau dirigeant.<\/span><\/span><\/p>\n<p><span style=\"font-size:24px\"><span style=\"font-family:Calibri,sans-serif\"><u>Modalit\u00e9s de d\u00e9livrance de l\u2019autorisation\u00a0d\u2019\u00e9tablissement<\/u> :<\/span><\/span><\/p>\n<ul>\n<li style=\"text-align:justify\"><span style=\"font-size:24px\"><span style=\"font-family:Calibri,sans-serif\">L\u2019autorisation d\u2019\u00e9tablissement est d\u00e9sormais d\u00e9livr\u00e9e par transmission en ligne uniquement sur le portail d\u2019\u00e9change d\u00e9di\u00e9 de l\u2019Etat. Elle est consultable en ligne pour le public sur ce m\u00eame portail. <\/span><\/span><\/li>\n<li style=\"text-align:justify\"><span style=\"font-size:24px\"><span style=\"font-family:Calibri,sans-serif\">Un code-barres en deux dimensions doit \u00eatre affich\u00e9 sur le site de l\u2019entreprise et dans chaque point de vente.<\/span><\/span><\/li>\n<\/ul>\n<p><span style=\"font-size:24px\"><span style=\"font-family:Calibri,sans-serif\"><u>Nouvelle liste C pour les activit\u00e9s artisanales<\/u>\u00a0:<\/span><\/span><\/p>\n<p><span style=\"font-size:24px\"><span style=\"font-family:Calibri,sans-serif\">Cette liste C de professions artisanales n\u2019exige pas de qualifications professionnelles pour obtenir une autorisation d\u2019\u00e9tablissement.<\/span><\/span><\/p>\n<p><span style=\"font-size:24px\"><span style=\"font-family:Calibri,sans-serif\">Elle comprend les activit\u00e9s suivantes\u00a0:<\/span><\/span><\/p>\n<ul>\n<li style=\"text-align:justify\"><span style=\"font-size:24px\"><span style=\"font-family:Calibri,sans-serif\">Distillateur-brasseur-malteur<\/span><\/span><\/li>\n<li style=\"text-align:justify\"><span style=\"font-size:24px\"><span style=\"font-family:Calibri,sans-serif\">Producteur-artisan d\u2019aliments<\/span><\/span><\/li>\n<li style=\"text-align:justify\"><span style=\"font-size:24px\"><span style=\"font-family:Calibri,sans-serif\">Retoucheur de v\u00eatements<\/span><\/span><\/li>\n<li style=\"text-align:justify\"><span style=\"font-size:24px\"><span style=\"font-family:Calibri,sans-serif\">Repasseur<\/span><\/span><\/li>\n<li style=\"text-align:justify\"><span style=\"font-size:24px\"><span style=\"font-family:Calibri,sans-serif\">Tatoueur<\/span><\/span><\/li>\n<li style=\"text-align:justify\"><span style=\"font-size:24px\"><span style=\"font-family:Calibri,sans-serif\">Toiletteur pour animaux de compagnie<\/span><\/span><\/li>\n<li style=\"text-align:justify\"><span style=\"font-size:24px\"><span style=\"font-family:Calibri,sans-serif\">Remorqueur<\/span><\/span><\/li>\n<li style=\"text-align:justify\"><span style=\"font-size:24px\"><span style=\"font-family:Calibri,sans-serif\">Nettoyeur manuel de v\u00e9hicules<\/span><\/span><\/li>\n<li style=\"text-align:justify\"><span style=\"font-size:24px\"><span style=\"font-family:Calibri,sans-serif\">Loueur d\u2019ambulances<\/span><\/span><\/li>\n<li style=\"text-align:justify\"><span style=\"font-size:24px\"><span style=\"font-family:Calibri,sans-serif\">Loueurs de taxis et de voitures de location<\/span><\/span><\/li>\n<li style=\"text-align:justify\"><span style=\"font-size:24px\"><span style=\"font-family:Calibri,sans-serif\">Aide-m\u00e9nag\u00e8re<\/span><\/span><\/li>\n<li style=\"text-align:justify\"><span style=\"font-size:24px\"><span style=\"font-family:Calibri,sans-serif\">Agent technique d\u2019immeuble<\/span><\/span><\/li>\n<li style=\"text-align:justify\"><span style=\"font-size:24px\"><span style=\"font-family:Calibri,sans-serif\">Concepteur d\u2019installations des techniques du b\u00e2timent <\/span><\/span><\/li>\n<li style=\"text-align:justify\"><span style=\"font-size:24px\"><span style=\"font-family:Calibri,sans-serif\">Producteur de son<\/span><\/span><\/li>\n<li style=\"text-align:justify\"><span style=\"font-size:24px\"><span style=\"font-family:Calibri,sans-serif\">Exploitant d\u2019un atelier graphique<\/span><\/span><\/li>\n<li style=\"text-align:justify\"><span style=\"font-size:24px\"><span style=\"font-family:Calibri,sans-serif\">Photographe \u2013 cadreur<\/span><\/span><\/li>\n<li style=\"text-align:justify\"><span style=\"font-size:24px\"><span style=\"font-family:Calibri,sans-serif\">Cartonnier<\/span><\/span><\/li>\n<li style=\"text-align:justify\"><span style=\"font-size:24px\"><span style=\"font-family:Calibri,sans-serif\">Accordeur d\u2019instruments de musique<\/span><\/span><\/li>\n<li style=\"text-align:justify\"><span style=\"font-size:24px\"><span style=\"font-family:Calibri,sans-serif\">R\u00e9alisateur de d\u00e9cors de th\u00e9\u00e2tre, de cin\u00e9ma et de t\u00e9l\u00e9vision<\/span><\/span><\/li>\n<li style=\"text-align:justify\"><span style=\"font-size:24px\"><span style=\"font-family:Calibri,sans-serif\">R\u00e9parateur de mat\u00e9riel de communication mobiles<\/span><\/span><\/li>\n<li style=\"text-align:justify\"><span style=\"font-size:24px\"><span style=\"font-family:Calibri,sans-serif\">Peintre laqueur sur bois <\/span><\/span><\/li>\n<li style=\"text-align:justify\"><span style=\"font-size:24px\"><span style=\"font-family:Calibri,sans-serif\">Encadreur<\/span><\/span><\/li>\n<li style=\"text-align:justify\"><span style=\"font-size:24px\"><span style=\"font-family:Calibri,sans-serif\">Sculpteur-tourneur sur bois<\/span><\/span><\/li>\n<li style=\"text-align:justify\"><span style=\"font-size:24px\"><span style=\"font-family:Calibri,sans-serif\">Graveur<\/span><\/span><\/li>\n<li style=\"text-align:justify\"><span style=\"font-size:24px\"><span style=\"font-family:Calibri,sans-serif\">\u00c9tameur<\/span><\/span><\/li>\n<li style=\"text-align:justify\"><span style=\"font-size:24px\"><span style=\"font-family:Calibri,sans-serif\">Fondeur d\u2019art<\/span><\/span><\/li>\n<li style=\"text-align:justify\"><span style=\"font-size:24px\"><span style=\"font-family:Calibri,sans-serif\">Fabriquant d\u2019articles de fausse-bijouterie<\/span><\/span><\/li>\n<li style=\"text-align:justify\"><span style=\"font-size:24px\"><span style=\"font-family:Calibri,sans-serif\">Ferronnier d\u2019art<\/span><\/span><\/li>\n<li style=\"text-align:justify\"><span style=\"font-size:24px\"><span style=\"font-family:Calibri,sans-serif\">Souffleur de verre<\/span><\/span><\/li>\n<li style=\"text-align:justify\"><span style=\"font-size:24px\"><span style=\"font-family:Calibri,sans-serif\">Tailleur-graveur sur verre et cristal<\/span><\/span><\/li>\n<li style=\"text-align:justify\"><span style=\"font-size:24px\"><span style=\"font-family:Calibri,sans-serif\">Potier-c\u00e9ramiste<\/span><\/span><\/li>\n<li style=\"text-align:justify\"><span style=\"font-size:24px\"><span style=\"font-family:Calibri,sans-serif\">\u00c9mailleur<\/span><\/span><\/li>\n<li style=\"text-align:justify\"><span style=\"font-size:24px\"><span style=\"font-family:Calibri,sans-serif\">Vitrier d\u2019art<\/span><\/span><\/li>\n<li style=\"text-align:justify\"><span style=\"font-size:24px\"><span style=\"font-family:Calibri,sans-serif\">Sculpteur de pierres<\/span><\/span><\/li>\n<li style=\"text-align:justify\"><span style=\"font-size:24px\"><span style=\"font-family:Calibri,sans-serif\">Mosa\u00efste<\/span><\/span><\/li>\n<li style=\"text-align:justify\"><span style=\"font-size:24px\"><span style=\"font-family:Calibri,sans-serif\">Tisserand<\/span><\/span><\/li>\n<li style=\"text-align:justify\"><span style=\"font-size:24px\"><span style=\"font-family:Calibri,sans-serif\">Lissier<\/span><\/span><\/li>\n<li style=\"text-align:justify\"><span style=\"font-size:24px\"><span style=\"font-family:Calibri,sans-serif\">Brodeur<\/span><\/span><\/li>\n<li style=\"text-align:justify\"><span style=\"font-size:24px\"><span style=\"font-family:Calibri,sans-serif\">Tricoteur<\/span><\/span><\/li>\n<li style=\"text-align:justify\"><span style=\"font-size:24px\"><span style=\"font-family:Calibri,sans-serif\">Fabriquant de jouets et d\u2019objets de souvenirs<\/span><\/span><\/li>\n<li style=\"text-align:justify\"><span style=\"font-size:24px\"><span style=\"font-family:Calibri,sans-serif\">Constructeur de cadrans solaires<\/span><\/span><\/li>\n<li style=\"text-align:justify\"><span style=\"font-size:24px\"><span style=\"font-family:Calibri,sans-serif\">Cirier<\/span><\/span><\/li>\n<li style=\"text-align:justify\"><span style=\"font-size:24px\"><span style=\"font-family:Calibri,sans-serif\">Rempailleur-vannier<\/span><\/span><\/li>\n<li style=\"text-align:justify\"><span style=\"font-size:24px\"><span style=\"font-family:Calibri,sans-serif\">Fabriquant de fleurs artificielles<\/span><\/span><\/li>\n<li style=\"text-align:justify\"><span style=\"font-size:24px\"><span style=\"font-family:Calibri,sans-serif\">Fabriquant d\u2019ornements d\u2019\u00e9glise<\/span><\/span><\/li>\n<li style=\"text-align:justify\"><span style=\"font-size:24px\"><span style=\"font-family:Calibri,sans-serif\">Relieur d\u2019art<\/span><\/span><\/li>\n<li style=\"text-align:justify\"><span style=\"font-size:24px\"><span style=\"font-family:Calibri,sans-serif\">Designer<\/span><\/span><\/li>\n<\/ul>\n<p><span style=\"font-size:24px\"><span style=\"font-family:Calibri,sans-serif\"><u>Dispositions transitoires<\/u>\u00a0:<\/span><\/span><\/p>\n<p><span style=\"font-size:24px\"><span style=\"font-family:Calibri,sans-serif\">Tout titulaire d\u2019une autorisation d\u2019\u00e9tablissement au moment de l\u2019entr\u00e9e en vigueur de la loi du 26 juillet 2023 dispose d\u2019un d\u00e9lai de 2 ans \u00e0 partir du 1<sup>er<\/sup> septembre 2023 pour se mettre en conformit\u00e9 avec les dispositions des articles 8ter \u00e0 10 de la loi de 2011. Cela concerne notamment les nouvelles autorisations d\u2019\u00e9tablissement d\u2019apporteur d\u2019affaires immobilier, d\u2019exploitant d\u2019un \u00e9tablissement d\u2019h\u00e9bergement et de location de bureaux ou d\u2019espace de travail partag\u00e9, les activit\u00e9s et services commerciaux de biens meubles de grande valeur, l\u2019activit\u00e9 de vente de v\u00e9hicules automoteurs et l\u2019acticit\u00e9 de commerce alimentaire.<\/span><\/span><\/p>\n","protected":false},"excerpt":{"rendered":"<p>Loi du 26 juillet 2023 portant modification de la loi modifi\u00e9e du 2 septembre 2011 relative aux autorisations d&rsquo;\u00e9tablissement Cette nouvelle loi a \u00e9t\u00e9 publi\u00e9e le 28 ao\u00fbt 2023 au Journal Officiel et est entr\u00e9e en vigueur le 1er septembre 2023. Voici donc les principales nouveaut\u00e9s applicables en mati\u00e8re de droit d\u2019\u00e9tablissement. La nouvelle loi [&hellip;]<\/p>\n","protected":false},"author":3,"featured_media":0,"comment_status":"open","ping_status":"closed","sticky":false,"template":"","format":"standard","meta":{"_acf_changed":false,"footnotes":""},"categories":[1],"tags":[],"service_lie":[26],"type_contenu":[21],"class_list":["post-1202","post","type-post","status-publish","format-standard","hentry","category-uncategorized","service_lie-creation-entreprise","type_contenu-actualites"],"acf":[],"_links":{"self":[{"href":"https:\/\/www.omnitrust.lu\/fr\/wp-json\/wp\/v2\/posts\/1202","targetHints":{"allow":["GET"]}}],"collection":[{"href":"https:\/\/www.omnitrust.lu\/fr\/wp-json\/wp\/v2\/posts"}],"about":[{"href":"https:\/\/www.omnitrust.lu\/fr\/wp-json\/wp\/v2\/types\/post"}],"author":[{"embeddable":true,"href":"https:\/\/www.omnitrust.lu\/fr\/wp-json\/wp\/v2\/users\/3"}],"replies":[{"embeddable":true,"href":"https:\/\/www.omnitrust.lu\/fr\/wp-json\/wp\/v2\/comments?post=1202"}],"version-history":[{"count":1,"href":"https:\/\/www.omnitrust.lu\/fr\/wp-json\/wp\/v2\/posts\/1202\/revisions"}],"predecessor-version":[{"id":1289,"href":"https:\/\/www.omnitrust.lu\/fr\/wp-json\/wp\/v2\/posts\/1202\/revisions\/1289"}],"wp:attachment":[{"href":"https:\/\/www.omnitrust.lu\/fr\/wp-json\/wp\/v2\/media?parent=1202"}],"wp:term":[{"taxonomy":"category","embeddable":true,"href":"https:\/\/www.omnitrust.lu\/fr\/wp-json\/wp\/v2\/categories?post=1202"},{"taxonomy":"post_tag","embeddable":true,"href":"https:\/\/www.omnitrust.lu\/fr\/wp-json\/wp\/v2\/tags?post=1202"},{"taxonomy":"service_lie","embeddable":true,"href":"https:\/\/www.omnitrust.lu\/fr\/wp-json\/wp\/v2\/service_lie?post=1202"},{"taxonomy":"type_contenu","embeddable":true,"href":"https:\/\/www.omnitrust.lu\/fr\/wp-json\/wp\/v2\/type_contenu?post=1202"}],"curies":[{"name":"wp","href":"https:\/\/api.w.org\/{rel}","templated":true}]}}