{"id":1217,"date":"2023-03-16T12:19:00","date_gmt":"2023-03-16T12:19:00","guid":{"rendered":"https:\/\/omnitrust.lu\/obligation-de-declaration-pour-les-proprietaires-dun-bien-immobilier-en-france-avant-le-30-juin-2023\/"},"modified":"2026-03-18T14:04:35","modified_gmt":"2026-03-18T14:04:35","slug":"obligation-de-declaration-pour-les-proprietaires-dun-bien-immobilier-en-france-avant-le-30-juin-2023","status":"publish","type":"post","link":"https:\/\/www.omnitrust.lu\/fr\/blog\/obligation-de-declaration-pour-les-proprietaires-dun-bien-immobilier-en-france-avant-le-30-juin-2023\/","title":{"rendered":"Obligation de d\u00e9claration pour les propri\u00e9taires d\u2019un bien immobilier en France avant le 30 juin 2023"},"content":{"rendered":"<p><span style=\"font-family:Arial,Helvetica,sans-serif\"><span style=\"font-size:16px\">Tous les propri\u00e9taires de biens immobiliers \u00e0 usage d\u2019habitation ont jusqu\u2019au 30 juin 2023 pour d\u00e9clarer l\u2019occupation de leurs logements situ\u00e9s en France, sous peine d\u2019amende.<\/span><\/span><\/p>\n<p><span style=\"font-family:Arial,Helvetica,sans-serif\"><span style=\"font-size:16px\">La taxe d\u2019habitation \u00e9tant supprim\u00e9e pour les r\u00e9sidences principales, il s\u2019agit, pour l\u2019administration fiscale fran\u00e7aise, de d\u00e9terminer pr\u00e9cis\u00e9ment les propri\u00e9taires encore redevables de la taxe d\u2019habitation sur les r\u00e9sidences secondaires ou de la taxe sur les logements locatifs et les logements vacants.<\/span><\/span><\/p>\n<p><span style=\"font-size:22px\"><span style=\"font-family:Arial,Helvetica,sans-serif\"><strong>Qui est concern\u00e9 ?<\/strong><\/span><\/span><\/p>\n<p><span style=\"font-size:16px\"><span style=\"font-family:Arial,Helvetica,sans-serif\">Cette obligation d\u00e9clarative concerne tous les propri\u00e9taires, particuliers et entreprises, de biens immobiliers \u00e0 usage d\u2019habitation :<\/span><\/span><\/p>\n<ul>\n<li style=\"text-align:justify\"><span style=\"font-size:16px\"><span style=\"font-family:Arial,Helvetica,sans-serif\">Propri\u00e9taires indivis<\/span><\/span><\/li>\n<li style=\"text-align:justify\"><span style=\"font-size:16px\"><span style=\"font-family:Arial,Helvetica,sans-serif\">Usufruitiers <\/span><\/span><\/li>\n<li style=\"text-align:justify\"><span style=\"font-size:16px\"><span style=\"font-family:Arial,Helvetica,sans-serif\">Soci\u00e9t\u00e9s civiles immobili\u00e8res (SCI)<\/span><\/span><\/li>\n<\/ul>\n<p><span style=\"font-family:Arial,Helvetica,sans-serif\"><span style=\"font-size:22px\"><strong>Comment effectuer la d\u00e9claration de ses biens immobiliers ?<\/strong><\/span><\/span><\/p>\n<p><span style=\"font-size:16px\"><span style=\"font-family:Arial,Helvetica,sans-serif\">La d\u00e9claration est \u00e0 r\u00e9aliser en ligne \u00e0 partir de l\u2019espace personnel ou professionnel sur le site <a href=\"https:\/\/www.impots.gouv.fr\/accueil\" style=\"color:#0563c1; text-decoration:underline\" target=\"_blank\" rel=\"noopener\">www.impots.gouv.fr<\/a> avec son num\u00e9ro fiscal (figurant sur les avis d\u2019imposition) et son mot de passe. Les propri\u00e9taires ne disposant pas d\u2019identifiants de connexion doivent contacter l\u2019administration fran\u00e7aise pour obtenir les acc\u00e8s \u00e0 leurs espaces personnels.<\/span><\/span><\/p>\n<p><span style=\"font-size:16px\"><span style=\"font-family:Arial,Helvetica,sans-serif\">Dans l\u2019onglet \u00ab Biens immobiliers \u00bb, il faut d\u00e9clarer pour chacun des biens\u00a0:<\/span><\/span><\/p>\n<ul>\n<li style=\"text-align:justify\"><span style=\"font-size:16px\"><span style=\"font-family:Arial,Helvetica,sans-serif\">Les modalit\u00e9s de l\u2019occupation\u00a0: r\u00e9sidence principale, r\u00e9sidence secondaire, local lou\u00e9, local occup\u00e9 \u00e0 titre gratuit, local vacant et loyer mensuel (facultatif)<\/span><\/span><\/li>\n<li style=\"text-align:justify\"><span style=\"font-size:16px\"><span style=\"font-family:Arial,Helvetica,sans-serif\">L\u2019identit\u00e9 des occupants (personnes physiques et personnes morales)<\/span><\/span><\/li>\n<li style=\"text-align:justify\"><span style=\"font-size:16px\"><span style=\"font-family:Arial,Helvetica,sans-serif\">Les p\u00e9riodes d\u2019occupation ou de vacances <\/span><\/span><\/li>\n<\/ul>\n<p><span style=\"font-size:16px\"><span style=\"font-family:Arial,Helvetica,sans-serif\">En cas de non-d\u00e9claration, d\u2019erreur, d\u2019omission ou de d\u00e9claration incompl\u00e8te, une amende d\u2019un montant forfaitaire de 150\u20ac par local peut s\u2019appliquer.<\/span><\/span><\/p>\n","protected":false},"excerpt":{"rendered":"<p>Tous les propri\u00e9taires de biens immobiliers \u00e0 usage d\u2019habitation ont jusqu\u2019au 30 juin 2023 pour d\u00e9clarer l\u2019occupation de leurs logements situ\u00e9s en France, sous peine d\u2019amende. La taxe d\u2019habitation \u00e9tant supprim\u00e9e pour les r\u00e9sidences principales, il s\u2019agit, pour l\u2019administration fiscale fran\u00e7aise, de d\u00e9terminer pr\u00e9cis\u00e9ment les propri\u00e9taires encore redevables de la taxe d\u2019habitation sur les r\u00e9sidences [&hellip;]<\/p>\n","protected":false},"author":3,"featured_media":1283,"comment_status":"open","ping_status":"closed","sticky":false,"template":"","format":"standard","meta":{"_acf_changed":false,"footnotes":""},"categories":[1],"tags":[],"service_lie":[38],"type_contenu":[21],"class_list":["post-1217","post","type-post","status-publish","format-standard","has-post-thumbnail","hentry","category-uncategorized","service_lie-fiscalite-tva","type_contenu-actualites"],"acf":[],"_links":{"self":[{"href":"https:\/\/www.omnitrust.lu\/fr\/wp-json\/wp\/v2\/posts\/1217","targetHints":{"allow":["GET"]}}],"collection":[{"href":"https:\/\/www.omnitrust.lu\/fr\/wp-json\/wp\/v2\/posts"}],"about":[{"href":"https:\/\/www.omnitrust.lu\/fr\/wp-json\/wp\/v2\/types\/post"}],"author":[{"embeddable":true,"href":"https:\/\/www.omnitrust.lu\/fr\/wp-json\/wp\/v2\/users\/3"}],"replies":[{"embeddable":true,"href":"https:\/\/www.omnitrust.lu\/fr\/wp-json\/wp\/v2\/comments?post=1217"}],"version-history":[{"count":1,"href":"https:\/\/www.omnitrust.lu\/fr\/wp-json\/wp\/v2\/posts\/1217\/revisions"}],"predecessor-version":[{"id":1303,"href":"https:\/\/www.omnitrust.lu\/fr\/wp-json\/wp\/v2\/posts\/1217\/revisions\/1303"}],"wp:featuredmedia":[{"embeddable":true,"href":"https:\/\/www.omnitrust.lu\/fr\/wp-json\/wp\/v2\/media\/1283"}],"wp:attachment":[{"href":"https:\/\/www.omnitrust.lu\/fr\/wp-json\/wp\/v2\/media?parent=1217"}],"wp:term":[{"taxonomy":"category","embeddable":true,"href":"https:\/\/www.omnitrust.lu\/fr\/wp-json\/wp\/v2\/categories?post=1217"},{"taxonomy":"post_tag","embeddable":true,"href":"https:\/\/www.omnitrust.lu\/fr\/wp-json\/wp\/v2\/tags?post=1217"},{"taxonomy":"service_lie","embeddable":true,"href":"https:\/\/www.omnitrust.lu\/fr\/wp-json\/wp\/v2\/service_lie?post=1217"},{"taxonomy":"type_contenu","embeddable":true,"href":"https:\/\/www.omnitrust.lu\/fr\/wp-json\/wp\/v2\/type_contenu?post=1217"}],"curies":[{"name":"wp","href":"https:\/\/api.w.org\/{rel}","templated":true}]}}