{"id":1223,"date":"2022-10-20T12:19:00","date_gmt":"2022-10-20T12:19:00","guid":{"rendered":"https:\/\/omnitrust.lu\/simplification-des-demarches-fiscales\/"},"modified":"2026-03-18T12:51:20","modified_gmt":"2026-03-18T12:51:20","slug":"simplification-des-demarches-fiscales","status":"publish","type":"post","link":"https:\/\/www.omnitrust.lu\/fr\/blog\/simplification-des-demarches-fiscales\/","title":{"rendered":"Simplification des d\u00e9marches fiscales"},"content":{"rendered":"<h2>T\u00e9l\u00e9travail des frontaliers fran\u00e7ais,<br \/>\nprojet de simplification des d\u00e9marches fiscales<\/br><\/h2>\n<h3><strong>Le \u00ab\u00a0Projet de loi de finances pour 2023\u00a0\u00bb d\u00e9pos\u00e9 \u00e0 l\u2019Assembl\u00e9e Nationale vise \u00e0 simplifier la mise en \u0153uvre du m\u00e9canisme du pr\u00e9l\u00e8vement \u00e0 la source (PAS) par les employeurs \u00e9trangers qui emploient des salari\u00e9s fiscalement domicili\u00e9s en France et y exer\u00e7ant ponctuellement leur activit\u00e9, notamment en cas de t\u00e9l\u00e9travail.<\/strong><\/h3>\n<h3><span style=\"color:#ff5800\"><strong>Les employeurs \u00e9trangers seront tenus de transmettre annuellement et non plus mensuellement le montant de la r\u00e9mun\u00e9ration imposable en France \u00e0 l\u2019administration fran\u00e7aise.<\/strong><\/span><\/h3>\n<p>Le l\u00e9gislateur fran\u00e7ais a consid\u00e9r\u00e9 que pour les salari\u00e9s qui r\u00e9sident en France sans y exercer une activit\u00e9 substantielle et qui ne sont pas \u00e0 la charge d\u2019un r\u00e9gime obligatoire de s\u00e9curit\u00e9 sociale fran\u00e7ais, le respect des obligations fiscales pour une fraction d\u2019activit\u00e9 de leur salari\u00e9 exerc\u00e9e en France constitue un obstacle administratif, notamment dans le contexte du d\u00e9veloppement du travail \u00e0 distance.<\/br><\/p>\n<p>Pour rappel, les revenus tir\u00e9s d\u2019une activit\u00e9 salari\u00e9e exerc\u00e9e en France, m\u00eame en situation de t\u00e9l\u00e9travail pour le compte d\u2019un employeur \u00e9tranger, en l\u2019occurrence luxembourgeois, sont des revenus de source fran\u00e7aise imposables en France. Si les contribuables concern\u00e9s r\u00e9sident fiscalement en France, ces revenus doivent \u00eatre soumis, lors de leur versement, \u00e0 la retenue \u00e0 la source (RAS), que l\u2019employeur soit situ\u00e9 en France ou \u00e0 l\u2019\u00e9tranger, en application de la l\u00e9gislation en vigueur. Les employeurs, y compris s\u2019ils sont situ\u00e9s \u00e0 l\u2019\u00e9tranger, sont alors tenus de d\u00e9terminer mensuellement le montant du salaire de source fran\u00e7aise imposable en France selon les r\u00e8gles fran\u00e7aises, de le soumettre \u00e0 la RAS et de reverser cette derni\u00e8re \u00e0 la France en respectant le cadre et le canal d\u00e9claratifs fran\u00e7ais.<\/p>\n<p>Le projet de loi devrait modifier le mode de recouvrement de l\u2019imp\u00f4t sur le revenu relatif aux revenus vers\u00e9s par un employeur \u00e9tranger au titre d\u2019une activit\u00e9 exerc\u00e9e en France par un salari\u00e9 qui n\u2019est pas \u00e0 la charge d\u2019un r\u00e9gime g\u00e9n\u00e9ral de s\u00e9curit\u00e9 sociale fran\u00e7ais, en substituant \u00e0 la RAS le r\u00e9gime de l\u2019acompte du PAS. Selon ce dispositif, l\u2019administration fiscale fran\u00e7aise pr\u00e9l\u00e8vera sur le compte bancaire du contribuable un montant d\u00e9termin\u00e9 en fonction de ses derniers revenus connus de l\u2019administration. Pour cela, l\u2019employeur \u00e9tranger devra d\u00e9sormais transmettre annuellement \u00e0 l\u2019administration fran\u00e7aise le montant de la r\u00e9mun\u00e9ration imposable en France d\u00e9termin\u00e9e selon les r\u00e8gles fiscales fran\u00e7aises.<\/p>\n<p>S\u2019il est promulgu\u00e9 en l\u2019\u00e9tat, ce projet de loi rentrera en vigueur le 1<sup>er<\/sup>\u00a0janvier 2023.<\/p>\n<p><a href=\"https:\/\/www.assemblee-nationale.fr\/dyn\/16\/textes\/l16b0273_projet-loi#_Toc115111274\" target=\"_blank\" rel=\"noopener\"><u>Projet de loi de finances n\u00ba 273 pour 2023<\/u><\/a><\/p>\n","protected":false},"excerpt":{"rendered":"<p>T\u00e9l\u00e9travail des frontaliers fran\u00e7ais, projet de simplification des d\u00e9marches fiscales Le \u00ab\u00a0Projet de loi de finances pour 2023\u00a0\u00bb d\u00e9pos\u00e9 \u00e0 l\u2019Assembl\u00e9e Nationale vise \u00e0 simplifier la mise en \u0153uvre du m\u00e9canisme du pr\u00e9l\u00e8vement \u00e0 la source (PAS) par les employeurs \u00e9trangers qui emploient des salari\u00e9s fiscalement domicili\u00e9s en France et y exer\u00e7ant ponctuellement leur activit\u00e9, [&hellip;]<\/p>\n","protected":false},"author":3,"featured_media":1274,"comment_status":"open","ping_status":"closed","sticky":false,"template":"","format":"standard","meta":{"_acf_changed":false,"footnotes":""},"categories":[1],"tags":[],"service_lie":[38],"type_contenu":[21],"class_list":["post-1223","post","type-post","status-publish","format-standard","has-post-thumbnail","hentry","category-uncategorized","service_lie-fiscalite-tva","type_contenu-actualites"],"acf":[],"_links":{"self":[{"href":"https:\/\/www.omnitrust.lu\/fr\/wp-json\/wp\/v2\/posts\/1223","targetHints":{"allow":["GET"]}}],"collection":[{"href":"https:\/\/www.omnitrust.lu\/fr\/wp-json\/wp\/v2\/posts"}],"about":[{"href":"https:\/\/www.omnitrust.lu\/fr\/wp-json\/wp\/v2\/types\/post"}],"author":[{"embeddable":true,"href":"https:\/\/www.omnitrust.lu\/fr\/wp-json\/wp\/v2\/users\/3"}],"replies":[{"embeddable":true,"href":"https:\/\/www.omnitrust.lu\/fr\/wp-json\/wp\/v2\/comments?post=1223"}],"version-history":[{"count":1,"href":"https:\/\/www.omnitrust.lu\/fr\/wp-json\/wp\/v2\/posts\/1223\/revisions"}],"predecessor-version":[{"id":1275,"href":"https:\/\/www.omnitrust.lu\/fr\/wp-json\/wp\/v2\/posts\/1223\/revisions\/1275"}],"wp:featuredmedia":[{"embeddable":true,"href":"https:\/\/www.omnitrust.lu\/fr\/wp-json\/wp\/v2\/media\/1274"}],"wp:attachment":[{"href":"https:\/\/www.omnitrust.lu\/fr\/wp-json\/wp\/v2\/media?parent=1223"}],"wp:term":[{"taxonomy":"category","embeddable":true,"href":"https:\/\/www.omnitrust.lu\/fr\/wp-json\/wp\/v2\/categories?post=1223"},{"taxonomy":"post_tag","embeddable":true,"href":"https:\/\/www.omnitrust.lu\/fr\/wp-json\/wp\/v2\/tags?post=1223"},{"taxonomy":"service_lie","embeddable":true,"href":"https:\/\/www.omnitrust.lu\/fr\/wp-json\/wp\/v2\/service_lie?post=1223"},{"taxonomy":"type_contenu","embeddable":true,"href":"https:\/\/www.omnitrust.lu\/fr\/wp-json\/wp\/v2\/type_contenu?post=1223"}],"curies":[{"name":"wp","href":"https:\/\/api.w.org\/{rel}","templated":true}]}}