{"id":1225,"date":"2022-09-29T12:19:00","date_gmt":"2022-09-29T12:19:00","guid":{"rendered":"https:\/\/omnitrust.lu\/entreprises-baisse-temporaire-des-taux-de-tva\/"},"modified":"2026-03-18T12:48:21","modified_gmt":"2026-03-18T12:48:21","slug":"entreprises-baisse-temporaire-des-taux-de-tva","status":"publish","type":"post","link":"https:\/\/www.omnitrust.lu\/fr\/blog\/entreprises-baisse-temporaire-des-taux-de-tva\/","title":{"rendered":"Entreprises &#8211; Baisse temporaire des taux de TVA"},"content":{"rendered":"<p>Le gouvernement luxembourgeois a trouv\u00e9 un accord avec la tripartite (gouvernement, patronat et syndicats) sur un \u00ab\u00a0paquet anti-inflation\u00a0\u00bb afin de lutter contre l\u2019inflation. On sait maintenant que la baisse de la TVA rentrera en vigueur le 1<sup>er<\/sup>\u00a0janvier 2023. La dur\u00e9e exacte de cette mesure temporaire n\u2019est pas encore connue.<\/p>\n<h2><strong>Les d\u00e9fis pour les entreprises :<br \/>\nle juste timing et la r\u00e9versibilit\u00e9 du processus<\/br><\/strong><\/h2>\n<p>A partir du 1<sup>er<\/sup>\u00a0janvier 2023, les soci\u00e9t\u00e9s devront :<\/p>\n<ul>\n<li>Avoir adapt\u00e9 leurs syst\u00e8mes comptables afin d\u2019appliquer les taux de TVA corrects<\/li>\n<li>Avoir revu leurs contrats et accords<\/li>\n<li>Avoir une proc\u00e9dure de v\u00e9rification des factures fournisseurs dans le cadre du m\u00e9canisme d&rsquo;autoliquidation<\/li>\n<li>\u00catre capables de prendre en compte les nouveaux taux pour les d\u00e9clarations de TVA<\/li>\n<li>Utiliser les nouveaux formulaires annonc\u00e9s par l&rsquo;eCDF<\/li>\n<\/ul>\n<p>Il faudra donc \u00eatre vigilant et n\u2019appliquer les nouveaux taux de TVA qu\u2019\u00e0 partir du 1<sup>er<\/sup>\u00a0janvier 2023 sous peine de devoir reverser 1% \u00e0 l&rsquo;administration. Bien entendu, compte tenu de la nature temporaire de cette baisse, le d\u00e9fi sera d\u2019\u00eatre capable de proc\u00e9der au m\u00eame exercice en sens inverse au moment de l\u2019arr\u00eat des mesures.<\/p>\n<h4><strong>Taux normal de TVA de 16 % (au lieu de 17 %)<\/strong><\/h4>\n<ul>\n<li>Pour tous les biens et services n\u2019\u00e9tant pas soumis \u00e0 un autre taux de TVA inf\u00e9rieur<\/li>\n<\/ul>\n<ul>\n<li>Vins titrant moins de 13\u00b0 d&rsquo;alcool<\/li>\n<li>Combustibles min\u00e9raux solides, huiles et bois combustibles<\/li>\n<li>Produits de lessive et de nettoyage<\/li>\n<li>Imprim\u00e9s publicitaires, catalogues commerciaux, publications touristiques<\/li>\n<li>Garde et gestion de titres, gestion de cr\u00e9dits et de garanties de cr\u00e9dits par une personne ou un organisme autre que ceux ayant accord\u00e9 les cr\u00e9dits, etc.<\/li>\n<\/ul>\n<ul>\n<li>Gaz de chauffage, \u00e9nergie \u00e9lectrique, chaleur par r\u00e9seau de chauffage<\/li>\n<li>Plantes<\/li>\n<li>Coiffeurs, r\u00e9paration de bicyclettes ou d&rsquo;articles de cuir, retouches de v\u00eatements, nettoyage et lavage de vitres de logements priv\u00e9s, etc.<\/li>\n<\/ul>\n<ul>\n<li>Nouvelles installations photovolta\u00efques (application du super taux \u00e0 partir du 01.01.2023)<\/li>\n<li>Produits alimentaire, livres, journaux, v\u00eatements pour enfants<\/li>\n<li>Distribution d&rsquo;eau<\/li>\n<li>Produits pharmaceutiques et th\u00e9rapeutiques<\/li>\n<li>Services de restauration et d\u2019h\u00e9bergement<\/li>\n<li>Transport de personnes<\/li>\n<li>Acc\u00e8s aux cin\u00e9mas, spectacles, conf\u00e9rences, mus\u00e9es, zoos, cirques, installations sportives&#8230;<\/li>\n<li>Enl\u00e8vement des ordures m\u00e9nag\u00e8res, traitement des d\u00e9chets<\/li>\n<li>\u00c9vacuation et \u00e9puration des eaux us\u00e9es, vidange des fosses septiques<\/li>\n<li>Services de pompes fun\u00e8bres et de cr\u00e9mation, etc.<\/li>\n<\/ul>\n","protected":false},"excerpt":{"rendered":"<p>Le gouvernement luxembourgeois a trouv\u00e9 un accord avec la tripartite (gouvernement, patronat et syndicats) sur un \u00ab\u00a0paquet anti-inflation\u00a0\u00bb afin de lutter contre l\u2019inflation. On sait maintenant que la baisse de la TVA rentrera en vigueur le 1er\u00a0janvier 2023. La dur\u00e9e exacte de cette mesure temporaire n\u2019est pas encore connue. Les d\u00e9fis pour les entreprises : [&hellip;]<\/p>\n","protected":false},"author":3,"featured_media":1269,"comment_status":"open","ping_status":"closed","sticky":false,"template":"","format":"standard","meta":{"_acf_changed":false,"footnotes":""},"categories":[1],"tags":[],"service_lie":[38],"type_contenu":[21],"class_list":["post-1225","post","type-post","status-publish","format-standard","has-post-thumbnail","hentry","category-uncategorized","service_lie-fiscalite-tva","type_contenu-actualites"],"acf":[],"_links":{"self":[{"href":"https:\/\/www.omnitrust.lu\/fr\/wp-json\/wp\/v2\/posts\/1225","targetHints":{"allow":["GET"]}}],"collection":[{"href":"https:\/\/www.omnitrust.lu\/fr\/wp-json\/wp\/v2\/posts"}],"about":[{"href":"https:\/\/www.omnitrust.lu\/fr\/wp-json\/wp\/v2\/types\/post"}],"author":[{"embeddable":true,"href":"https:\/\/www.omnitrust.lu\/fr\/wp-json\/wp\/v2\/users\/3"}],"replies":[{"embeddable":true,"href":"https:\/\/www.omnitrust.lu\/fr\/wp-json\/wp\/v2\/comments?post=1225"}],"version-history":[{"count":1,"href":"https:\/\/www.omnitrust.lu\/fr\/wp-json\/wp\/v2\/posts\/1225\/revisions"}],"predecessor-version":[{"id":1271,"href":"https:\/\/www.omnitrust.lu\/fr\/wp-json\/wp\/v2\/posts\/1225\/revisions\/1271"}],"wp:featuredmedia":[{"embeddable":true,"href":"https:\/\/www.omnitrust.lu\/fr\/wp-json\/wp\/v2\/media\/1269"}],"wp:attachment":[{"href":"https:\/\/www.omnitrust.lu\/fr\/wp-json\/wp\/v2\/media?parent=1225"}],"wp:term":[{"taxonomy":"category","embeddable":true,"href":"https:\/\/www.omnitrust.lu\/fr\/wp-json\/wp\/v2\/categories?post=1225"},{"taxonomy":"post_tag","embeddable":true,"href":"https:\/\/www.omnitrust.lu\/fr\/wp-json\/wp\/v2\/tags?post=1225"},{"taxonomy":"service_lie","embeddable":true,"href":"https:\/\/www.omnitrust.lu\/fr\/wp-json\/wp\/v2\/service_lie?post=1225"},{"taxonomy":"type_contenu","embeddable":true,"href":"https:\/\/www.omnitrust.lu\/fr\/wp-json\/wp\/v2\/type_contenu?post=1225"}],"curies":[{"name":"wp","href":"https:\/\/api.w.org\/{rel}","templated":true}]}}