{"id":1229,"date":"2022-08-29T12:19:00","date_gmt":"2022-08-29T12:19:00","guid":{"rendered":"https:\/\/omnitrust.lu\/teletravail-des-belges\/"},"modified":"2026-03-18T12:41:49","modified_gmt":"2026-03-18T12:41:49","slug":"teletravail-des-belges","status":"publish","type":"post","link":"https:\/\/www.omnitrust.lu\/fr\/blog\/teletravail-des-belges\/","title":{"rendered":"T\u00e9l\u00e9travail des Belges"},"content":{"rendered":"<h4><span style=\"color:#ff5800\"><span style=\"font-size:20px\">Prudence pour les belges \u2013\u00a0<\/span><\/span><span style=\"color:#ff5800\"><span style=\"font-size:20px\">24 jours maximum pour l\u2019instant et non 34 !<\/span><\/span><\/h4>\n<h4>En juillet, nous vous informions dans notre newsletter que le Ministre de la S\u00e9curit\u00e9 sociale avait annonc\u00e9 la mise en place d\u2019une p\u00e9riode transitoire de 6 mois (du 1<sup>er<\/sup> juillet au 31 d\u00e9cembre 2022) concernant le t\u00e9l\u00e9travail en mati\u00e8re d&rsquo;affiliation \u00e0 la s\u00e9curit\u00e9 sociale des travailleurs frontaliers.<\/h4>\n<p>Nous avions \u00e9galement soulign\u00e9 que cette tol\u00e9rance administrative en mati\u00e8re de s\u00e9curit\u00e9 sociale ne dispense pas les frontaliers de respecter les jours de tol\u00e9rance en mati\u00e8re fiscale sous peine de se voir impos\u00e9s dans leur pays de r\u00e9sidence.\u00a0<\/p>\n<p>Contrairement \u00e0 ce que nous avions laiss\u00e9 entendre,\u00a0<strong>le seuil de 34 jours de tol\u00e9rance fiscale pour les r\u00e9sidents belges<\/strong>,\u00a0vot\u00e9 en mai par les d\u00e9put\u00e9s luxembourgeois,\u00a0<strong>n\u2019a toujours pas \u00e9t\u00e9 adopt\u00e9 par les autorit\u00e9s belges.\u00a0<\/strong><\/p>\n<p>Les jours de t\u00e9l\u00e9travail prest\u00e9s depuis le domicile belge ne devraient donc pas d\u00e9passer 24 jours tant que l\u2019augmentation du seuil de tol\u00e9rance n\u2019a pas \u00e9t\u00e9 officialis\u00e9e par le Parlement belge, ce qui devrait normalement \u00eatre le cas \u00e0 l\u2019automne selon le ministre des finances belge, Vincent Van Peteghem.\u00a0<strong>Nous vous invitons \u00e0 la prudence :<\/strong>\u00a0une d\u00e9claration, m\u00eame d\u2019un ministre f\u00e9d\u00e9ral n\u2019est pas une loi. Le moindre d\u00e9passement du seuil de tol\u00e9rance aurait comme cons\u00e9quence l\u2019imposition des revenus en Belgique.<\/br><\/br><\/p>\n","protected":false},"excerpt":{"rendered":"<p>Prudence pour les belges \u2013\u00a024 jours maximum pour l\u2019instant et non 34 ! En juillet, nous vous informions dans notre newsletter que le Ministre de la S\u00e9curit\u00e9 sociale avait annonc\u00e9 la mise en place d\u2019une p\u00e9riode transitoire de 6 mois (du 1er juillet au 31 d\u00e9cembre 2022) concernant le t\u00e9l\u00e9travail en mati\u00e8re d&rsquo;affiliation \u00e0 la [&hellip;]<\/p>\n","protected":false},"author":3,"featured_media":1260,"comment_status":"open","ping_status":"closed","sticky":false,"template":"","format":"standard","meta":{"_acf_changed":false,"footnotes":""},"categories":[1],"tags":[],"service_lie":[29],"type_contenu":[21],"class_list":["post-1229","post","type-post","status-publish","format-standard","has-post-thumbnail","hentry","category-uncategorized","service_lie-rh_payroll","type_contenu-actualites"],"acf":[],"_links":{"self":[{"href":"https:\/\/www.omnitrust.lu\/fr\/wp-json\/wp\/v2\/posts\/1229","targetHints":{"allow":["GET"]}}],"collection":[{"href":"https:\/\/www.omnitrust.lu\/fr\/wp-json\/wp\/v2\/posts"}],"about":[{"href":"https:\/\/www.omnitrust.lu\/fr\/wp-json\/wp\/v2\/types\/post"}],"author":[{"embeddable":true,"href":"https:\/\/www.omnitrust.lu\/fr\/wp-json\/wp\/v2\/users\/3"}],"replies":[{"embeddable":true,"href":"https:\/\/www.omnitrust.lu\/fr\/wp-json\/wp\/v2\/comments?post=1229"}],"version-history":[{"count":1,"href":"https:\/\/www.omnitrust.lu\/fr\/wp-json\/wp\/v2\/posts\/1229\/revisions"}],"predecessor-version":[{"id":1261,"href":"https:\/\/www.omnitrust.lu\/fr\/wp-json\/wp\/v2\/posts\/1229\/revisions\/1261"}],"wp:featuredmedia":[{"embeddable":true,"href":"https:\/\/www.omnitrust.lu\/fr\/wp-json\/wp\/v2\/media\/1260"}],"wp:attachment":[{"href":"https:\/\/www.omnitrust.lu\/fr\/wp-json\/wp\/v2\/media?parent=1229"}],"wp:term":[{"taxonomy":"category","embeddable":true,"href":"https:\/\/www.omnitrust.lu\/fr\/wp-json\/wp\/v2\/categories?post=1229"},{"taxonomy":"post_tag","embeddable":true,"href":"https:\/\/www.omnitrust.lu\/fr\/wp-json\/wp\/v2\/tags?post=1229"},{"taxonomy":"service_lie","embeddable":true,"href":"https:\/\/www.omnitrust.lu\/fr\/wp-json\/wp\/v2\/service_lie?post=1229"},{"taxonomy":"type_contenu","embeddable":true,"href":"https:\/\/www.omnitrust.lu\/fr\/wp-json\/wp\/v2\/type_contenu?post=1229"}],"curies":[{"name":"wp","href":"https:\/\/api.w.org\/{rel}","templated":true}]}}