{"id":5070,"date":"2026-01-07T14:40:00","date_gmt":"2026-01-07T12:40:00","guid":{"rendered":"https:\/\/omnitrust.lu\/?p=5070"},"modified":"2026-04-23T14:41:03","modified_gmt":"2026-04-23T12:41:03","slug":"preparer-legalite-salariale-au-luxembourg-comment-anticiper-sereinement-la-directive-europeenne-sur-la-transparence-salariale","status":"publish","type":"post","link":"https:\/\/www.omnitrust.lu\/fr\/blog\/preparer-legalite-salariale-au-luxembourg-comment-anticiper-sereinement-la-directive-europeenne-sur-la-transparence-salariale\/","title":{"rendered":"Pr\u00e9parer l\u2019\u00e9galit\u00e9 salariale au Luxembourg : comment anticiper sereinement la directive europ\u00e9enne sur la transparence salariale ?"},"content":{"rendered":"\n<h2 class=\"wp-block-heading\"><strong>1.<\/strong>&nbsp; &nbsp;&nbsp;<strong>Un sujet d\u2019avenir pour les RH au Luxembourg<\/strong><\/h2>\n\n\n\n<p>La directive europ\u00e9enne sur la&nbsp;<strong>transparence salariale<\/strong>, qui sera appliqu\u00e9e progressivement \u00e0 partir de&nbsp;<strong>2027<\/strong>, marque une \u00e9volution importante pour les entreprises au&nbsp;<strong>Luxembourg<\/strong>.<br>Son objectif ?&nbsp;<strong>Favoriser l\u2019\u00e9galit\u00e9 salariale entre les femmes et les hommes<\/strong>&nbsp;en rendant les politiques de r\u00e9mun\u00e9ration plus claires, justes et compr\u00e9hensibles.<\/p>\n\n\n\n<p>Mais loin d\u2019\u00eatre une source d\u2019inqui\u00e9tude, cette directive est surtout&nbsp;<strong>une opportunit\u00e9<\/strong>&nbsp;: celle de structurer ses pratiques RH, renforcer la confiance interne et valoriser son image employeur.<\/p>\n\n\n\n<h2 class=\"wp-block-heading\"><strong>2.<\/strong>&nbsp; &nbsp;&nbsp;<strong>Pourquoi anticiper la transparence salariale ?<\/strong><\/h2>\n\n\n\n<p>Bien que le&nbsp;<strong>salaire horaire moyen<\/strong>&nbsp;au Luxembourg semble \u00e9quilibr\u00e9 (\u00e9cart de -0,9 %), d&rsquo;autres indicateurs r\u00e9v\u00e8lent encore des disparit\u00e9s :<\/p>\n\n\n\n<ul class=\"wp-block-list\">\n<li>Salaire annuel effectif :\u00a0<strong>\u00e9cart de 13,9 %<\/strong><\/li>\n\n\n\n<li>Bonus annuels :\u00a0<strong>\u00e9cart de 32 %<\/strong><\/li>\n\n\n\n<li>Temps partiel :\u00a0<strong>36 % des femmes vs 7,8 % des hommes<\/strong><\/li>\n<\/ul>\n\n\n\n<p>Ces \u00e9carts peuvent s&rsquo;expliquer, mais ils doivent \u00eatre compris, mesur\u00e9s, et justifi\u00e9s. C\u2019est exactement ce que permet la d\u00e9marche de&nbsp;<strong>transparence salariale<\/strong>.<\/p>\n\n\n\n<h2 class=\"wp-block-heading\"><strong>3.<\/strong>&nbsp; &nbsp;&nbsp;<strong>&nbsp;\u00c0 partir de quand les entreprises sont-elles concern\u00e9es ?<\/strong><\/h2>\n\n\n\n<figure class=\"wp-block-image size-full is-resized\"><img fetchpriority=\"high\" decoding=\"async\" width=\"938\" height=\"617\" src=\"https:\/\/omnitrust.lu\/wp-content\/uploads\/2026\/04\/image.png\" alt=\"\" class=\"wp-image-5072\" style=\"aspect-ratio:1.5202803016806223;width:590px;height:auto\" srcset=\"https:\/\/www.omnitrust.lu\/wp-content\/uploads\/2026\/04\/image.png 938w, https:\/\/www.omnitrust.lu\/wp-content\/uploads\/2026\/04\/image-300x197.png 300w, https:\/\/www.omnitrust.lu\/wp-content\/uploads\/2026\/04\/image-768x505.png 768w, https:\/\/www.omnitrust.lu\/wp-content\/uploads\/2026\/04\/image-18x12.png 18w\" sizes=\"(max-width: 938px) 100vw, 938px\" \/><\/figure>\n\n\n\n<p><strong>M\u00eame sans obligation imm\u00e9diate, se pr\u00e9parer en amont permet de progresser \u00e0 son rythme.<\/strong><\/p>\n\n\n\n<h2 class=\"wp-block-heading\"><strong>4.<\/strong>&nbsp; &nbsp;&nbsp;<strong>Ce que la directive propose concr\u00e8tement<\/strong><\/h2>\n\n\n\n<p><strong>\u00c0 l\u2019embauche<\/strong><\/p>\n\n\n\n<ul class=\"wp-block-list\">\n<li>Annoncer clairement les\u00a0<strong>fourchettes salariales<\/strong><\/li>\n\n\n\n<li>Ne plus demander l\u2019ancien salaire<\/li>\n<\/ul>\n\n\n\n<p><strong>En interne<\/strong><\/p>\n\n\n\n<ul class=\"wp-block-list\">\n<li>Donner aux salari\u00e9s un\u00a0<strong>droit d\u2019acc\u00e8s aux donn\u00e9es<\/strong>\u00a0salariales comparables<\/li>\n\n\n\n<li>Publier des donn\u00e9es agr\u00e9g\u00e9es : \u00e9carts de r\u00e9mun\u00e9ration, bonus, r\u00e9partition par quartiles, etc.<\/li>\n<\/ul>\n\n\n\n<p><strong>Si un \u00e9cart injustifi\u00e9 &gt; 5 % est d\u00e9tect\u00e9<\/strong><\/p>\n\n\n\n<ul class=\"wp-block-list\">\n<li>R\u00e9aliser une\u00a0<strong>\u00e9valuation conjointe<\/strong><\/li>\n\n\n\n<li>Lancer un\u00a0<strong>plan d\u2019am\u00e9lioration<\/strong><\/li>\n\n\n\n<li>Et pouvoir expliquer, en toute transparence, les pratiques en place<\/li>\n<\/ul>\n\n\n\n<h2 class=\"wp-block-heading\"><strong>5.<\/strong>&nbsp; &nbsp;&nbsp;<strong>Comment commencer \u00e0 se pr\u00e9parer d\u00e8s 2026 ?<\/strong><\/h2>\n\n\n\n<p>Voici une feuille de route simple pour initier une d\u00e9marche RH sereine :<\/p>\n\n\n\n<ol class=\"wp-block-list\">\n<li><strong>Faire un \u00e9tat des lieux<\/strong>\u00a0des pratiques salariales<\/li>\n\n\n\n<li><strong>Cartographier les postes<\/strong>\u00a0avec des crit\u00e8res objectifs<\/li>\n\n\n\n<li><strong>D\u00e9finir une politique de r\u00e9mun\u00e9ration<\/strong>\u00a0claire, \u00e9quitable et coh\u00e9rente<\/li>\n\n\n\n<li><strong>Auditer les \u00e9carts<\/strong>\u00a0(internes ou avec un cabinet externe)<\/li>\n\n\n\n<li><strong>Former les \u00e9quipes RH et les managers<\/strong><\/li>\n\n\n\n<li><strong>Adapter les outils RH<\/strong>\u00a0(Officient, SIRH, grilles internes)<\/li>\n\n\n\n<li><strong>Informer et impliquer les salari\u00e9s<\/strong>\u00a0avec transparence<\/li>\n<\/ol>\n\n\n\n<p><strong>Objectif<\/strong>&nbsp;: construire une base solide pour r\u00e9pondre aux futures exigences, en douceur, sans stress ni pr\u00e9cipitation.<\/p>\n\n\n\n<h2 class=\"wp-block-heading\"><strong>6.<\/strong>&nbsp; &nbsp;&nbsp;<strong>&nbsp;Une opportunit\u00e9 plus qu\u2019une contrainte<\/strong><\/h2>\n\n\n\n<p>Se pr\u00e9parer maintenant, c\u2019est :<\/p>\n\n\n\n<ul class=\"wp-block-list\">\n<li>Renforcer la\u00a0<strong>coh\u00e9rence interne<\/strong>\u00a0et la\u00a0<strong>clart\u00e9 des promotions<\/strong><\/li>\n\n\n\n<li>Cr\u00e9er une\u00a0<strong>culture d\u2019\u00e9quit\u00e9<\/strong>\u00a0attractive pour les talents<\/li>\n\n\n\n<li>Mieux ma\u00eetriser les\u00a0<strong>futurs rapports obligatoires<\/strong><\/li>\n\n\n\n<li>Favoriser un climat de\u00a0<strong>confiance durable<\/strong>\u00a0entre RH, direction et collaborateurs<\/li>\n<\/ul>\n\n\n\n<h2 class=\"wp-block-heading\"><strong>Conclusion : une transformation progressive et positive<\/strong><\/h2>\n\n\n\n<p>La directive europ\u00e9enne n\u2019impose pas un bouleversement imm\u00e9diat. Elle invite les entreprises luxembourgeoises \u00e0&nbsp;<strong>entamer une d\u00e9marche progressive<\/strong>, structur\u00e9e et constructive.<\/p>\n\n\n\n<p><strong>Agir maintenant<\/strong>, c\u2019est se donner le temps d\u2019analyser, de comprendre et d\u2019am\u00e9liorer ses pratiques, \u00e0 son rythme.<br>Les entreprises qui commencent d\u00e8s aujourd\u2019hui seront pr\u00eates demain,&nbsp;<strong>sereinement, efficacement, et avec fiert\u00e9<\/strong>.<\/p>\n","protected":false},"excerpt":{"rendered":"<p>1.&nbsp; &nbsp;&nbsp;Un sujet d\u2019avenir pour les RH au Luxembourg La directive europ\u00e9enne sur la&nbsp;transparence salariale, qui sera appliqu\u00e9e progressivement \u00e0 partir de&nbsp;2027, marque une \u00e9volution importante pour les entreprises au&nbsp;Luxembourg.Son objectif ?&nbsp;Favoriser l\u2019\u00e9galit\u00e9 salariale entre les femmes et les hommes&nbsp;en rendant les politiques de r\u00e9mun\u00e9ration plus claires, justes et compr\u00e9hensibles. Mais loin d\u2019\u00eatre une source [&hellip;]<\/p>\n","protected":false},"author":3,"featured_media":5071,"comment_status":"open","ping_status":"closed","sticky":false,"template":"","format":"standard","meta":{"_acf_changed":false,"footnotes":""},"categories":[1],"tags":[],"service_lie":[29],"type_contenu":[],"class_list":["post-5070","post","type-post","status-publish","format-standard","has-post-thumbnail","hentry","category-uncategorized","service_lie-rh_payroll"],"acf":[],"_links":{"self":[{"href":"https:\/\/www.omnitrust.lu\/fr\/wp-json\/wp\/v2\/posts\/5070","targetHints":{"allow":["GET"]}}],"collection":[{"href":"https:\/\/www.omnitrust.lu\/fr\/wp-json\/wp\/v2\/posts"}],"about":[{"href":"https:\/\/www.omnitrust.lu\/fr\/wp-json\/wp\/v2\/types\/post"}],"author":[{"embeddable":true,"href":"https:\/\/www.omnitrust.lu\/fr\/wp-json\/wp\/v2\/users\/3"}],"replies":[{"embeddable":true,"href":"https:\/\/www.omnitrust.lu\/fr\/wp-json\/wp\/v2\/comments?post=5070"}],"version-history":[{"count":1,"href":"https:\/\/www.omnitrust.lu\/fr\/wp-json\/wp\/v2\/posts\/5070\/revisions"}],"predecessor-version":[{"id":5073,"href":"https:\/\/www.omnitrust.lu\/fr\/wp-json\/wp\/v2\/posts\/5070\/revisions\/5073"}],"wp:featuredmedia":[{"embeddable":true,"href":"https:\/\/www.omnitrust.lu\/fr\/wp-json\/wp\/v2\/media\/5071"}],"wp:attachment":[{"href":"https:\/\/www.omnitrust.lu\/fr\/wp-json\/wp\/v2\/media?parent=5070"}],"wp:term":[{"taxonomy":"category","embeddable":true,"href":"https:\/\/www.omnitrust.lu\/fr\/wp-json\/wp\/v2\/categories?post=5070"},{"taxonomy":"post_tag","embeddable":true,"href":"https:\/\/www.omnitrust.lu\/fr\/wp-json\/wp\/v2\/tags?post=5070"},{"taxonomy":"service_lie","embeddable":true,"href":"https:\/\/www.omnitrust.lu\/fr\/wp-json\/wp\/v2\/service_lie?post=5070"},{"taxonomy":"type_contenu","embeddable":true,"href":"https:\/\/www.omnitrust.lu\/fr\/wp-json\/wp\/v2\/type_contenu?post=5070"}],"curies":[{"name":"wp","href":"https:\/\/api.w.org\/{rel}","templated":true}]}}